{"id":780592,"date":"2026-01-10T09:15:16","date_gmt":"2026-01-10T08:15:16","guid":{"rendered":"https:\/\/www.hashtag.al\/?p=780592"},"modified":"2026-01-10T09:15:16","modified_gmt":"2026-01-10T08:15:16","slug":"opera-kombetare-e-uashingtonit-largohet-nga-qendra-kennedy-pas-ndryshimeve-te-imponuara-nga-trump","status":"publish","type":"post","link":"https:\/\/www.hashtag.al\/index.php\/2026\/01\/10\/opera-kombetare-e-uashingtonit-largohet-nga-qendra-kennedy-pas-ndryshimeve-te-imponuara-nga-trump\/","title":{"rendered":"Opera Komb\u00ebtare e Uashingtonit largohet nga Qendra Kennedy pas ndryshimeve t\u00eb imponuara nga Trump","gt_translate_keys":[{"key":"rendered","format":"text"}]},"content":{"rendered":"<p>&nbsp;<\/p>\n<p><span style=\"color: #000000;\"><img loading=\"lazy\" decoding=\"async\" class=\"alignnone size-full wp-image-780593\" src=\"https:\/\/www.hashtag.al\/wp-content\/uploads\/2026\/01\/Screenshot-2026-01-09-232318.png\" alt=\"\" width=\"1177\" height=\"701\" srcset=\"https:\/\/www.hashtag.al\/wp-content\/uploads\/2026\/01\/Screenshot-2026-01-09-232318.png 1177w, https:\/\/www.hashtag.al\/wp-content\/uploads\/2026\/01\/Screenshot-2026-01-09-232318-300x179.png 300w, https:\/\/www.hashtag.al\/wp-content\/uploads\/2026\/01\/Screenshot-2026-01-09-232318-1024x610.png 1024w, https:\/\/www.hashtag.al\/wp-content\/uploads\/2026\/01\/Screenshot-2026-01-09-232318-768x457.png 768w\" sizes=\"auto, (max-width: 1177px) 100vw, 1177px\" \/><\/span><\/p>\n<p><span style=\"color: #000000;\">Opera Komb\u00ebtare e Uashingtonit ka njoftuar largimin nga Qendra Kennedy, duke nd\u00ebrprer\u00eb nj\u00eb bashk\u00ebpunim shum\u00ebvje\u00e7ar dhe duke sh\u00ebnuar nj\u00eb tjet\u00ebr largim t\u00eb profilit t\u00eb lart\u00eb nga institucioni q\u00eb prej marrjes s\u00eb kontrollit nga Presidenti Donald Trump.<\/span><\/p>\n<p><span style=\"color: #000000;\">N\u00eb nj\u00eb deklarat\u00eb t\u00eb premten, opera b\u00ebri t\u00eb ditur se do t\u00eb k\u00ebrkoj\u00eb t\u2019i jap\u00eb fund afilimit me Qendr\u00ebn Kennedy p\u00ebrmes nj\u00eb \u201ctranzicioni miq\u00ebsor\u201d, duke u rikthyer n\u00eb funksionim t\u00eb pavarur, p\u00ebrcjell <span style=\"color: #0000ff;\"><a style=\"color: #0000ff;\" href=\"https:\/\/apnews.com\/article\/kennedy-center-washington-national-opera-c5778f687340ace8c3c04c2983e9f88f\">AP.<\/a><\/span><\/span><\/p>\n<p><span style=\"color: #000000;\">Ajo argumentoi se ky vendim vjen si pasoj\u00eb e kufizimeve financiare t\u00eb vendosura pasi Trump shkarkoi bordin drejtues dhe em\u00ebroi aleat\u00ebt e tij n\u00eb krye t\u00eb institucionit.<\/span><\/p>\n<p><span style=\"color: #000000;\">Si pjes\u00eb e ndryshimeve, opera do t\u00eb shkurtoj\u00eb sezonin pranveror dhe do t\u00eb zhvendos\u00eb shfaqjet n\u00eb ambiente t\u00eb tjera, n\u00eb m\u00ebnyr\u00eb q\u00eb t\u00eb ruhet stabiliteti financiar dhe t\u00eb sigurohet nj\u00eb buxhet i balancuar.<\/span><\/p>\n<p><span style=\"color: #000000;\">N\u00eb deklarat\u00eb nuk p\u00ebrmendet drejtp\u00ebrdrejt Presidenti Trump apo vendimi i bordit t\u00eb ri p\u00ebr t\u2019i shtuar emrin e tij Qendr\u00ebs Kennedy. Megjithat\u00eb, nd\u00ebrsa Kongresi e njeh ende zyrtarisht si <em>John F. Kennedy Center for the Performing Arts<\/em>, nd\u00ebrtesa dhe faqja zyrtare tashm\u00eb e paraqesin me emrin <em>Trump Kennedy Center<\/em>.<\/span><\/p>\n<p><span style=\"color: #000000;\">Ric Grenell, bashk\u00ebpun\u00ebtor i ngusht\u00eb i Trump dhe drejtor i p\u00ebrkohsh\u00ebm ekzekutiv i Qendr\u00ebs, tha se institucioni ka investuar miliona dollar\u00eb p\u00ebr t\u00eb mb\u00ebshtetur Oper\u00ebn Komb\u00ebtare t\u00eb Uashingtonit, por ajo ka vazhduar t\u00eb funksionoj\u00eb me deficit.<\/span><\/p>\n<p><span style=\"color: #000000;\">Sipas tij, ndarja do t\u2019i jap\u00eb Qendr\u00ebs m\u00eb shum\u00eb hap\u00ebsir\u00eb dhe fonde p\u00ebr t\u00eb sjell\u00eb produksione operistike nga SHBA-ja dhe nga vende t\u00eb tjera t\u00eb bot\u00ebs.<\/span><\/p>\n<p><span style=\"color: #000000;\">Nga ana tjet\u00ebr, nj\u00eb s\u00ebr\u00eb artist\u00ebsh t\u00eb njohur, p\u00ebrfshir\u00eb krijuesin e \u201cHamilton\u201d, Lin-Manuel Miranda, dhe muzikantin Peter Wolf, kan\u00eb anuluar eventet e tyre n\u00eb Qendr\u00ebn Kennedy q\u00eb prej shkarkimit t\u00eb drejtuesve t\u00eb m\u00ebparsh\u00ebm dhe marrjes s\u00eb kontrollit nga Trump. Ri-em\u00ebrtimi i nd\u00ebrtes\u00ebs n\u00eb dhjetor ka sjell\u00eb edhe m\u00eb shum\u00eb anulime.<\/span><\/p>\n<p><span style=\"color: #000000;\">Zyrtar\u00eb t\u00eb oper\u00ebs b\u00ebn\u00eb t\u00eb ditur se modeli i ri financiar i Qendr\u00ebs k\u00ebrkon q\u00eb \u00e7do prodhim t\u00eb financohet plot\u00ebsisht paraprakisht, \u00e7ka sipas tyre \u00ebsht\u00eb e pap\u00ebrputhshme me funksionimin normal t\u00eb nj\u00eb kompanie operistike.<\/span><\/p>\n<p><span style=\"color: #000000;\">Shitjet e biletave mbulojn\u00eb vet\u00ebm nj\u00eb pjes\u00eb t\u00eb kostove t\u00eb prodhimeve, nd\u00ebrsa grantet dhe donacionet sigurohen zakonisht af\u00ebr datave t\u00eb premierave dhe jo disa vite m\u00eb her\u00ebt. Po ashtu, modeli i ri nuk lejon mb\u00ebshtetjen e veprave m\u00eb pak fitimprur\u00ebse me t\u00eb ardhurat e veprave t\u00eb njohura.<\/span><\/p>\n<p><span style=\"color: #000000;\">Francesca Zambello, drejtoresha artistike e Oper\u00ebs Komb\u00ebtare t\u00eb Uashingtonit p\u00ebr 14 vitet e fundit, tha se ishte krenare p\u00ebr lidhjen me nj\u00eb institucion t\u00eb r\u00ebnd\u00ebsish\u00ebm amerikan dhe se do t\u00eb vazhdoj\u00eb t\u00eb ofroj\u00eb nj\u00eb repertor t\u00eb gjer\u00eb artistik, \u201cnga klasik\u00ebt monumental\u00eb te veprat bashk\u00ebkohore\u201d.<\/span><\/p>\n<p><span style=\"color: #000000;\">Nd\u00ebrkoh\u00eb, t\u00eb premten n\u00eb mbr\u00ebmje, produksionet \u201cTreemonisha\u201d, \u201cThe Crucible\u201d dhe \u201cWest Side Story\u201d vazhdonin t\u00eb figuronin ende n\u00eb faqen zyrtare t\u00eb Qendr\u00ebs Kennedy.<\/span><\/p>\n","protected":false,"gt_translate_keys":[{"key":"rendered","format":"html"}]},"excerpt":{"rendered":"<p>&nbsp; Opera Komb\u00ebtare e Uashingtonit ka njoftuar largimin nga Qendra Kennedy, duke nd\u00ebrprer\u00eb nj\u00eb bashk\u00ebpunim shum\u00ebvje\u00e7ar dhe duke sh\u00ebnuar nj\u00eb tjet\u00ebr largim t\u00eb profilit t\u00eb lart\u00eb nga institucioni q\u00eb prej marrjes s\u00eb kontrollit nga Presidenti Donald Trump. N\u00eb nj\u00eb deklarat\u00eb t\u00eb premten, opera b\u00ebri t\u00eb ditur se do t\u00eb k\u00ebrkoj\u00eb t\u2019i jap\u00eb fund afilimit me [&hellip;]<\/p>\n","protected":false,"gt_translate_keys":[{"key":"rendered","format":"html"}]},"author":32,"featured_media":780593,"comment_status":"closed","ping_status":"open","sticky":false,"template":"","format":"standard","meta":{"footnotes":""},"categories":[6],"tags":[],"class_list":["post-780592","post","type-post","status-publish","format-standard","has-post-thumbnail","hentry","category-nderkombetare"],"gt_translate_keys":[{"key":"link","format":"url"}],"_links":{"self":[{"href":"https:\/\/www.hashtag.al\/index.php\/wp-json\/wp\/v2\/posts\/780592","targetHints":{"allow":["GET"]}}],"collection":[{"href":"https:\/\/www.hashtag.al\/index.php\/wp-json\/wp\/v2\/posts"}],"about":[{"href":"https:\/\/www.hashtag.al\/index.php\/wp-json\/wp\/v2\/types\/post"}],"author":[{"embeddable":true,"href":"https:\/\/www.hashtag.al\/index.php\/wp-json\/wp\/v2\/users\/32"}],"replies":[{"embeddable":true,"href":"https:\/\/www.hashtag.al\/index.php\/wp-json\/wp\/v2\/comments?post=780592"}],"version-history":[{"count":99999,"href":"https:\/\/www.hashtag.al\/index.php\/wp-json\/wp\/v2\/posts\/780592\/revisions"}],"predecessor-version":[{"id":780594,"href":"https:\/\/www.hashtag.al\/index.php\/wp-json\/wp\/v2\/posts\/780592\/revisions\/780594"}],"wp:featuredmedia":[{"embeddable":true,"href":"https:\/\/www.hashtag.al\/index.php\/wp-json\/wp\/v2\/media\/780593"}],"wp:attachment":[{"href":"https:\/\/www.hashtag.al\/index.php\/wp-json\/wp\/v2\/media?parent=780592"}],"wp:term":[{"taxonomy":"category","embeddable":true,"href":"https:\/\/www.hashtag.al\/index.php\/wp-json\/wp\/v2\/categories?post=780592"},{"taxonomy":"post_tag","embeddable":true,"href":"https:\/\/www.hashtag.al\/index.php\/wp-json\/wp\/v2\/tags?post=780592"}],"curies":[{"name":"wp","href":"https:\/\/api.w.org\/{rel}","templated":true}]}}