{"id":780589,"date":"2026-01-10T08:52:19","date_gmt":"2026-01-10T07:52:19","guid":{"rendered":"https:\/\/www.hashtag.al\/?p=780589"},"modified":"2026-01-10T08:52:19","modified_gmt":"2026-01-10T07:52:19","slug":"udheheqesit-evropiane-e-denojne-vrasjen-e-protestuesve-ne-iran","status":"publish","type":"post","link":"https:\/\/www.hashtag.al\/index.php\/2026\/01\/10\/udheheqesit-evropiane-e-denojne-vrasjen-e-protestuesve-ne-iran\/","title":{"rendered":"Udh\u00ebheq\u00ebsit evropian\u00eb e d\u00ebnojn\u00eb vrasjen e protestuesve n\u00eb Iran","gt_translate_keys":[{"key":"rendered","format":"text"}]},"content":{"rendered":"<p><span style=\"color: #000000;\"><img loading=\"lazy\" decoding=\"async\" class=\"alignnone size-full wp-image-780590\" src=\"https:\/\/www.hashtag.al\/wp-content\/uploads\/2026\/01\/Screenshot-2026-01-09-231140.png\" alt=\"\" width=\"1181\" height=\"607\" srcset=\"https:\/\/www.hashtag.al\/wp-content\/uploads\/2026\/01\/Screenshot-2026-01-09-231140.png 1181w, https:\/\/www.hashtag.al\/wp-content\/uploads\/2026\/01\/Screenshot-2026-01-09-231140-300x154.png 300w, https:\/\/www.hashtag.al\/wp-content\/uploads\/2026\/01\/Screenshot-2026-01-09-231140-1024x526.png 1024w, https:\/\/www.hashtag.al\/wp-content\/uploads\/2026\/01\/Screenshot-2026-01-09-231140-768x395.png 768w\" sizes=\"auto, (max-width: 1181px) 100vw, 1181px\" \/><\/span><\/p>\n<p><span style=\"color: #000000;\">Udh\u00ebheq\u00ebsit e Britanis\u00eb s\u00eb Madhe, Gjermanis\u00eb dhe Franc\u00ebs e kan\u00eb d\u00ebnuar vrasjen e protestuesve n\u00eb Iran dhe i kan\u00eb b\u00ebr\u00eb thirrje Teheranit t\u00eb \u201cp\u00ebrmbahet\u201d, pas shtypjes brutale t\u00eb demonstratave kund\u00ebr pushtetit klerikal.<\/span><\/p>\n<p><span style=\"color: #000000;\">Thuhet se t\u00eb pakt\u00ebn 51 njer\u00ebz jan\u00eb vrar\u00eb dhe mbi 2.000 t\u00eb tjer\u00eb jan\u00eb arrestuar gjat\u00eb n\u00eb dy jav\u00ebt e fundit, t\u00eb cilat fillimisht u nxit\u00ebn nga zem\u00ebrimi p\u00ebr gjendjen e r\u00ebnduar t\u00eb ekonomis\u00eb s\u00eb vendit.<\/span><\/p>\n<p><span style=\"color: #000000;\">Udh\u00ebheq\u00ebsit iranian\u00eb e kan\u00eb nd\u00ebrprer\u00eb gjithashtu qasjen n\u00eb internet dhe thirrjet telefonike nd\u00ebrkomb\u00ebtare si p\u00ebrgjigje ndaj protestave.<\/span><\/p>\n<p><span style=\"color: #000000;\">N\u00eb nj\u00eb deklarat\u00eb t\u00eb p\u00ebrbashk\u00ebt, kryeministri britanik Keir Starmer, kancelari gjerman Friedrich Merz dhe presidenti francez Emmanuel Macron than\u00eb se jan\u00eb \u201cthell\u00ebsisht t\u00eb shqet\u00ebsuar p\u00ebr raportimet mbi dhun\u00ebn nga forcat e siguris\u00eb iraniane\u201d dhe d\u00ebnuan \u201cfuqish\u00ebm\u201d vrasjen e protestuesve.<\/span><\/p>\n<p><span style=\"color: #000000;\">Udh\u00ebheq\u00ebsit shtuan: \u201c<em>Autoritetet iraniane e kan\u00eb p\u00ebrgjegj\u00ebsi ta mbrojn\u00eb popullsin\u00eb e tyre dhe duhet t\u00eb lejojn\u00eb lirin\u00eb e shprehjes dhe tubimin paq\u00ebsor pa frik\u00eb nga nd\u00ebshkimi\u201d.<\/em><\/span><\/p>\n<p><em><span style=\"color: #000000;\">\u201cNe u b\u00ebjm\u00eb thirrje autoriteteve iraniane t\u00eb tregojn\u00eb p\u00ebrmbajtje, t\u00eb p\u00ebrmbahen nga dhuna dhe t\u00eb respektojn\u00eb t\u00eb drejtat themelore t\u00eb qytetar\u00ebve t\u00eb Iranit\u201d.<\/span><\/em><\/p>\n<p><span style=\"color: #000000;\">Protestat n\u00eb Iran filluan m\u00eb 28 dhjetor dhe jan\u00eb shnd\u00ebrruar n\u00eb sfid\u00ebn m\u00eb t\u00eb r\u00ebnd\u00ebsishme ndaj pushtetit prej disa vitesh.<\/span><\/p>\n<p><span style=\"color: #000000;\">Veprimet kan\u00eb p\u00ebrfshir\u00eb edhe thirrje n\u00eb mb\u00ebshtetje t\u00eb udh\u00ebheq\u00ebsit t\u00eb Iranit para revolucionit, shahut, djali i t\u00eb cilit, Reza Pahlavi, ka b\u00ebr\u00eb thirrje p\u00ebr protesta t\u00eb m\u00ebtejshme.<\/span><\/p>\n<p><span style=\"color: #000000;\">Demonstratat kan\u00eb rinovuar gjithashtu p\u00ebrballjen midis Iranit dhe SHBA-s\u00eb, pasi presidenti Donald Trump q\u00eb paralajm\u00ebroi se Teherani do t\u00eb \u201cpaguaj\u00eb shtrenjt\u00eb\u201d n\u00ebse autoritetet vrasin protestues.\/<span style=\"color: #0000ff;\"><a style=\"color: #0000ff;\" href=\"https:\/\/www.evropaelire.org\/a\/lideret-evropian-denojne-vrasje-iran-protesta\/33644271.html\">REL<\/a><\/span><\/span><\/p>\n","protected":false,"gt_translate_keys":[{"key":"rendered","format":"html"}]},"excerpt":{"rendered":"<p>Udh\u00ebheq\u00ebsit e Britanis\u00eb s\u00eb Madhe, Gjermanis\u00eb dhe Franc\u00ebs e kan\u00eb d\u00ebnuar vrasjen e protestuesve n\u00eb Iran dhe i kan\u00eb b\u00ebr\u00eb thirrje Teheranit t\u00eb \u201cp\u00ebrmbahet\u201d, pas shtypjes brutale t\u00eb demonstratave kund\u00ebr pushtetit klerikal. Thuhet se t\u00eb pakt\u00ebn 51 njer\u00ebz jan\u00eb vrar\u00eb dhe mbi 2.000 t\u00eb tjer\u00eb jan\u00eb arrestuar gjat\u00eb n\u00eb dy jav\u00ebt e fundit, t\u00eb cilat [&hellip;]<\/p>\n","protected":false,"gt_translate_keys":[{"key":"rendered","format":"html"}]},"author":32,"featured_media":780590,"comment_status":"closed","ping_status":"open","sticky":false,"template":"","format":"standard","meta":{"footnotes":""},"categories":[6],"tags":[],"class_list":["post-780589","post","type-post","status-publish","format-standard","has-post-thumbnail","hentry","category-nderkombetare"],"gt_translate_keys":[{"key":"link","format":"url"}],"_links":{"self":[{"href":"https:\/\/www.hashtag.al\/index.php\/wp-json\/wp\/v2\/posts\/780589","targetHints":{"allow":["GET"]}}],"collection":[{"href":"https:\/\/www.hashtag.al\/index.php\/wp-json\/wp\/v2\/posts"}],"about":[{"href":"https:\/\/www.hashtag.al\/index.php\/wp-json\/wp\/v2\/types\/post"}],"author":[{"embeddable":true,"href":"https:\/\/www.hashtag.al\/index.php\/wp-json\/wp\/v2\/users\/32"}],"replies":[{"embeddable":true,"href":"https:\/\/www.hashtag.al\/index.php\/wp-json\/wp\/v2\/comments?post=780589"}],"version-history":[{"count":99999,"href":"https:\/\/www.hashtag.al\/index.php\/wp-json\/wp\/v2\/posts\/780589\/revisions"}],"predecessor-version":[{"id":780591,"href":"https:\/\/www.hashtag.al\/index.php\/wp-json\/wp\/v2\/posts\/780589\/revisions\/780591"}],"wp:featuredmedia":[{"embeddable":true,"href":"https:\/\/www.hashtag.al\/index.php\/wp-json\/wp\/v2\/media\/780590"}],"wp:attachment":[{"href":"https:\/\/www.hashtag.al\/index.php\/wp-json\/wp\/v2\/media?parent=780589"}],"wp:term":[{"taxonomy":"category","embeddable":true,"href":"https:\/\/www.hashtag.al\/index.php\/wp-json\/wp\/v2\/categories?post=780589"},{"taxonomy":"post_tag","embeddable":true,"href":"https:\/\/www.hashtag.al\/index.php\/wp-json\/wp\/v2\/tags?post=780589"}],"curies":[{"name":"wp","href":"https:\/\/api.w.org\/{rel}","templated":true}]}}