{"id":780579,"date":"2026-01-09T23:34:07","date_gmt":"2026-01-09T22:34:07","guid":{"rendered":"https:\/\/www.hashtag.al\/?p=780579"},"modified":"2026-01-09T23:34:07","modified_gmt":"2026-01-09T22:34:07","slug":"separatistet-e-jemenit-po-ndahen-duke-pasqyruar-carjen-mes-sauditeve-dhe-emirateve-arabe","status":"publish","type":"post","link":"https:\/\/www.hashtag.al\/index.php\/2026\/01\/09\/separatistet-e-jemenit-po-ndahen-duke-pasqyruar-carjen-mes-sauditeve-dhe-emirateve-arabe\/","title":{"rendered":"Separatist\u00ebt e Jemenit po ndahen, duke pasqyruar \u00e7arjen mes Saudit\u00ebve dhe Emirateve Arabe","gt_translate_keys":[{"key":"rendered","format":"text"}]},"content":{"rendered":"<p><img loading=\"lazy\" decoding=\"async\" class=\"aligncenter size-full wp-image-780580\" src=\"https:\/\/www.hashtag.al\/wp-content\/uploads\/2026\/01\/CRJ2WKRJUBM5NKDJLV3ONIF5UQ.jpg\" alt=\"\" width=\"960\" height=\"640\" srcset=\"https:\/\/www.hashtag.al\/wp-content\/uploads\/2026\/01\/CRJ2WKRJUBM5NKDJLV3ONIF5UQ.jpg 960w, https:\/\/www.hashtag.al\/wp-content\/uploads\/2026\/01\/CRJ2WKRJUBM5NKDJLV3ONIF5UQ-300x200.jpg 300w, https:\/\/www.hashtag.al\/wp-content\/uploads\/2026\/01\/CRJ2WKRJUBM5NKDJLV3ONIF5UQ-768x512.jpg 768w\" sizes=\"auto, (max-width: 960px) 100vw, 960px\" \/><\/p>\n<p><span style=\"color: #000000;\">Grupi kryesor separatist i Jemenit u shfaq i ndar\u00eb t\u00eb premten, nd\u00ebrsa disa an\u00ebtar\u00eb njoftuan shp\u00ebrb\u00ebrjen e tij, duke reflektuar nj\u00eb armiq\u00ebsi mes fuqive t\u00eb Gjirit, Arabis\u00eb Saudite dhe Emirateve t\u00eb Bashkuara Arabe, e cila doli hapur pas nj\u00eb p\u00ebrparimi t\u00eb separatist\u00ebve muajin e kaluar.<\/span><\/p>\n<p><span style=\"color: #000000;\">Luft\u00ebtar\u00ebt e mb\u00ebshtetur nga Arabia Saudite kan\u00eb rimarr\u00eb kryesisht zonat n\u00eb jug dhe lindje t\u00eb Jemenit q\u00eb u pushtuan nga K\u00ebshilli Tranzitor Jugor (STC) i mb\u00ebshtetur nga Emiratet Arabe n\u00eb dhjetor, dhe nj\u00eb delegacion i STC-s\u00eb ka udh\u00ebtuar drejt kryeqytetit saudit, Rijad, p\u00ebr bisedime.<\/span><\/p>\n<p><span style=\"color: #000000;\">Megjithat\u00eb, udh\u00ebheq\u00ebsi i STC-s\u00eb, Aidarous al-Zubaidi, u largua nga Jemeni t\u00eb m\u00ebrkur\u00ebn n\u00eb vend q\u00eb t&#8217;i bashkohej bisedimeve. Koalicioni i udh\u00ebhequr nga Saudit\u00ebt n\u00eb Jemen deklaroi se EBA kishte ndihmuar n\u00eb largimin e tij t\u00eb fsheht\u00eb me nj\u00eb fluturim q\u00eb u gjurmua deri n\u00eb nj\u00eb aeroport ushtarak n\u00eb Abu Dabi.<\/span><\/p>\n<p><span style=\"color: #000000;\">Nj\u00eb nga an\u00ebtar\u00ebt q\u00eb udh\u00ebtoi n\u00eb Rijad p\u00ebr bisedimet tha n\u00eb nj\u00eb deklarat\u00eb t\u00eb transmetuar n\u00eb median shtet\u00ebrore saudite t\u00eb premten se grupi kishte vendosur t\u00eb shp\u00ebrb\u00ebhej.<\/span><\/p>\n<p><img loading=\"lazy\" decoding=\"async\" class=\"aligncenter size-full wp-image-780581\" src=\"https:\/\/www.hashtag.al\/wp-content\/uploads\/2026\/01\/IHRUCDYPHRI6RALMZXXQ46P6FY.jpg\" alt=\"\" width=\"960\" height=\"640\" srcset=\"https:\/\/www.hashtag.al\/wp-content\/uploads\/2026\/01\/IHRUCDYPHRI6RALMZXXQ46P6FY.jpg 960w, https:\/\/www.hashtag.al\/wp-content\/uploads\/2026\/01\/IHRUCDYPHRI6RALMZXXQ46P6FY-300x200.jpg 300w, https:\/\/www.hashtag.al\/wp-content\/uploads\/2026\/01\/IHRUCDYPHRI6RALMZXXQ46P6FY-768x512.jpg 768w\" sizes=\"auto, (max-width: 960px) 100vw, 960px\" \/><\/p>\n<p><span style=\"color: #000000;\">Por, STC thot\u00eb se nuk ka pasur asnj\u00eb komunikim me delegacionin q\u00eb nisi bisedimet n\u00ebn sponsorizimin saudit. Nj\u00eb z\u00ebdh\u00ebn\u00ebs i af\u00ebrt me Zubaidin, i cili nuk udh\u00ebtoi p\u00ebr n\u00eb Rijad, tha se \u00e7do vendim p\u00ebr fatin e grupit mund t\u00eb merret vet\u00ebm nga i gjith\u00eb k\u00ebshilli, duke p\u00ebrfshir\u00eb udh\u00ebheq\u00ebsin e tij. Ai shtoi se nj\u00eb vendim i till\u00eb do t\u00eb merrej vet\u00ebm pasi delegacioni n\u00eb Rijad &#8220;t\u00eb lirohej&#8221;.<\/span><\/p>\n<p><span style=\"color: #000000;\">Ministri i Mbrojtjes i Arabis\u00eb Saudite, Khalid bin Salman, e p\u00ebrsh\u00ebndeti vendimin si &#8220;t\u00eb guximsh\u00ebm&#8221;. Ai tha se do mbahej nj\u00eb konferenc\u00eb n\u00eb Arabin\u00eb Saudite p\u00ebr t\u00eb diskutuar \u00e7\u00ebshtjet e Jemenit t\u00eb Jugut me t\u00eb gjitha grupet e ftuara.<\/span><\/p>\n<p><span style=\"color: #000000;\">Arabia Saudite dhe Emiratet Arabe m\u00eb par\u00eb kishin punuar s\u00eb bashku n\u00eb nj\u00eb koalicion q\u00eb luftonte Houthit e mb\u00ebshtetur nga Irani n\u00eb luft\u00ebn civile t\u00eb Jemenit, nj\u00eb konflikt q\u00eb shkaktoi nj\u00eb nga krizat m\u00eb t\u00eb r\u00ebnda humanitare n\u00eb bot\u00eb.<\/span><\/p>\n<p><img loading=\"lazy\" decoding=\"async\" class=\"aligncenter size-full wp-image-780582\" src=\"https:\/\/www.hashtag.al\/wp-content\/uploads\/2026\/01\/VRQ6PDKTT5NIXOEZ3T4WPCD6FA.jpg\" alt=\"\" width=\"960\" height=\"671\" srcset=\"https:\/\/www.hashtag.al\/wp-content\/uploads\/2026\/01\/VRQ6PDKTT5NIXOEZ3T4WPCD6FA.jpg 960w, https:\/\/www.hashtag.al\/wp-content\/uploads\/2026\/01\/VRQ6PDKTT5NIXOEZ3T4WPCD6FA-300x210.jpg 300w, https:\/\/www.hashtag.al\/wp-content\/uploads\/2026\/01\/VRQ6PDKTT5NIXOEZ3T4WPCD6FA-768x537.jpg 768w, https:\/\/www.hashtag.al\/wp-content\/uploads\/2026\/01\/VRQ6PDKTT5NIXOEZ3T4WPCD6FA-360x252.jpg 360w\" sizes=\"auto, (max-width: 960px) 100vw, 960px\" \/><\/p>\n<p><span style=\"color: #000000;\">Por, dy vendet m\u00eb t\u00eb fuqishme t\u00eb Gjirit kan\u00eb pasur mosmarr\u00ebveshje t\u00eb mprehta p\u00ebr \u00e7\u00ebshtje q\u00eb variojn\u00eb nga gjeopolitika deri te prodhimi i naft\u00ebs. Rivaliteti i tyre u ekspozua kur STC p\u00ebrparoi deri n\u00eb af\u00ebrsi t\u00eb kufirit t\u00eb Jemenit me Arabin\u00eb Saudite, gj\u00eb t\u00eb cil\u00ebn Rijadi e deklaroi si k\u00ebrc\u00ebnim p\u00ebr sigurin\u00eb e tij komb\u00ebtare.<\/span><\/p>\n<p><span style=\"color: #000000;\">T\u00eb premten, STC b\u00ebri thirrje p\u00ebr protesta masive n\u00eb qytetet jugore Aden dhe Mukalla, duke u k\u00ebrkuar mb\u00ebshtet\u00ebsve t\u00eb mblidhen t\u00eb shtun\u00ebn n\u00eb nj\u00eb shfaqje &#8220;lojaliteti dhe q\u00ebndrueshm\u00ebrie&#8221; mes kriz\u00ebs politike.<\/span><\/p>\n<p><span style=\"color: #000000;\">Autoritetet n\u00eb Aden, t\u00eb rreshtuara me qeverin\u00eb e Jemenit t\u00eb mb\u00ebshtetur nga Saudit\u00ebt, m\u00eb von\u00eb urdh\u00ebruan ndalimin e demonstratave n\u00eb qytetin jugor, duke cituar shqet\u00ebsimet e siguris\u00eb, sipas nj\u00eb direktive zyrtare t\u00eb par\u00eb nga <span style=\"color: #0000ff;\"><a style=\"color: #0000ff;\" href=\"https:\/\/www.reuters.com\/world\/middle-east\/yemens-southern-separatists-have-disbanded-delegate-talks-saudia-arabia-says-2026-01-09\/\">Reuters<\/a><\/span>.<\/span><\/p>\n","protected":false,"gt_translate_keys":[{"key":"rendered","format":"html"}]},"excerpt":{"rendered":"<p>Grupi kryesor separatist i Jemenit u shfaq i ndar\u00eb t\u00eb premten, nd\u00ebrsa disa an\u00ebtar\u00eb njoftuan shp\u00ebrb\u00ebrjen e tij, duke reflektuar nj\u00eb armiq\u00ebsi mes fuqive t\u00eb Gjirit, Arabis\u00eb Saudite dhe Emirateve t\u00eb Bashkuara Arabe, e cila doli hapur pas nj\u00eb p\u00ebrparimi t\u00eb separatist\u00ebve muajin e kaluar. Luft\u00ebtar\u00ebt e mb\u00ebshtetur nga Arabia Saudite kan\u00eb rimarr\u00eb kryesisht zonat [&hellip;]<\/p>\n","protected":false,"gt_translate_keys":[{"key":"rendered","format":"html"}]},"author":51,"featured_media":780580,"comment_status":"closed","ping_status":"open","sticky":false,"template":"","format":"standard","meta":{"footnotes":""},"categories":[6],"tags":[],"class_list":["post-780579","post","type-post","status-publish","format-standard","has-post-thumbnail","hentry","category-nderkombetare"],"gt_translate_keys":[{"key":"link","format":"url"}],"_links":{"self":[{"href":"https:\/\/www.hashtag.al\/index.php\/wp-json\/wp\/v2\/posts\/780579","targetHints":{"allow":["GET"]}}],"collection":[{"href":"https:\/\/www.hashtag.al\/index.php\/wp-json\/wp\/v2\/posts"}],"about":[{"href":"https:\/\/www.hashtag.al\/index.php\/wp-json\/wp\/v2\/types\/post"}],"author":[{"embeddable":true,"href":"https:\/\/www.hashtag.al\/index.php\/wp-json\/wp\/v2\/users\/51"}],"replies":[{"embeddable":true,"href":"https:\/\/www.hashtag.al\/index.php\/wp-json\/wp\/v2\/comments?post=780579"}],"version-history":[{"count":99999,"href":"https:\/\/www.hashtag.al\/index.php\/wp-json\/wp\/v2\/posts\/780579\/revisions"}],"predecessor-version":[{"id":780583,"href":"https:\/\/www.hashtag.al\/index.php\/wp-json\/wp\/v2\/posts\/780579\/revisions\/780583"}],"wp:featuredmedia":[{"embeddable":true,"href":"https:\/\/www.hashtag.al\/index.php\/wp-json\/wp\/v2\/media\/780580"}],"wp:attachment":[{"href":"https:\/\/www.hashtag.al\/index.php\/wp-json\/wp\/v2\/media?parent=780579"}],"wp:term":[{"taxonomy":"category","embeddable":true,"href":"https:\/\/www.hashtag.al\/index.php\/wp-json\/wp\/v2\/categories?post=780579"},{"taxonomy":"post_tag","embeddable":true,"href":"https:\/\/www.hashtag.al\/index.php\/wp-json\/wp\/v2\/tags?post=780579"}],"curies":[{"name":"wp","href":"https:\/\/api.w.org\/{rel}","templated":true}]}}