{"id":780543,"date":"2026-01-09T20:50:30","date_gmt":"2026-01-09T19:50:30","guid":{"rendered":"https:\/\/www.hashtag.al\/?p=780543"},"modified":"2026-01-09T20:50:30","modified_gmt":"2026-01-09T19:50:30","slug":"arens-cela-emerohet-kreu-i-prokurorise-se-tiranes","status":"publish","type":"post","link":"https:\/\/www.hashtag.al\/index.php\/2026\/01\/09\/arens-cela-emerohet-kreu-i-prokurorise-se-tiranes\/","title":{"rendered":"Arens \u00c7ela em\u00ebrohet kreu i Prokuroris\u00eb s\u00eb Tiran\u00ebs","gt_translate_keys":[{"key":"rendered","format":"text"}]},"content":{"rendered":"<p><img loading=\"lazy\" decoding=\"async\" class=\"aligncenter size-full wp-image-780544\" src=\"https:\/\/www.hashtag.al\/wp-content\/uploads\/2026\/01\/cela.jpeg\" alt=\"\" width=\"1024\" height=\"983\" srcset=\"https:\/\/www.hashtag.al\/wp-content\/uploads\/2026\/01\/cela.jpeg 1024w, https:\/\/www.hashtag.al\/wp-content\/uploads\/2026\/01\/cela-300x288.jpeg 300w, https:\/\/www.hashtag.al\/wp-content\/uploads\/2026\/01\/cela-768x737.jpeg 768w\" sizes=\"auto, (max-width: 1024px) 100vw, 1024px\" \/><\/p>\n<p><span style=\"color: #000000;\">Arens \u00c7ela \u00ebsht\u00eb em\u00ebruar drejtues i Prokuroris\u00eb s\u00eb Tiran\u00ebs. Sipas vendimit t\u00eb K\u00ebshillit t\u00eb Lart\u00eb t\u00eb Prokuroris\u00eb, \u00c7ela do ket\u00eb mandat trevje\u00e7ar deri n\u00eb janar 2029.<\/span><\/p>\n<p><span style=\"color: #000000;\"> N\u00eb t\u00eb nj\u00ebjt\u00ebn seanc\u00eb, KLP ka miratuar edhe k\u00ebrkes\u00ebn e Altin Dumanit p\u00ebr t\u2019u angazhuar si ekspert kryesor n\u00eb nj\u00eb trajnim nd\u00ebrkomb\u00ebtar p\u00ebr prokuror\u00eb, hetues dhe gjyqtar\u00eb nga Kosova, t\u00eb organizuar nga Ambasada Britanike n\u00eb Prishtin\u00eb. Vendimi vjen pak dit\u00eb pasi Dumani\u00a0 p\u00ebrfundoi mandatin trevje\u00e7ar si drejtues i SPAK.<\/span><\/p>\n<p><span style=\"color: #000000;\"> Dumani u em\u00ebrua shef i Seksionit p\u00ebr Marr\u00ebdh\u00ebniet me Jasht\u00eb nga kreu i ri i SPAK-ut, Klodian Braho. <\/span><\/p>\n<p><span style=\"color: #000000;\">N\u00eb prill 2022, \u00c7ela u em\u00ebrua drejtues i p\u00ebrkohsh\u00ebm i Prokurori\u00eb s\u00eb Tiran\u00ebs.<\/span><\/p>\n","protected":false,"gt_translate_keys":[{"key":"rendered","format":"html"}]},"excerpt":{"rendered":"<p>Arens \u00c7ela \u00ebsht\u00eb em\u00ebruar drejtues i Prokuroris\u00eb s\u00eb Tiran\u00ebs. Sipas vendimit t\u00eb K\u00ebshillit t\u00eb Lart\u00eb t\u00eb Prokuroris\u00eb, \u00c7ela do ket\u00eb mandat trevje\u00e7ar deri n\u00eb janar 2029. N\u00eb t\u00eb nj\u00ebjt\u00ebn seanc\u00eb, KLP ka miratuar edhe k\u00ebrkes\u00ebn e Altin Dumanit p\u00ebr t\u2019u angazhuar si ekspert kryesor n\u00eb nj\u00eb trajnim nd\u00ebrkomb\u00ebtar p\u00ebr prokuror\u00eb, hetues dhe gjyqtar\u00eb nga Kosova, [&hellip;]<\/p>\n","protected":false,"gt_translate_keys":[{"key":"rendered","format":"html"}]},"author":51,"featured_media":780544,"comment_status":"closed","ping_status":"open","sticky":false,"template":"","format":"standard","meta":{"footnotes":""},"categories":[65],"tags":[],"class_list":["post-780543","post","type-post","status-publish","format-standard","has-post-thumbnail","hentry","category-lajme"],"gt_translate_keys":[{"key":"link","format":"url"}],"_links":{"self":[{"href":"https:\/\/www.hashtag.al\/index.php\/wp-json\/wp\/v2\/posts\/780543","targetHints":{"allow":["GET"]}}],"collection":[{"href":"https:\/\/www.hashtag.al\/index.php\/wp-json\/wp\/v2\/posts"}],"about":[{"href":"https:\/\/www.hashtag.al\/index.php\/wp-json\/wp\/v2\/types\/post"}],"author":[{"embeddable":true,"href":"https:\/\/www.hashtag.al\/index.php\/wp-json\/wp\/v2\/users\/51"}],"replies":[{"embeddable":true,"href":"https:\/\/www.hashtag.al\/index.php\/wp-json\/wp\/v2\/comments?post=780543"}],"version-history":[{"count":99999,"href":"https:\/\/www.hashtag.al\/index.php\/wp-json\/wp\/v2\/posts\/780543\/revisions"}],"predecessor-version":[{"id":780545,"href":"https:\/\/www.hashtag.al\/index.php\/wp-json\/wp\/v2\/posts\/780543\/revisions\/780545"}],"wp:featuredmedia":[{"embeddable":true,"href":"https:\/\/www.hashtag.al\/index.php\/wp-json\/wp\/v2\/media\/780544"}],"wp:attachment":[{"href":"https:\/\/www.hashtag.al\/index.php\/wp-json\/wp\/v2\/media?parent=780543"}],"wp:term":[{"taxonomy":"category","embeddable":true,"href":"https:\/\/www.hashtag.al\/index.php\/wp-json\/wp\/v2\/categories?post=780543"},{"taxonomy":"post_tag","embeddable":true,"href":"https:\/\/www.hashtag.al\/index.php\/wp-json\/wp\/v2\/tags?post=780543"}],"curies":[{"name":"wp","href":"https:\/\/api.w.org\/{rel}","templated":true}]}}