{"id":780540,"date":"2026-01-09T20:17:35","date_gmt":"2026-01-09T19:17:35","guid":{"rendered":"https:\/\/www.hashtag.al\/?p=780540"},"modified":"2026-01-09T20:17:35","modified_gmt":"2026-01-09T19:17:35","slug":"eurocontrol-ul-serish-tarifat-aeroportuale-per-tiranen-dhe-kukesin-ja-sa-do-te-paguhet","status":"publish","type":"post","link":"https:\/\/www.hashtag.al\/index.php\/2026\/01\/09\/eurocontrol-ul-serish-tarifat-aeroportuale-per-tiranen-dhe-kukesin-ja-sa-do-te-paguhet\/","title":{"rendered":"Eurocontrol ul s\u00ebrish tarifat aeroportuale p\u00ebr Tiran\u00ebn dhe Kuk\u00ebsin, ja sa do t\u00eb paguhet","gt_translate_keys":[{"key":"rendered","format":"text"}]},"content":{"rendered":"<p><img loading=\"lazy\" decoding=\"async\" class=\"aligncenter size-full wp-image-780541\" src=\"https:\/\/www.hashtag.al\/wp-content\/uploads\/2026\/01\/aeroport-tia.png\" alt=\"\" width=\"1920\" height=\"920\" srcset=\"https:\/\/www.hashtag.al\/wp-content\/uploads\/2026\/01\/aeroport-tia.png 1920w, https:\/\/www.hashtag.al\/wp-content\/uploads\/2026\/01\/aeroport-tia-300x144.png 300w, https:\/\/www.hashtag.al\/wp-content\/uploads\/2026\/01\/aeroport-tia-1024x491.png 1024w, https:\/\/www.hashtag.al\/wp-content\/uploads\/2026\/01\/aeroport-tia-768x368.png 768w, https:\/\/www.hashtag.al\/wp-content\/uploads\/2026\/01\/aeroport-tia-1536x736.png 1536w\" sizes=\"auto, (max-width: 1920px) 100vw, 1920px\" \/><\/p>\n<p><span style=\"color: #000000;\">Eurocontol miratoi s\u00eb fundmi tarifat e terminalin p\u00ebr Aeroportin e Tiran\u00ebs dhe at\u00eb t\u00eb Kuk\u00ebsit (edhe pse ky i fundit nuk ka fluturime). Ky \u00ebsht\u00eb i kat\u00ebrti vit radhazi q\u00eb tarifat rishikohen n\u00eb ulje e lidhur kjo me volumin n\u00eb rritje t\u00eb fluturimeve.<\/span><\/p>\n<p><span style=\"color: #000000;\">Eurocontrol, organizata q\u00eb menaxhon trafikun ajror europian dhe faturon e mbledh tarifat (p\u00ebr llogari t\u00eb Albcontrol), vendosi q\u00eb p\u00ebr vitin 2026, tarifa p\u00ebr Aeroportin e Tiran\u00ebs t\u00eb jet\u00eb 191.71 euro euro\/avion nga 214 euro n\u00eb vitin 2025, me nj\u00eb ulje rreth 10.5%.<\/span><\/p>\n<p><span style=\"color: #000000;\">P\u00ebr Aeroportin e Kuk\u00ebsit i kategorizuar si aeroport i zon\u00ebs 2, tarifa e miratuar nga Eurocontol p\u00ebr k\u00ebt\u00eb vit \u00ebsht\u00eb 95.85 euro nga 107 euro n\u00eb vitin paraardh\u00ebs.<\/span><\/p>\n<p><span style=\"color: #000000;\">Interesi q\u00eb paguhet p\u00ebr detyrimet q\u00eb nuk shlyhen n\u00eb koh\u00eb ka sh\u00ebnuar ulje gjithashtu ku nga 13.79 p\u00ebr qind q\u00eb ishte vitin e shkuar, gjat\u00eb 2026-\u00ebs rezulton 12.38 p\u00ebr vit.<\/span><\/p>\n<p><span style=\"color: #000000;\">Shqip\u00ebria ka dy aeroporte funksional\u00eb, nd\u00ebrkoh\u00eb q\u00eb nj\u00eb i tret\u00eb po nd\u00ebrtohet n\u00eb Vlor\u00eb dhe q\u00eb parashikohet t\u00eb p\u00ebrfundoj\u00eb dhe t\u00eb\u00a0 nis\u00eb operimet k\u00ebt\u00eb ver\u00eb, t\u00eb pakt\u00ebn si\u00e7 \u00ebsht\u00eb deklaruar nga institucionet.Kjo gjithsesi\u00a0 mbetet e paqart\u00eb p\u00ebr shkak se nuk ka nj\u00eb konfirmim t\u00eb fundit mbi punimet.<\/span><\/p>\n<p><span style=\"color: #000000;\"> Shqip\u00ebria po p\u00ebrjeton vitet e fundit nj\u00eb bum turistik ku vizitor\u00ebt q\u00eb vijn\u00eb nga ajri po z\u00ebn\u00eb pesh\u00eb gjithmon\u00eb e m\u00eb t\u00eb madhe.Vet\u00ebm n\u00eb Aeroportin e Tiran\u00ebs gjat\u00eb vitit 2025 iu \u00ebsht\u00eb sh\u00ebrbyer 10.1 milion\u00eb pasagjer\u00ebve. Deri n\u00eb fund t\u00eb dhjetorit 2025, Shqip\u00ebria priti mbi 12 milion\u00eb turist\u00eb.<\/span><\/p>\n<p><span style=\"color: #000000;\">\u00c7far\u00eb \u00ebsht\u00eb tarifa e terminalitN\u00eb nj\u00eb shpjegim t\u00eb zgjeruar t\u00eb Eurocontrol tarifat e terminalit jan\u00eb fatura q\u00eb d\u00ebrgohen nga Eurocontol \u00e7do muaj (n\u00eb mes t\u00eb muajit pasues) p\u00ebr fluturimet q\u00eb u zhvilluan n\u00eb muajin paraardh\u00ebs bashk\u00eb me fatur\u00ebn e tarif\u00ebs s\u00eb itinerarit.Dokumentet e faturimit tregojn\u00eb qart\u00eb shtetin p\u00ebr t\u00eb cilin vilen k\u00ebto para. <\/span><\/p>\n<p><span style=\"color: #000000;\">Termat e pages\u00ebs p\u00ebr pjes\u00ebn e tarifave t\u00eb terminalit jan\u00eb t\u00eb nj\u00ebjta me ato t\u00eb itinerarit q\u00eb aplikohen nga Eurocontrol q\u00eb do t\u00eb thot\u00eb 30 dit\u00eb nga data e faturimit. <\/span><\/p>\n<p><span style=\"color: #000000;\">Lidhur me m\u00ebnyr\u00ebn sesi llogariten k\u00ebto tarifa, Eurocontrol sqaron se vendet an\u00ebtare p\u00ebrcaktojn\u00eb zonat e tarifimit p\u00ebr terminalet q\u00eb mund t\u00eb jet\u00eb nj\u00eb aerodrom apo disa aerodrome q\u00eb lokalizohen n\u00eb nj\u00eb vend t\u00eb caktuar ku ofrohen sh\u00ebrbime p\u00ebr t\u00eb cil\u00ebn duhet t\u00eb paguhet tarif\u00eb. <\/span><\/p>\n<p><span style=\"color: #000000;\">Tarifat e terminalit vendosen vet\u00ebm p\u00ebr fluturimet q\u00eb nisen dhe marrin parasysh dy elemente thelb\u00ebsore.S\u00eb pari, pesh\u00ebn e avionit q\u00eb niset dhe s\u00eb dyti, nj\u00ebsin\u00eb e tarif\u00ebs p\u00ebr aerodromin nga ku b\u00ebhet nisja. <\/span><\/p>\n<p><span style=\"color: #000000;\">Rezultati q\u00eb merret pasi b\u00ebhet shum\u00ebzimi i dy element\u00ebve \u00ebsht\u00eb vlera q\u00eb paguhet p\u00ebr terminalin. Faktori i pesh\u00ebs llogaritet n\u00eb ton metrike.\/N.Maho<\/span><\/p>\n<p><span style=\"color: #000000;\"><span style=\"color: #ff0000;\"><strong>VINI RE<\/strong><\/span>: Ky material \u00ebsht\u00eb pron\u00ebsi intelektuale e <span style=\"color: #0000ff;\"><a style=\"color: #0000ff;\" href=\"https:\/\/monitor.al\/eurocontrol-ul-serish-tarifat-aeroportuale-per-tiranen-dhe-kukesin-ja-sa-do-paguhet\/\">Monitor<\/a><\/span><\/span><\/p>\n","protected":false,"gt_translate_keys":[{"key":"rendered","format":"html"}]},"excerpt":{"rendered":"<p>Eurocontol miratoi s\u00eb fundmi tarifat e terminalin p\u00ebr Aeroportin e Tiran\u00ebs dhe at\u00eb t\u00eb Kuk\u00ebsit (edhe pse ky i fundit nuk ka fluturime). Ky \u00ebsht\u00eb i kat\u00ebrti vit radhazi q\u00eb tarifat rishikohen n\u00eb ulje e lidhur kjo me volumin n\u00eb rritje t\u00eb fluturimeve. Eurocontrol, organizata q\u00eb menaxhon trafikun ajror europian dhe faturon e mbledh tarifat [&hellip;]<\/p>\n","protected":false,"gt_translate_keys":[{"key":"rendered","format":"html"}]},"author":51,"featured_media":780541,"comment_status":"closed","ping_status":"open","sticky":false,"template":"","format":"standard","meta":{"footnotes":""},"categories":[65],"tags":[],"class_list":["post-780540","post","type-post","status-publish","format-standard","has-post-thumbnail","hentry","category-lajme"],"gt_translate_keys":[{"key":"link","format":"url"}],"_links":{"self":[{"href":"https:\/\/www.hashtag.al\/index.php\/wp-json\/wp\/v2\/posts\/780540","targetHints":{"allow":["GET"]}}],"collection":[{"href":"https:\/\/www.hashtag.al\/index.php\/wp-json\/wp\/v2\/posts"}],"about":[{"href":"https:\/\/www.hashtag.al\/index.php\/wp-json\/wp\/v2\/types\/post"}],"author":[{"embeddable":true,"href":"https:\/\/www.hashtag.al\/index.php\/wp-json\/wp\/v2\/users\/51"}],"replies":[{"embeddable":true,"href":"https:\/\/www.hashtag.al\/index.php\/wp-json\/wp\/v2\/comments?post=780540"}],"version-history":[{"count":99999,"href":"https:\/\/www.hashtag.al\/index.php\/wp-json\/wp\/v2\/posts\/780540\/revisions"}],"predecessor-version":[{"id":780542,"href":"https:\/\/www.hashtag.al\/index.php\/wp-json\/wp\/v2\/posts\/780540\/revisions\/780542"}],"wp:featuredmedia":[{"embeddable":true,"href":"https:\/\/www.hashtag.al\/index.php\/wp-json\/wp\/v2\/media\/780541"}],"wp:attachment":[{"href":"https:\/\/www.hashtag.al\/index.php\/wp-json\/wp\/v2\/media?parent=780540"}],"wp:term":[{"taxonomy":"category","embeddable":true,"href":"https:\/\/www.hashtag.al\/index.php\/wp-json\/wp\/v2\/categories?post=780540"},{"taxonomy":"post_tag","embeddable":true,"href":"https:\/\/www.hashtag.al\/index.php\/wp-json\/wp\/v2\/tags?post=780540"}],"curies":[{"name":"wp","href":"https:\/\/api.w.org\/{rel}","templated":true}]}}