{"id":780517,"date":"2026-01-09T18:38:49","date_gmt":"2026-01-09T17:38:49","guid":{"rendered":"https:\/\/www.hashtag.al\/?p=780517"},"modified":"2026-01-09T18:38:49","modified_gmt":"2026-01-09T17:38:49","slug":"permbytjet-banoret-protestojne-serish-ne-durres-kerkojne-demshperblim","status":"publish","type":"post","link":"https:\/\/www.hashtag.al\/index.php\/2026\/01\/09\/permbytjet-banoret-protestojne-serish-ne-durres-kerkojne-demshperblim\/","title":{"rendered":"P\u00ebrmbytjet\/ Banor\u00ebt protestojn\u00eb s\u00ebrish n\u00eb Durr\u00ebs, k\u00ebrkojn\u00eb d\u00ebmshp\u00ebrblim","gt_translate_keys":[{"key":"rendered","format":"text"}]},"content":{"rendered":"<p><span style=\"color: #000000;\"><img loading=\"lazy\" decoding=\"async\" class=\"alignnone size-full wp-image-780518\" src=\"https:\/\/www.hashtag.al\/wp-content\/uploads\/2026\/01\/Screenshot-2026-01-09-092032.png\" alt=\"\" width=\"976\" height=\"502\" srcset=\"https:\/\/www.hashtag.al\/wp-content\/uploads\/2026\/01\/Screenshot-2026-01-09-092032.png 976w, https:\/\/www.hashtag.al\/wp-content\/uploads\/2026\/01\/Screenshot-2026-01-09-092032-300x154.png 300w, https:\/\/www.hashtag.al\/wp-content\/uploads\/2026\/01\/Screenshot-2026-01-09-092032-768x395.png 768w\" sizes=\"auto, (max-width: 976px) 100vw, 976px\" \/><\/span><\/p>\n<p><span style=\"color: #000000;\">Sot para Bashkis\u00eb Durr\u00ebs u zhvillua nj\u00eb protest\u00eb tjet\u00ebr, ku qytetar\u00ebt shpreh\u00ebn pak\u00ebnaq\u00ebsit\u00eb e tyre p\u00ebr menaxhimin e situat\u00ebs nga bashkia.<\/span><\/p>\n<p><span style=\"color: #000000;\">T\u00eb pakt\u00eb n\u00eb num\u00ebr protestuesit than\u00eb se do ti bashkohen protest\u00ebs q\u00eb kan\u00eb shkaktuar p\u00ebrmbytjet n\u00eb Durr\u00ebs.<\/span><\/p>\n<p><span style=\"color: #000000;\"><em>\u201cUn\u00eb kam dal\u00eb sot t\u00eb protestoj dhe t\u00eb k\u00ebrkoj t\u00eb drejt\u00ebn time. Sht\u00ebpi m\u00eb \u00ebsht\u00eb p\u00ebrmbytur. E kam sht\u00ebpin\u00eb af\u00ebr burgut. Asnj\u00eb nuk ka ardhur. I kemi njoftuar, por presin t\u00eb largohet uji. I k\u00ebrkoj bashkis\u00eb s\u00eb Durr\u00ebsit t\u00eb jen\u00eb pran\u00eb qytetar\u00ebve. Jan\u00eb n\u00eb uj\u00eb t\u00eb gjith\u00eb njer\u00ebzit. \u00cbsht\u00eb hera e tret\u00eb q\u00eb p\u00ebrmbytemi, asnj\u00eb d\u00ebmshp\u00ebrblim nuk kemi marr\u00eb\u201d,<\/em> u shpreh nj\u00eb qytetare, raporton <span style=\"color: #0000ff;\"><a style=\"color: #0000ff;\" href=\"https:\/\/www.balkanweb.com\/permbytjet-banoret-proteste-ne-durres-hera-e-3-qe-permbytemi-jane-te-gjithe-ne-uje-asnje-demshperblim\/#gsc.tab=0\">Balkanweb.<\/a><\/span><\/span><\/p>\n<p><span style=\"color: #000000;\">Edhe pse reshjet e shiut pothuajse kan\u00eb ndaluar, uji akoma nuk \u00ebsht\u00eb larguar nga disa zona. Situata m\u00eb kritike paraqitet n\u00eb Nj\u00ebsin\u00eb Administrative Sukth dhe Katund i Ri, ku lumi i Erzenit ka dal\u00eb nga shtrati dhe nj\u00eb pjes\u00eb e banor\u00ebve \u00ebsht\u00eb evakuuar.<\/span><\/p>\n<p><span style=\"color: #000000;\"><em>\u00a0\u201cJemi p\u00ebrmbytur. I gjith\u00eb uji q\u00eb \u00ebsht\u00eb n\u00eb oborr \u00ebsht\u00eb kolere. Jemi t\u00eb rrethuar nga tubat e uj\u00ebrave t\u00eb zeza. Duhet t\u00eb ec\u00ebsh me skaf. Duam drejt\u00ebsi. T\u00eb vijn\u00eb t\u00eb hapin kanalizime\u201d,<\/em> u shpreh nj\u00eb tjet\u00ebr qytetar.<\/span><\/p>\n<p><span style=\"color: #000000;\">Qytetar\u00ebt k\u00ebrkuan veprime m\u00eb konkrete dhe t\u00eb menj\u00ebhershme nga institucionet p\u00ebr t\u00eb parandaluar d\u00ebmet n\u00eb banesa dhe biznese.<\/span><\/p>\n","protected":false,"gt_translate_keys":[{"key":"rendered","format":"html"}]},"excerpt":{"rendered":"<p>Sot para Bashkis\u00eb Durr\u00ebs u zhvillua nj\u00eb protest\u00eb tjet\u00ebr, ku qytetar\u00ebt shpreh\u00ebn pak\u00ebnaq\u00ebsit\u00eb e tyre p\u00ebr menaxhimin e situat\u00ebs nga bashkia. T\u00eb pakt\u00eb n\u00eb num\u00ebr protestuesit than\u00eb se do ti bashkohen protest\u00ebs q\u00eb kan\u00eb shkaktuar p\u00ebrmbytjet n\u00eb Durr\u00ebs. \u201cUn\u00eb kam dal\u00eb sot t\u00eb protestoj dhe t\u00eb k\u00ebrkoj t\u00eb drejt\u00ebn time. Sht\u00ebpi m\u00eb \u00ebsht\u00eb p\u00ebrmbytur. E [&hellip;]<\/p>\n","protected":false,"gt_translate_keys":[{"key":"rendered","format":"html"}]},"author":32,"featured_media":780518,"comment_status":"closed","ping_status":"open","sticky":false,"template":"","format":"standard","meta":{"footnotes":""},"categories":[65],"tags":[],"class_list":["post-780517","post","type-post","status-publish","format-standard","has-post-thumbnail","hentry","category-lajme"],"gt_translate_keys":[{"key":"link","format":"url"}],"_links":{"self":[{"href":"https:\/\/www.hashtag.al\/index.php\/wp-json\/wp\/v2\/posts\/780517","targetHints":{"allow":["GET"]}}],"collection":[{"href":"https:\/\/www.hashtag.al\/index.php\/wp-json\/wp\/v2\/posts"}],"about":[{"href":"https:\/\/www.hashtag.al\/index.php\/wp-json\/wp\/v2\/types\/post"}],"author":[{"embeddable":true,"href":"https:\/\/www.hashtag.al\/index.php\/wp-json\/wp\/v2\/users\/32"}],"replies":[{"embeddable":true,"href":"https:\/\/www.hashtag.al\/index.php\/wp-json\/wp\/v2\/comments?post=780517"}],"version-history":[{"count":99999,"href":"https:\/\/www.hashtag.al\/index.php\/wp-json\/wp\/v2\/posts\/780517\/revisions"}],"predecessor-version":[{"id":780519,"href":"https:\/\/www.hashtag.al\/index.php\/wp-json\/wp\/v2\/posts\/780517\/revisions\/780519"}],"wp:featuredmedia":[{"embeddable":true,"href":"https:\/\/www.hashtag.al\/index.php\/wp-json\/wp\/v2\/media\/780518"}],"wp:attachment":[{"href":"https:\/\/www.hashtag.al\/index.php\/wp-json\/wp\/v2\/media?parent=780517"}],"wp:term":[{"taxonomy":"category","embeddable":true,"href":"https:\/\/www.hashtag.al\/index.php\/wp-json\/wp\/v2\/categories?post=780517"},{"taxonomy":"post_tag","embeddable":true,"href":"https:\/\/www.hashtag.al\/index.php\/wp-json\/wp\/v2\/tags?post=780517"}],"curies":[{"name":"wp","href":"https:\/\/api.w.org\/{rel}","templated":true}]}}