{"id":780510,"date":"2026-01-09T17:45:44","date_gmt":"2026-01-09T16:45:44","guid":{"rendered":"https:\/\/www.hashtag.al\/?p=780510"},"modified":"2026-01-09T17:45:44","modified_gmt":"2026-01-09T16:45:44","slug":"irani-nderpret-internetin-ndersa-protestat-perhapen-dhe-ndertesat-perfshihen-nga-flaket","status":"publish","type":"post","link":"https:\/\/www.hashtag.al\/index.php\/2026\/01\/09\/irani-nderpret-internetin-ndersa-protestat-perhapen-dhe-ndertesat-perfshihen-nga-flaket\/","title":{"rendered":"Irani nd\u00ebrpret internetin nd\u00ebrsa protestat p\u00ebrhapen dhe nd\u00ebrtesat p\u00ebrfshihen nga flak\u00ebt","gt_translate_keys":[{"key":"rendered","format":"text"}]},"content":{"rendered":"<p><span style=\"color: #000000;\"><img loading=\"lazy\" decoding=\"async\" class=\"alignnone size-full wp-image-780511\" src=\"https:\/\/www.hashtag.al\/wp-content\/uploads\/2026\/01\/Screenshot-2026-01-09-083455.png\" alt=\"\" width=\"622\" height=\"377\" srcset=\"https:\/\/www.hashtag.al\/wp-content\/uploads\/2026\/01\/Screenshot-2026-01-09-083455.png 622w, https:\/\/www.hashtag.al\/wp-content\/uploads\/2026\/01\/Screenshot-2026-01-09-083455-300x182.png 300w\" sizes=\"auto, (max-width: 622px) 100vw, 622px\" \/><\/span><\/p>\n<p><span style=\"color: #000000;\">Irani mbeti pothuajse i izoluar nga bota t\u00eb premten, pasi autoritetet nd\u00ebrpren\u00eb internetin n\u00eb p\u00ebrpjekje p\u00ebr t\u00eb frenuar protestat n\u00eb rritje, nd\u00ebrsa video t\u00eb publikuara tregonin nd\u00ebrtesa t\u00eb p\u00ebrfshira nga flak\u00ebt n\u00eb disa qytete t\u00eb vendit.<\/span><\/p>\n<p><span style=\"color: #000000;\">\u00a0Organizatat e t\u00eb drejtave t\u00eb njeriut raportojn\u00eb dhjet\u00ebra t\u00eb vrar\u00eb gjat\u00eb gati dy jav\u00ebve t\u00eb trazirave, nd\u00ebrsa media shtet\u00ebrore iraniane raportoi se disa polic\u00eb jan\u00eb vrar\u00eb gjat\u00eb nat\u00ebs.<\/span><\/p>\n<p><span style=\"color: #000000;\">N\u00eb nj\u00eb fjalim televiziv, Udh\u00ebheq\u00ebsi Suprem Ayatollah Ali Khamenei akuzoi protestuesit se po vepronin n\u00eb em\u00ebr t\u00eb grupeve opozitare n\u00eb m\u00ebrgim dhe t\u00eb Shteteve t\u00eb Bashkuara, nd\u00ebrsa nj\u00eb prokuror publik paralajm\u00ebroi d\u00ebnime me vdekje p\u00ebr personat e p\u00ebrfshir\u00eb n\u00eb akte dhune, p\u00ebrcjell <span style=\"color: #0000ff;\">Reuters.<\/span><\/span><\/p>\n<p><span style=\"color: #000000;\">Megjith\u00ebse protestat nuk kan\u00eb p\u00ebrfshir\u00eb t\u00eb gjitha shtresat e shoq\u00ebris\u00eb, si l\u00ebvizjet e kaluara, autoritetet duken m\u00eb t\u00eb brishta p\u00ebr shkak t\u00eb gjendjes s\u00eb r\u00ebnduar ekonomike dhe situat\u00ebs pas luft\u00ebs s\u00eb vitit t\u00eb kaluar mes Iranit, Izraelit dhe SHBA-s\u00eb.<\/span><\/p>\n<p><span style=\"color: #000000;\">Fillimisht t\u00eb p\u00ebrqendruara te kriza ekonomike, me r\u00ebnien e monedh\u00ebs rial n\u00eb gjysm\u00ebn e vler\u00ebs ndaj dollarit dhe inflacionin mbi 40% n\u00eb dhjetor, protestat jan\u00eb shnd\u00ebrruar n\u00eb thirrje direkte kund\u00ebr autoriteteve.<\/span><\/p>\n<p>&nbsp;<\/p>\n<p><span style=\"color: #000000;\"><strong>Nd\u00ebrtesa dhe automjete t\u00eb djegura, internet i nd\u00ebrprer\u00eb<\/strong><\/span><\/p>\n<p><span style=\"color: #000000;\">Bllokimi i internetit ka reduktuar ndjesh\u00ebm informacionin q\u00eb del nga vendi, nd\u00ebrsa telefonatat drejt Iranit nuk funksionojn\u00eb. T\u00eb pakt\u00ebn 17 fluturime midis Dubait dhe Iranit u anuluan.<\/span><\/p>\n<p><span style=\"color: #000000;\">Protestat nis\u00ebn n\u00eb fund t\u00eb muajit t\u00eb kaluar, t\u00eb nxitura nga tregtar\u00ebt dhe bizneset e vogla p\u00ebr shkak t\u00eb inflacionit dhe r\u00ebnies s\u00eb kursit t\u00eb k\u00ebmbimit, por m\u00eb pas u p\u00ebrhap\u00ebn n\u00eb universitete dhe qytete provinciale, ku t\u00eb rinjt\u00eb u p\u00ebrplas\u00ebn me forcat e siguris\u00eb.<\/span><\/p>\n<p><span style=\"color: #000000;\">Televizioni shtet\u00ebror publikoi pamje t\u00eb autobus\u00ebve, makinave dhe moto\u00e7ikletave t\u00eb djegura, si dhe zjarrv\u00ebnie n\u00eb stacione metroje e banka, duke faj\u00ebsuar p\u00ebr k\u00ebt\u00eb grupin opozitar t\u00eb Mujahedin\u00ebve t\u00eb Popullit (MKO), t\u00eb cilin Irani e konsideron organizat\u00eb armiq\u00ebsore.<\/span><\/p>\n<p><span style=\"color: #000000;\">Nj\u00eb gazetare e TV shtet\u00ebror nga qyteti bregdetar Rasht tha se zona \u201cdukej si nj\u00eb fush\u00eb lufte\u201d. Video t\u00eb verifikuara nga Reuters n\u00eb Teheran tregonin qindra protestues n\u00eb marshim, nd\u00ebrsa d\u00ebgjoheshin thirrje si <em>\u201cVdekje Khameneit!\u201d<\/em> dhe slogane pro-monarkis\u00eb.<\/span><\/p>\n<p><span style=\"color: #000000;\">N\u00eb Zahedan, qytet me shumic\u00eb baluche, grupi i t\u00eb drejtave Hengaw raportoi se protestuesit pas faljes s\u00eb s\u00eb premtes u shp\u00ebrndan\u00eb me t\u00eb sht\u00ebna arm\u00ebsh, duke shkaktuar disa t\u00eb plagosur.<\/span><\/p>\n<p><span style=\"color: #000000;\">Autoritetet kan\u00eb ndjekur nj\u00eb qasje t\u00eb dyfisht\u00eb: duke e cil\u00ebsuar pak\u00ebnaq\u00ebsin\u00eb ekonomike si legjitime, por duke e d\u00ebnuar ashp\u00ebr dhun\u00ebn dhe duke shtuar pranin\u00eb e forcave t\u00eb siguris\u00eb.<\/span><\/p>\n<p>&nbsp;<\/p>\n<p><span style=\"color: #000000;\"><strong>Khamenei paralajm\u00ebron protestuesit, prokurori k\u00ebrc\u00ebnon me d\u00ebnime me vdekje<\/strong><\/span><\/p>\n<p><span style=\"color: #000000;\">Presidenti Masoud Pezeshkian kishte k\u00ebrkuar jav\u00ebn e kaluar nj\u00eb qasje m\u00eb t\u00eb but\u00eb, nd\u00ebrsa qeveria njoftoi stimuj financiar\u00eb p\u00ebr t\u00eb zbutur varf\u00ebrin\u00eb n\u00eb rritje. Por me p\u00ebrhapjen e dhun\u00ebs, Khamenei p\u00ebrdori nj\u00eb gjuh\u00eb shum\u00eb m\u00eb t\u00eb ashp\u00ebr.<\/span><\/p>\n<p><span style=\"color: #000000;\">\u201c<em>Republika Islamike erdhi n\u00eb pushtet p\u00ebrmes gjakut t\u00eb qindra mij\u00ebra njer\u00ebzve t\u00eb ndersh\u00ebm. Ajo nuk do t\u00eb t\u00ebrhiqet p\u00ebrball\u00eb vandal\u00ebve<\/em>,\u201d tha ai, duke akuzuar protestuesit se po k\u00ebrkojn\u00eb t\u00eb k\u00ebnaqin Presidentin amerikan Donald Trump.<\/span><\/p>\n<p><span style=\"color: #000000;\">Prokurori i Teheranit njoftoi se personat q\u00eb kryejn\u00eb sabotime, djegie t\u00eb pron\u00ebs publike apo p\u00ebrplasje me forcat e siguris\u00eb do t\u00eb p\u00ebrballen me d\u00ebnim me vdekje.<\/span><\/p>\n<p>&nbsp;<\/p>\n<p><span style=\"color: #000000;\"><strong>Opozita n\u00eb m\u00ebrgim th\u00ebrret p\u00ebr protesta, Trump distancohet<\/strong><\/span><\/p>\n<p><span style=\"color: #000000;\">Grupet e fragmentuara t\u00eb opozit\u00ebs s\u00eb jashtme i kan\u00eb b\u00ebr\u00eb thirrje iranian\u00ebve t\u00eb intensifikojn\u00eb protestat, nd\u00ebrsa jan\u00eb d\u00ebgjuar slogane n\u00eb mb\u00ebshtetje t\u00eb monarkis\u00eb s\u00eb p\u00ebrmbysur n\u00eb vitin 1979. Reza Pahlavi, djali i shahut t\u00eb fundit, postoi nj\u00eb mesazh ku shkruante: \u201c<em>Syt\u00eb e bot\u00ebs jan\u00eb mbi ju. Dilni n\u00eb rrug\u00eb.<\/em>\u201d<\/span><\/p>\n<p><span style=\"color: #000000;\">Megjithat\u00eb, mb\u00ebshtetja reale p\u00ebr monarkist\u00ebt ose MKO brenda Iranit mbetet e paqart\u00eb.<\/span><\/p>\n<p><span style=\"color: #000000;\">Presidenti Trump, i cili bombardon Iranin ver\u00ebn e kaluar dhe jav\u00ebn e kaluar paralajm\u00ebroi se SHBA \u201cmund t\u00eb ndihmonte protestuesit\u201d, tha se nuk do t\u00eb takohej me Pahlavin, duke shtuar se nuk ishte \u201ce p\u00ebrshtatshme\u201d t\u00eb mb\u00ebshteste at\u00eb grupim.<\/span><\/p>\n<p><span style=\"color: #000000;\">Nd\u00ebrkoh\u00eb, ministri i Jasht\u00ebm Abbas Araqchi deklaroi se rreziku i nj\u00eb nd\u00ebrhyrjeje ushtarake t\u00eb huaj \u00ebsht\u00eb \u201cshum\u00eb i ul\u00ebt\u201d, duke njoftuar se ministri i Jasht\u00ebm i Omanit \u2013 nj\u00eb nd\u00ebrmjet\u00ebs i zakonsh\u00ebm mes Iranit dhe Per\u00ebndimit \u2013 pritet t\u00eb vizitoj\u00eb Teheranin t\u00eb shtun\u00ebn.<\/span><\/p>\n<p><span style=\"color: #000000;\">Komisioneri i Lart\u00eb i OKB-s\u00eb p\u00ebr t\u00eb Drejtat e Njeriut, Volker T\u00fcrk, tha se \u00ebsht\u00eb \u201cthell\u00ebsisht i shqet\u00ebsuar\u201d nga dhuna dhe bllokimi i komunikimeve.<\/span><\/p>\n<p><span style=\"color: #000000;\">Irani ka p\u00ebrballuar disa val\u00eb t\u00eb m\u00ebdha trazirash gjat\u00eb dekadave t\u00eb fundit, p\u00ebrfshir\u00eb protestat studentore t\u00eb 1999, pak\u00ebnaq\u00ebsit\u00eb pas zgjedhjeve t\u00eb 2009, protestat e vitit 2019 dhe l\u00ebvizjen \u201cGrua, Jeta, Liria\u201d pas vdekjes s\u00eb Mahsa Amini n\u00eb vitin 2022.<\/span><\/p>\n","protected":false,"gt_translate_keys":[{"key":"rendered","format":"html"}]},"excerpt":{"rendered":"<p>Irani mbeti pothuajse i izoluar nga bota t\u00eb premten, pasi autoritetet nd\u00ebrpren\u00eb internetin n\u00eb p\u00ebrpjekje p\u00ebr t\u00eb frenuar protestat n\u00eb rritje, nd\u00ebrsa video t\u00eb publikuara tregonin nd\u00ebrtesa t\u00eb p\u00ebrfshira nga flak\u00ebt n\u00eb disa qytete t\u00eb vendit. \u00a0Organizatat e t\u00eb drejtave t\u00eb njeriut raportojn\u00eb dhjet\u00ebra t\u00eb vrar\u00eb gjat\u00eb gati dy jav\u00ebve t\u00eb trazirave, nd\u00ebrsa media shtet\u00ebrore [&hellip;]<\/p>\n","protected":false,"gt_translate_keys":[{"key":"rendered","format":"html"}]},"author":32,"featured_media":780511,"comment_status":"closed","ping_status":"open","sticky":false,"template":"","format":"standard","meta":{"footnotes":""},"categories":[6],"tags":[],"class_list":["post-780510","post","type-post","status-publish","format-standard","has-post-thumbnail","hentry","category-nderkombetare"],"gt_translate_keys":[{"key":"link","format":"url"}],"_links":{"self":[{"href":"https:\/\/www.hashtag.al\/index.php\/wp-json\/wp\/v2\/posts\/780510","targetHints":{"allow":["GET"]}}],"collection":[{"href":"https:\/\/www.hashtag.al\/index.php\/wp-json\/wp\/v2\/posts"}],"about":[{"href":"https:\/\/www.hashtag.al\/index.php\/wp-json\/wp\/v2\/types\/post"}],"author":[{"embeddable":true,"href":"https:\/\/www.hashtag.al\/index.php\/wp-json\/wp\/v2\/users\/32"}],"replies":[{"embeddable":true,"href":"https:\/\/www.hashtag.al\/index.php\/wp-json\/wp\/v2\/comments?post=780510"}],"version-history":[{"count":99999,"href":"https:\/\/www.hashtag.al\/index.php\/wp-json\/wp\/v2\/posts\/780510\/revisions"}],"predecessor-version":[{"id":780512,"href":"https:\/\/www.hashtag.al\/index.php\/wp-json\/wp\/v2\/posts\/780510\/revisions\/780512"}],"wp:featuredmedia":[{"embeddable":true,"href":"https:\/\/www.hashtag.al\/index.php\/wp-json\/wp\/v2\/media\/780511"}],"wp:attachment":[{"href":"https:\/\/www.hashtag.al\/index.php\/wp-json\/wp\/v2\/media?parent=780510"}],"wp:term":[{"taxonomy":"category","embeddable":true,"href":"https:\/\/www.hashtag.al\/index.php\/wp-json\/wp\/v2\/categories?post=780510"},{"taxonomy":"post_tag","embeddable":true,"href":"https:\/\/www.hashtag.al\/index.php\/wp-json\/wp\/v2\/tags?post=780510"}],"curies":[{"name":"wp","href":"https:\/\/api.w.org\/{rel}","templated":true}]}}