{"id":780315,"date":"2026-01-08T16:15:06","date_gmt":"2026-01-08T15:15:06","guid":{"rendered":"https:\/\/www.hashtag.al\/?p=780315"},"modified":"2026-01-08T16:15:06","modified_gmt":"2026-01-08T15:15:06","slug":"balluku-ne-zonat-e-permbytura-shehaj-te-paftyre-qe-pasi-i-vjedhin-shqiptaret-edhe-i-tallin","status":"publish","type":"post","link":"https:\/\/www.hashtag.al\/index.php\/2026\/01\/08\/balluku-ne-zonat-e-permbytura-shehaj-te-paftyre-qe-pasi-i-vjedhin-shqiptaret-edhe-i-tallin\/","title":{"rendered":"Balluku n\u00eb zonat e p\u00ebrmbytura, Shehaj: T\u00eb paftyr\u00eb q\u00eb pasi i vjedhin shqiptar\u00ebt, edhe i tallin","gt_translate_keys":[{"key":"rendered","format":"text"}]},"content":{"rendered":"<p><span style=\"color: #000000;\"><img loading=\"lazy\" decoding=\"async\" class=\"alignnone size-full wp-image-780316\" src=\"https:\/\/www.hashtag.al\/wp-content\/uploads\/2026\/01\/BB.png\" alt=\"\" width=\"780\" height=\"440\" srcset=\"https:\/\/www.hashtag.al\/wp-content\/uploads\/2026\/01\/BB.png 780w, https:\/\/www.hashtag.al\/wp-content\/uploads\/2026\/01\/BB-300x169.png 300w, https:\/\/www.hashtag.al\/wp-content\/uploads\/2026\/01\/BB-768x433.png 768w\" sizes=\"auto, (max-width: 780px) 100vw, 780px\" \/><\/span><\/p>\n<p><span style=\"color: #000000;\">Z\u00ebvend\u00ebskryeministrja e pandehur Belinda Balluku ka zbritur sot n\u00eb terren p\u00ebr t\u00eb takuar banor\u00ebt e prekur nga p\u00ebrmbytjet, n\u00eb daljen e saj t\u00eb par\u00eb pas nj\u00eb periudhe t\u00eb gjat\u00eb mungese n\u00eb publik.<\/span><\/p>\n<p><span style=\"color: #000000;\">Kreu i Partis\u00eb <em>Mund\u00ebsia<\/em>, Agron Shehaj, reagoi ashp\u00ebr duke e cil\u00ebsuar k\u00ebt\u00eb veprim si <em>show<\/em>, propagand\u00eb dhe hipokrizi, t\u00eb lidhur drejtp\u00ebrdrejt me akuzat penale q\u00eb r\u00ebndojn\u00eb mbi Ballukun.<\/span><\/p>\n<p><em><span style=\"color: #000000;\">\u201cN\u00eb nj\u00eb vend normal, Balluku do t\u00eb ishte duke u gjykuar para drejt\u00ebsis\u00eb si nj\u00eb qytetare e zakonshme, pa mandat dhe pa pushtet. Belinda jo vet\u00ebm q\u00eb nuk l\u00ebshon karrigen, por shkon t\u00eb ngush\u00eblloj\u00eb banor\u00ebt e p\u00ebrmbytur, n\u00eb nj\u00eb koh\u00eb kur me milionat e eurove q\u00eb ajo ka vjedhur, hidrovoret do t\u00eb funksiononin, rrug\u00ebt nuk do t\u00eb rr\u00ebshqisnin si r\u00ebr\u00eb dhe kanalizimet do t\u00eb ishin n\u00eb rregull.<\/span><\/em><br \/>\n<span style=\"color: #000000;\"><em>Nuk \u00ebsht\u00eb \u2018dora e Zotit\u2019, \u00ebsht\u00eb e korrupsionit,<\/em>\u201d deklaroi Shehaj.<\/span><\/p>\n<p><span style=\"color: #000000;\">Reagimi i tij vjen n\u00eb nj\u00eb moment kur SPAK, prej disa jav\u00ebsh, ka k\u00ebrkuar heqjen e imunitetit dhe arrestimin e Ballukut, por procesi po zvarritet, duke i dh\u00ebn\u00eb koh\u00eb z\u00ebvend\u00ebskryeministres t\u00eb vijoj\u00eb detyr\u00ebn nd\u00ebrkoh\u00eb q\u00eb hetimet vazhdojn\u00eb.<\/span><\/p>\n","protected":false,"gt_translate_keys":[{"key":"rendered","format":"html"}]},"excerpt":{"rendered":"<p>Z\u00ebvend\u00ebskryeministrja e pandehur Belinda Balluku ka zbritur sot n\u00eb terren p\u00ebr t\u00eb takuar banor\u00ebt e prekur nga p\u00ebrmbytjet, n\u00eb daljen e saj t\u00eb par\u00eb pas nj\u00eb periudhe t\u00eb gjat\u00eb mungese n\u00eb publik. Kreu i Partis\u00eb Mund\u00ebsia, Agron Shehaj, reagoi ashp\u00ebr duke e cil\u00ebsuar k\u00ebt\u00eb veprim si show, propagand\u00eb dhe hipokrizi, t\u00eb lidhur drejtp\u00ebrdrejt me akuzat [&hellip;]<\/p>\n","protected":false,"gt_translate_keys":[{"key":"rendered","format":"html"}]},"author":32,"featured_media":780316,"comment_status":"closed","ping_status":"open","sticky":false,"template":"","format":"standard","meta":{"footnotes":""},"categories":[65],"tags":[],"class_list":["post-780315","post","type-post","status-publish","format-standard","has-post-thumbnail","hentry","category-lajme"],"gt_translate_keys":[{"key":"link","format":"url"}],"_links":{"self":[{"href":"https:\/\/www.hashtag.al\/index.php\/wp-json\/wp\/v2\/posts\/780315","targetHints":{"allow":["GET"]}}],"collection":[{"href":"https:\/\/www.hashtag.al\/index.php\/wp-json\/wp\/v2\/posts"}],"about":[{"href":"https:\/\/www.hashtag.al\/index.php\/wp-json\/wp\/v2\/types\/post"}],"author":[{"embeddable":true,"href":"https:\/\/www.hashtag.al\/index.php\/wp-json\/wp\/v2\/users\/32"}],"replies":[{"embeddable":true,"href":"https:\/\/www.hashtag.al\/index.php\/wp-json\/wp\/v2\/comments?post=780315"}],"version-history":[{"count":99999,"href":"https:\/\/www.hashtag.al\/index.php\/wp-json\/wp\/v2\/posts\/780315\/revisions"}],"predecessor-version":[{"id":780317,"href":"https:\/\/www.hashtag.al\/index.php\/wp-json\/wp\/v2\/posts\/780315\/revisions\/780317"}],"wp:featuredmedia":[{"embeddable":true,"href":"https:\/\/www.hashtag.al\/index.php\/wp-json\/wp\/v2\/media\/780316"}],"wp:attachment":[{"href":"https:\/\/www.hashtag.al\/index.php\/wp-json\/wp\/v2\/media?parent=780315"}],"wp:term":[{"taxonomy":"category","embeddable":true,"href":"https:\/\/www.hashtag.al\/index.php\/wp-json\/wp\/v2\/categories?post=780315"},{"taxonomy":"post_tag","embeddable":true,"href":"https:\/\/www.hashtag.al\/index.php\/wp-json\/wp\/v2\/tags?post=780315"}],"curies":[{"name":"wp","href":"https:\/\/api.w.org\/{rel}","templated":true}]}}