{"id":780225,"date":"2026-01-08T07:51:58","date_gmt":"2026-01-08T06:51:58","guid":{"rendered":"https:\/\/www.hashtag.al\/?p=780225"},"modified":"2026-01-08T07:51:58","modified_gmt":"2026-01-08T06:51:58","slug":"permbytje-ne-fier-27-banesa-dhe-rreth-200-hektare-toke-bujqesore-nen-uje","status":"publish","type":"post","link":"https:\/\/www.hashtag.al\/index.php\/2026\/01\/08\/permbytje-ne-fier-27-banesa-dhe-rreth-200-hektare-toke-bujqesore-nen-uje\/","title":{"rendered":"P\u00ebrmbytje n\u00eb Fier, 27 banesa dhe rreth 200 hektar\u00eb tok\u00eb bujq\u00ebsore n\u00ebn uj\u00eb","gt_translate_keys":[{"key":"rendered","format":"text"}]},"content":{"rendered":"<p data-start=\"109\" data-end=\"383\"><span style=\"color: #000000;\"><img loading=\"lazy\" decoding=\"async\" class=\"size-full wp-image-780226 aligncenter\" src=\"https:\/\/www.hashtag.al\/wp-content\/uploads\/2026\/01\/IMG_5288.jpeg\" alt=\"\" width=\"1151\" height=\"607\" srcset=\"https:\/\/www.hashtag.al\/wp-content\/uploads\/2026\/01\/IMG_5288.jpeg 1151w, https:\/\/www.hashtag.al\/wp-content\/uploads\/2026\/01\/IMG_5288-300x158.jpeg 300w, https:\/\/www.hashtag.al\/wp-content\/uploads\/2026\/01\/IMG_5288-1024x540.jpeg 1024w, https:\/\/www.hashtag.al\/wp-content\/uploads\/2026\/01\/IMG_5288-768x405.jpeg 768w\" sizes=\"auto, (max-width: 1151px) 100vw, 1151px\" \/><br \/>\nSituata e p\u00ebrmbytjeve n\u00eb qarkun e Fierit paraqitet e r\u00ebnd\u00eb, si pasoj\u00eb e reshjeve t\u00eb dendura t\u00eb shiut q\u00eb vijojn\u00eb prej disa dit\u00ebsh. Sipas t\u00eb dh\u00ebnave zyrtare, 27 banesa kan\u00eb prezenc\u00eb t\u00eb lart\u00eb uji, nd\u00ebrsa rreth 200 hektar\u00eb tok\u00eb bujq\u00ebsore jan\u00eb p\u00ebrmbytur n\u00eb disa fshatra t\u00eb zon\u00ebs.<\/span><\/p>\n<p data-start=\"385\" data-end=\"638\"><span style=\"color: #000000;\">M\u00eb problematike paraqitet situata n\u00eb fshatrat Kashisht, Ad\u00eb, Kafaraj, Cerven dhe Ferras, ku sip\u00ebrfaqe t\u00eb konsiderueshme tokash bujq\u00ebsore ndodhen n\u00ebn uj\u00eb brenda argjinaturave. Nd\u00ebrkoh\u00eb, nivelet e lumenjve Seman dhe Shkumbin jan\u00eb n\u00eb rritje t\u00eb vazhdueshme.<\/span><\/p>\n<p data-start=\"640\" data-end=\"846\"><span style=\"color: #000000;\">N\u00eb rrezik p\u00ebr dalje nga shtrati \u00ebsht\u00eb edhe lumi Vjos\u00eb. Sipas matjeve n\u00eb Ur\u00ebn e Mifolit, prurjet kan\u00eb kaluar mbi pikat e matjes dhe niveli i ujit ka arritur pik\u00ebn kritike p\u00ebrgjat\u00eb argjinatur\u00ebs, buz\u00eb m\u00eb buz\u00eb.<\/span><\/p>\n<p data-start=\"848\" data-end=\"1282\"><span style=\"color: #000000;\">Si pasoj\u00eb e rritjes s\u00eb prurjeve t\u00eb Vjos\u00ebs, ka prezenc\u00eb uji edhe n\u00eb Stacionin e Pompimit t\u00eb Kafarajt, n\u00eb Nj\u00ebsin\u00eb Administrative Frakull, prej nga furnizohet me uj\u00eb t\u00eb pijsh\u00ebm qyteti i Fierit. Autoritetet kan\u00eb marr\u00eb masa paraprake duke stakuar disa pompa n\u00eb puset pran\u00eb lumit dhe duke punuar me kapacitet t\u00eb reduktuar nga puse t\u00eb tjera m\u00eb t\u00eb larg\u00ebta, \u00e7ka ka sjell\u00eb ulje t\u00eb furnizimit me uj\u00eb p\u00ebr qytetin, sipas nj\u00eb grafiku t\u00eb p\u00ebrcaktuar.<\/span><\/p>\n<p data-start=\"1284\" data-end=\"1484\" data-is-last-node=\"\" data-is-only-node=\"\"><span style=\"color: #000000;\">T\u00eb dh\u00ebnat nga pika e matjes n\u00eb Ur\u00ebn e Memaliajt sinjalizojn\u00eb p\u00ebrkeq\u00ebsim t\u00eb m\u00ebtejsh\u00ebm t\u00eb situat\u00ebs n\u00eb or\u00ebt n\u00eb vijim, nd\u00ebrsa strukturat p\u00ebrkat\u00ebse vijojn\u00eb monitorimin dhe jan\u00eb n\u00eb gatishm\u00ebri p\u00ebr nd\u00ebrhyrje.<\/span><\/p>\n","protected":false,"gt_translate_keys":[{"key":"rendered","format":"html"}]},"excerpt":{"rendered":"<p>Situata e p\u00ebrmbytjeve n\u00eb qarkun e Fierit paraqitet e r\u00ebnd\u00eb, si pasoj\u00eb e reshjeve t\u00eb dendura t\u00eb shiut q\u00eb vijojn\u00eb prej disa dit\u00ebsh. Sipas t\u00eb dh\u00ebnave zyrtare, 27 banesa kan\u00eb prezenc\u00eb t\u00eb lart\u00eb uji, nd\u00ebrsa rreth 200 hektar\u00eb tok\u00eb bujq\u00ebsore jan\u00eb p\u00ebrmbytur n\u00eb disa fshatra t\u00eb zon\u00ebs. M\u00eb problematike paraqitet situata n\u00eb fshatrat Kashisht, Ad\u00eb, [&hellip;]<\/p>\n","protected":false,"gt_translate_keys":[{"key":"rendered","format":"html"}]},"author":32,"featured_media":780226,"comment_status":"closed","ping_status":"open","sticky":false,"template":"","format":"standard","meta":{"footnotes":""},"categories":[65],"tags":[],"class_list":["post-780225","post","type-post","status-publish","format-standard","has-post-thumbnail","hentry","category-lajme"],"gt_translate_keys":[{"key":"link","format":"url"}],"_links":{"self":[{"href":"https:\/\/www.hashtag.al\/index.php\/wp-json\/wp\/v2\/posts\/780225","targetHints":{"allow":["GET"]}}],"collection":[{"href":"https:\/\/www.hashtag.al\/index.php\/wp-json\/wp\/v2\/posts"}],"about":[{"href":"https:\/\/www.hashtag.al\/index.php\/wp-json\/wp\/v2\/types\/post"}],"author":[{"embeddable":true,"href":"https:\/\/www.hashtag.al\/index.php\/wp-json\/wp\/v2\/users\/32"}],"replies":[{"embeddable":true,"href":"https:\/\/www.hashtag.al\/index.php\/wp-json\/wp\/v2\/comments?post=780225"}],"version-history":[{"count":99999,"href":"https:\/\/www.hashtag.al\/index.php\/wp-json\/wp\/v2\/posts\/780225\/revisions"}],"predecessor-version":[{"id":780227,"href":"https:\/\/www.hashtag.al\/index.php\/wp-json\/wp\/v2\/posts\/780225\/revisions\/780227"}],"wp:featuredmedia":[{"embeddable":true,"href":"https:\/\/www.hashtag.al\/index.php\/wp-json\/wp\/v2\/media\/780226"}],"wp:attachment":[{"href":"https:\/\/www.hashtag.al\/index.php\/wp-json\/wp\/v2\/media?parent=780225"}],"wp:term":[{"taxonomy":"category","embeddable":true,"href":"https:\/\/www.hashtag.al\/index.php\/wp-json\/wp\/v2\/categories?post=780225"},{"taxonomy":"post_tag","embeddable":true,"href":"https:\/\/www.hashtag.al\/index.php\/wp-json\/wp\/v2\/tags?post=780225"}],"curies":[{"name":"wp","href":"https:\/\/api.w.org\/{rel}","templated":true}]}}