{"id":780109,"date":"2026-01-07T13:38:14","date_gmt":"2026-01-07T12:38:14","guid":{"rendered":"https:\/\/www.hashtag.al\/?p=780109"},"modified":"2026-01-07T13:38:14","modified_gmt":"2026-01-07T12:38:14","slug":"berisha-te-zhbllokohet-parlamenti-i-bllokuar-nga-rama-dhe-te-marre-fund-grushti-i-shtetit","status":"publish","type":"post","link":"https:\/\/www.hashtag.al\/index.php\/2026\/01\/07\/berisha-te-zhbllokohet-parlamenti-i-bllokuar-nga-rama-dhe-te-marre-fund-grushti-i-shtetit\/","title":{"rendered":"Berisha: T\u00eb zhbllokohet parlamenti i bllokuar nga Rama dhe t\u00eb marr\u00eb fund grushti i shtetit","gt_translate_keys":[{"key":"rendered","format":"text"}]},"content":{"rendered":"<p><span style=\"color: #000000;\"><img loading=\"lazy\" decoding=\"async\" class=\"size-full wp-image-780110\" src=\"https:\/\/www.hashtag.al\/wp-content\/uploads\/2026\/01\/IMG_3232.jpeg\" alt=\"\" width=\"1280\" height=\"853\" srcset=\"https:\/\/www.hashtag.al\/wp-content\/uploads\/2026\/01\/IMG_3232.jpeg 1280w, https:\/\/www.hashtag.al\/wp-content\/uploads\/2026\/01\/IMG_3232-300x200.jpeg 300w, https:\/\/www.hashtag.al\/wp-content\/uploads\/2026\/01\/IMG_3232-1024x682.jpeg 1024w, https:\/\/www.hashtag.al\/wp-content\/uploads\/2026\/01\/IMG_3232-768x512.jpeg 768w\" sizes=\"auto, (max-width: 1280px) 100vw, 1280px\" \/><br \/>\nKryetari i PD, Sali Berisha, deklaroi nga selia blu se kryeministri Edi Rama po pengon mbledhjen e K\u00ebshillit t\u00eb Mandateve p\u00ebr heqjen e imunitetit t\u00eb Belinda Ballukut, duke bllokuar sipas tij parlamentin.<\/span><\/p>\n<p><span style=\"color: #000000;\"> Berisha akuzoi Ram\u00ebn p\u00ebr shkelje t\u00eb Kushtetut\u00ebs dhe p\u00ebr nd\u00ebrhyrje n\u00eb drejt\u00ebsi, duke th\u00ebn\u00eb se veprimet e tij synojn\u00eb mbrojtjen e vetes dhe Ballukut.<\/span><\/p>\n<p><span style=\"color: #000000;\"><em>\u201cThirrja e an\u00ebtar\u00ebve t\u00eb K\u00ebshillit t\u00eb Mandatevve b\u00ebjn\u00eb q\u00eb t\u00eb mblidhet institucion, \u00ebsht\u00eb t\u00eb zhbllokohet parlamenti i bllokuar nga Rama dhe t\u00eb marr\u00eb fund grushti i shtetit i zhvilluar prej tij p\u00ebr t\u00eb mbrojtur veten dhe Ballukun. Rama e ka t\u00eb qart\u00eb se pas lind\u00ebs s\u00eb AKSHI-t q\u00ebndron Linda e Surrelit. T\u00eb dy pengjet e nd\u00ebrmarrjes s\u00eb tij, Shima dhe Me\u00e7e, jan\u00eb porosi t\u00eb Ram\u00ebs.<\/em><\/span><br \/>\n<span style=\"color: #000000;\">Rama pra \u00ebsht\u00eb i vendosur q\u00eb t\u00eb shkel\u00eb \u00e7do ligj e t\u00eb shkelmoj\u00eb Kushtetut\u00ebn, t\u00eb marr\u00eb pushtetin gjyq\u00ebsor q\u00eb t\u00eb ligji t\u00eb mos veproj\u00eb mbi Ram\u00ebn, Armando Frangun, por e v\u00ebrteta \u00ebsht\u00eb edhe Linda Ram\u00ebn\u201d, tha ai.<\/span><\/p>\n","protected":false,"gt_translate_keys":[{"key":"rendered","format":"html"}]},"excerpt":{"rendered":"<p>Kryetari i PD, Sali Berisha, deklaroi nga selia blu se kryeministri Edi Rama po pengon mbledhjen e K\u00ebshillit t\u00eb Mandateve p\u00ebr heqjen e imunitetit t\u00eb Belinda Ballukut, duke bllokuar sipas tij parlamentin. Berisha akuzoi Ram\u00ebn p\u00ebr shkelje t\u00eb Kushtetut\u00ebs dhe p\u00ebr nd\u00ebrhyrje n\u00eb drejt\u00ebsi, duke th\u00ebn\u00eb se veprimet e tij synojn\u00eb mbrojtjen e vetes dhe [&hellip;]<\/p>\n","protected":false,"gt_translate_keys":[{"key":"rendered","format":"html"}]},"author":49,"featured_media":780110,"comment_status":"closed","ping_status":"open","sticky":false,"template":"","format":"standard","meta":{"footnotes":""},"categories":[65],"tags":[],"class_list":["post-780109","post","type-post","status-publish","format-standard","has-post-thumbnail","hentry","category-lajme"],"gt_translate_keys":[{"key":"link","format":"url"}],"_links":{"self":[{"href":"https:\/\/www.hashtag.al\/index.php\/wp-json\/wp\/v2\/posts\/780109","targetHints":{"allow":["GET"]}}],"collection":[{"href":"https:\/\/www.hashtag.al\/index.php\/wp-json\/wp\/v2\/posts"}],"about":[{"href":"https:\/\/www.hashtag.al\/index.php\/wp-json\/wp\/v2\/types\/post"}],"author":[{"embeddable":true,"href":"https:\/\/www.hashtag.al\/index.php\/wp-json\/wp\/v2\/users\/49"}],"replies":[{"embeddable":true,"href":"https:\/\/www.hashtag.al\/index.php\/wp-json\/wp\/v2\/comments?post=780109"}],"version-history":[{"count":99999,"href":"https:\/\/www.hashtag.al\/index.php\/wp-json\/wp\/v2\/posts\/780109\/revisions"}],"predecessor-version":[{"id":780112,"href":"https:\/\/www.hashtag.al\/index.php\/wp-json\/wp\/v2\/posts\/780109\/revisions\/780112"}],"wp:featuredmedia":[{"embeddable":true,"href":"https:\/\/www.hashtag.al\/index.php\/wp-json\/wp\/v2\/media\/780110"}],"wp:attachment":[{"href":"https:\/\/www.hashtag.al\/index.php\/wp-json\/wp\/v2\/media?parent=780109"}],"wp:term":[{"taxonomy":"category","embeddable":true,"href":"https:\/\/www.hashtag.al\/index.php\/wp-json\/wp\/v2\/categories?post=780109"},{"taxonomy":"post_tag","embeddable":true,"href":"https:\/\/www.hashtag.al\/index.php\/wp-json\/wp\/v2\/tags?post=780109"}],"curies":[{"name":"wp","href":"https:\/\/api.w.org\/{rel}","templated":true}]}}