{"id":779954,"date":"2026-01-06T14:57:11","date_gmt":"2026-01-06T13:57:11","guid":{"rendered":"https:\/\/www.hashtag.al\/?p=779954"},"modified":"2026-01-06T14:57:11","modified_gmt":"2026-01-06T13:57:11","slug":"permbytjet-ne-vend-ministri-vengu-mbledh-komitetin-e-emergjencave-civile","status":"publish","type":"post","link":"https:\/\/www.hashtag.al\/index.php\/2026\/01\/06\/permbytjet-ne-vend-ministri-vengu-mbledh-komitetin-e-emergjencave-civile\/","title":{"rendered":"P\u00ebrmbytjet n\u00eb vend\/ Ministri Vengu mbledh Komitetin e Emergjencave Civile","gt_translate_keys":[{"key":"rendered","format":"text"}]},"content":{"rendered":"<p><span style=\"color: #000000;\"><img loading=\"lazy\" decoding=\"async\" class=\"alignnone size-full wp-image-779955\" src=\"https:\/\/www.hashtag.al\/wp-content\/uploads\/2026\/01\/e0b45562-5a28-4308-ae81-8cdd3b651c48.jpg\" alt=\"\" width=\"1280\" height=\"853\" srcset=\"https:\/\/www.hashtag.al\/wp-content\/uploads\/2026\/01\/e0b45562-5a28-4308-ae81-8cdd3b651c48.jpg 1280w, https:\/\/www.hashtag.al\/wp-content\/uploads\/2026\/01\/e0b45562-5a28-4308-ae81-8cdd3b651c48-300x200.jpg 300w, https:\/\/www.hashtag.al\/wp-content\/uploads\/2026\/01\/e0b45562-5a28-4308-ae81-8cdd3b651c48-1024x682.jpg 1024w, https:\/\/www.hashtag.al\/wp-content\/uploads\/2026\/01\/e0b45562-5a28-4308-ae81-8cdd3b651c48-768x512.jpg 768w\" sizes=\"auto, (max-width: 1280px) 100vw, 1280px\" \/><\/span><\/p>\n<p><span style=\"color: #000000;\">Ministri i Mbrojtjes Pirro Vengu k\u00ebrkoi gatishm\u00ebri t\u00eb plot\u00eb t\u00eb t\u00eb gjitha institucioneve, koordinim t\u00eb vazhduesh\u00ebm mes strukturave qendrore dhe vendore si dhe monitorim t\u00eb pand\u00ebrprer\u00eb t\u00eb situat\u00ebs, p\u00ebr t\u00eb garantuar sigurin\u00eb e qytetar\u00ebve dhe minimizimin e d\u00ebmeve.<\/span><\/p>\n<p><span style=\"color: #000000;\">Gjat\u00eb 24 or\u00ebve t\u00eb fundit, pjesa m\u00eb e madhe e territorit t\u00eb vendit \u00ebsht\u00eb p\u00ebrfshir\u00eb nga reshje intensive shiu, t\u00eb cilat n\u00eb disa qarqe kan\u00eb shkaktuar problematika, pa pasoja serioze p\u00ebr jet\u00ebn e qytetar\u00ebve.<\/span><\/p>\n<p><span style=\"color: #000000;\">Situata po monitorohet me prioritet n\u00eb qarqet Lezh\u00eb dhe Durr\u00ebs, ku jan\u00eb evidentuar prani uji n\u00eb disa akse rrugore, rritje t\u00eb ndjeshme t\u00eb niveleve t\u00eb lumenjve.<\/span><\/p>\n<p><span style=\"color: #000000;\">Sipas IGJEO-s, reshjet intensive pritet t\u00eb vijojn\u00eb deri m\u00eb 8 janar.<\/span><\/p>\n<p><span style=\"color: #000000;\">Strukturat e Mbrojtjes Civile n\u00eb nivel qendror dhe vendor, n\u00ebn koordinimin e Agjencis\u00eb Komb\u00ebtare t\u00eb Mbrojtjes Civile, jan\u00eb n\u00eb gatishm\u00ebri t\u00eb plot\u00eb.<\/span><\/p>\n<p><span style=\"color: #000000;\">Qytetar\u00ebt ftohen t\u00eb shmangin zonat me risk dhe t\u00eb k\u00ebrkojn\u00eb ndihm\u00ebn e autoriteteve n\u00eb rast nevoje.<\/span><\/p>\n","protected":false,"gt_translate_keys":[{"key":"rendered","format":"html"}]},"excerpt":{"rendered":"<p>Ministri i Mbrojtjes Pirro Vengu k\u00ebrkoi gatishm\u00ebri t\u00eb plot\u00eb t\u00eb t\u00eb gjitha institucioneve, koordinim t\u00eb vazhduesh\u00ebm mes strukturave qendrore dhe vendore si dhe monitorim t\u00eb pand\u00ebrprer\u00eb t\u00eb situat\u00ebs, p\u00ebr t\u00eb garantuar sigurin\u00eb e qytetar\u00ebve dhe minimizimin e d\u00ebmeve. Gjat\u00eb 24 or\u00ebve t\u00eb fundit, pjesa m\u00eb e madhe e territorit t\u00eb vendit \u00ebsht\u00eb p\u00ebrfshir\u00eb nga reshje [&hellip;]<\/p>\n","protected":false,"gt_translate_keys":[{"key":"rendered","format":"html"}]},"author":32,"featured_media":779955,"comment_status":"closed","ping_status":"open","sticky":false,"template":"","format":"standard","meta":{"footnotes":""},"categories":[65],"tags":[],"class_list":["post-779954","post","type-post","status-publish","format-standard","has-post-thumbnail","hentry","category-lajme"],"gt_translate_keys":[{"key":"link","format":"url"}],"_links":{"self":[{"href":"https:\/\/www.hashtag.al\/index.php\/wp-json\/wp\/v2\/posts\/779954","targetHints":{"allow":["GET"]}}],"collection":[{"href":"https:\/\/www.hashtag.al\/index.php\/wp-json\/wp\/v2\/posts"}],"about":[{"href":"https:\/\/www.hashtag.al\/index.php\/wp-json\/wp\/v2\/types\/post"}],"author":[{"embeddable":true,"href":"https:\/\/www.hashtag.al\/index.php\/wp-json\/wp\/v2\/users\/32"}],"replies":[{"embeddable":true,"href":"https:\/\/www.hashtag.al\/index.php\/wp-json\/wp\/v2\/comments?post=779954"}],"version-history":[{"count":99999,"href":"https:\/\/www.hashtag.al\/index.php\/wp-json\/wp\/v2\/posts\/779954\/revisions"}],"predecessor-version":[{"id":779956,"href":"https:\/\/www.hashtag.al\/index.php\/wp-json\/wp\/v2\/posts\/779954\/revisions\/779956"}],"wp:featuredmedia":[{"embeddable":true,"href":"https:\/\/www.hashtag.al\/index.php\/wp-json\/wp\/v2\/media\/779955"}],"wp:attachment":[{"href":"https:\/\/www.hashtag.al\/index.php\/wp-json\/wp\/v2\/media?parent=779954"}],"wp:term":[{"taxonomy":"category","embeddable":true,"href":"https:\/\/www.hashtag.al\/index.php\/wp-json\/wp\/v2\/categories?post=779954"},{"taxonomy":"post_tag","embeddable":true,"href":"https:\/\/www.hashtag.al\/index.php\/wp-json\/wp\/v2\/tags?post=779954"}],"curies":[{"name":"wp","href":"https:\/\/api.w.org\/{rel}","templated":true}]}}