{"id":779923,"date":"2026-01-06T11:55:22","date_gmt":"2026-01-06T10:55:22","guid":{"rendered":"https:\/\/www.hashtag.al\/?p=779923"},"modified":"2026-01-06T11:55:22","modified_gmt":"2026-01-06T10:55:22","slug":"bardhi-afati-trejavor-i-ballukut-ishte-vetem-per-te-fituar-kohe-jo-per-mbrojtje","status":"publish","type":"post","link":"https:\/\/www.hashtag.al\/index.php\/2026\/01\/06\/bardhi-afati-trejavor-i-ballukut-ishte-vetem-per-te-fituar-kohe-jo-per-mbrojtje\/","title":{"rendered":"Bardhi: Afati trejavor i Ballukut ishte vet\u00ebm p\u00ebr t\u00eb fituar koh\u00eb, jo p\u00ebr mbrojtje","gt_translate_keys":[{"key":"rendered","format":"text"}]},"content":{"rendered":"<p data-start=\"97\" data-end=\"373\"><span style=\"color: #000000;\"><img loading=\"lazy\" decoding=\"async\" class=\"size-full wp-image-777374 aligncenter\" src=\"https:\/\/www.hashtag.al\/wp-content\/uploads\/2025\/12\/bardhi-1-1-768x437-1.jpg\" alt=\"\" width=\"768\" height=\"437\" srcset=\"https:\/\/www.hashtag.al\/wp-content\/uploads\/2025\/12\/bardhi-1-1-768x437-1.jpg 768w, https:\/\/www.hashtag.al\/wp-content\/uploads\/2025\/12\/bardhi-1-1-768x437-1-300x171.jpg 300w\" sizes=\"auto, (max-width: 768px) 100vw, 768px\" \/><br \/>\nKreu i Grupit Parlamentar t\u00eb Partis\u00eb Demokratike, Gazment Bardhi, ka kritikuar afatin prej tre jav\u00ebsh t\u00eb k\u00ebrkuar nga z\u00ebvend\u00ebs-kryeministrja Belinda Balluku p\u00ebr t\u2019u njohur me aktet dhe provat, duke e cil\u00ebsuar at\u00eb si nj\u00eb p\u00ebrpjekje t\u00eb q\u00ebllimshme p\u00ebr t\u00eb fituar koh\u00eb.<\/span><\/p>\n<p data-start=\"375\" data-end=\"592\"><span style=\"color: #000000;\">Bardhi tha se as Balluku dhe as ekipi i saj nuk kan\u00eb t\u00ebrhequr dosjen hetimore, duke argumentuar se q\u00ebllimi i vet\u00ebm i afatit ishte q\u00eb Balluku t\u00eb kalonte Vitin e Ri n\u00eb banes\u00ebn e saj dhe jo n\u00eb burgun e grave n\u00eb Pojsk\u00eb.<\/span><\/p>\n<p data-start=\"594\" data-end=\"1024\" data-is-last-node=\"\" data-is-only-node=\"\"><span style=\"color: #000000;\">\u201cAfati prej tre jav\u00ebsh \u00ebsht\u00eb nj\u00eb alibi p\u00ebr t\u2019iu fshehur drejt\u00ebsis\u00eb, jo koh\u00eb e nevojshme p\u00ebr t\u00eb p\u00ebrgatitur mbrojtjen, pasi mbrojt\u00ebsit e Ballukut nuk kan\u00eb denjuar as t\u00eb t\u00ebrheqin materialet hetimore. Nuk i ka t\u00ebrhequr as vet\u00eb e pandehura q\u00eb k\u00ebrkon koh\u00eb t\u00eb p\u00ebrgatitej. Afati trejavor q\u00eb Balluku t\u00eb hante Vitin e Ri n\u00eb sht\u00ebpin\u00eb e saj e jo n\u00eb burg, ka skaduar. Peleshi duhet t\u00eb sqaroj\u00eb pse nuk k\u00ebrkon mbledhjen e K\u00ebshillit\u201d, tha Bardhi.<\/span><\/p>\n","protected":false,"gt_translate_keys":[{"key":"rendered","format":"html"}]},"excerpt":{"rendered":"<p>Kreu i Grupit Parlamentar t\u00eb Partis\u00eb Demokratike, Gazment Bardhi, ka kritikuar afatin prej tre jav\u00ebsh t\u00eb k\u00ebrkuar nga z\u00ebvend\u00ebs-kryeministrja Belinda Balluku p\u00ebr t\u2019u njohur me aktet dhe provat, duke e cil\u00ebsuar at\u00eb si nj\u00eb p\u00ebrpjekje t\u00eb q\u00ebllimshme p\u00ebr t\u00eb fituar koh\u00eb. Bardhi tha se as Balluku dhe as ekipi i saj nuk kan\u00eb t\u00ebrhequr dosjen [&hellip;]<\/p>\n","protected":false,"gt_translate_keys":[{"key":"rendered","format":"html"}]},"author":32,"featured_media":777374,"comment_status":"closed","ping_status":"open","sticky":false,"template":"","format":"standard","meta":{"footnotes":""},"categories":[65],"tags":[],"class_list":["post-779923","post","type-post","status-publish","format-standard","has-post-thumbnail","hentry","category-lajme"],"gt_translate_keys":[{"key":"link","format":"url"}],"_links":{"self":[{"href":"https:\/\/www.hashtag.al\/index.php\/wp-json\/wp\/v2\/posts\/779923","targetHints":{"allow":["GET"]}}],"collection":[{"href":"https:\/\/www.hashtag.al\/index.php\/wp-json\/wp\/v2\/posts"}],"about":[{"href":"https:\/\/www.hashtag.al\/index.php\/wp-json\/wp\/v2\/types\/post"}],"author":[{"embeddable":true,"href":"https:\/\/www.hashtag.al\/index.php\/wp-json\/wp\/v2\/users\/32"}],"replies":[{"embeddable":true,"href":"https:\/\/www.hashtag.al\/index.php\/wp-json\/wp\/v2\/comments?post=779923"}],"version-history":[{"count":99999,"href":"https:\/\/www.hashtag.al\/index.php\/wp-json\/wp\/v2\/posts\/779923\/revisions"}],"predecessor-version":[{"id":779924,"href":"https:\/\/www.hashtag.al\/index.php\/wp-json\/wp\/v2\/posts\/779923\/revisions\/779924"}],"wp:featuredmedia":[{"embeddable":true,"href":"https:\/\/www.hashtag.al\/index.php\/wp-json\/wp\/v2\/media\/777374"}],"wp:attachment":[{"href":"https:\/\/www.hashtag.al\/index.php\/wp-json\/wp\/v2\/media?parent=779923"}],"wp:term":[{"taxonomy":"category","embeddable":true,"href":"https:\/\/www.hashtag.al\/index.php\/wp-json\/wp\/v2\/categories?post=779923"},{"taxonomy":"post_tag","embeddable":true,"href":"https:\/\/www.hashtag.al\/index.php\/wp-json\/wp\/v2\/tags?post=779923"}],"curies":[{"name":"wp","href":"https:\/\/api.w.org\/{rel}","templated":true}]}}