{"id":779902,"date":"2026-01-06T09:50:08","date_gmt":"2026-01-06T08:50:08","guid":{"rendered":"https:\/\/www.hashtag.al\/?p=779902"},"modified":"2026-01-06T12:24:26","modified_gmt":"2026-01-06T11:24:26","slug":"pentagoni-do-te-ule-pagen-e-pensionit-ushtarak-te-senatorit-kelly-per-sjellje-te-pamatur","status":"publish","type":"post","link":"https:\/\/www.hashtag.al\/index.php\/2026\/01\/06\/pentagoni-do-te-ule-pagen-e-pensionit-ushtarak-te-senatorit-kelly-per-sjellje-te-pamatur\/","title":{"rendered":"Pentagoni do t\u00eb ul\u00eb pag\u00ebn e pensionit ushtarak t\u00eb senatorit Kelly p\u00ebr &#8220;sjellje t\u00eb pamatur&#8221;","gt_translate_keys":[{"key":"rendered","format":"text"}]},"content":{"rendered":"<div class=\"text-module__text__0GDob text-module__dark-grey__UFC18 text-module__regular__qJJtA text-module__small__sph8i body-module__full_width__kCIGb body-module__small_body__gOmDf article-body-module__paragraph__Ts-yF\" data-testid=\"paragraph-0\">\n<p><span style=\"color: #000000;\"><img loading=\"lazy\" decoding=\"async\" class=\"aligncenter size-full wp-image-779903\" src=\"https:\/\/www.hashtag.al\/wp-content\/uploads\/2026\/01\/Screenshot-2026-01-06-093338.png\" alt=\"\" width=\"641\" height=\"454\" srcset=\"https:\/\/www.hashtag.al\/wp-content\/uploads\/2026\/01\/Screenshot-2026-01-06-093338.png 641w, https:\/\/www.hashtag.al\/wp-content\/uploads\/2026\/01\/Screenshot-2026-01-06-093338-300x212.png 300w\" sizes=\"auto, (max-width: 641px) 100vw, 641px\" \/><\/span><\/p>\n<p><span style=\"color: #000000;\">Shefi i Pentagonit i Presidentit\u00a0Donald Trump\u00a0njoftoi t\u00eb h\u00ebn\u00ebn planet p\u00ebr t\u00eb ulur n\u00eb detyr\u00eb senatorin amerikan Mark Kelly nga grada e tij si kapiten i pensionuar i Marin\u00ebs p\u00ebr &#8220;sjellje t\u00eb pamatur&#8221; t\u00eb dyshuar, pasi ai dhe ligjv\u00ebn\u00ebs t\u00eb tjer\u00eb demokrat\u00eb u b\u00ebn\u00eb thirrje trupave t\u00eb refuzojn\u00eb \u00e7do urdh\u00ebr t\u00eb paligjsh\u00ebm.<\/span><\/p>\n<p><span style=\"color: #000000;\">Sekretari i Mbrojtjes i SHBA-s\u00eb, Pete Hegseth, tha se Pentagoni ka filluar procedurat q\u00eb n\u00eb fund t\u00eb fundit do t\u00eb ulin pag\u00ebn e pensionit t\u00eb Kelly-t dhe do t&#8217;i bashk\u00ebngjitin nj\u00eb let\u00ebr censure t\u00eb dosjes s\u00eb tij ushtarake. Kelly, i cili p\u00ebrfaq\u00ebson Arizon\u00ebn n\u00eb Senat, \u00ebsht\u00eb nj\u00eb veteran ushtarak i dekoruar dhe ish-astronaut i NASA-s.<\/span><\/p>\n<p><span style=\"color: #000000;\">Kelly tha se do ta &#8220;luftonte k\u00ebt\u00eb me gjith\u00e7ka q\u00eb ka&#8221;.<\/span><\/p>\n<p><span style=\"color: #000000;\"><em>\u201cPete Hegseth d\u00ebshiron t\u2019u d\u00ebrgoj\u00eb mesazhin \u00e7do ushtaraku n\u00eb pension se n\u00ebse thon\u00eb di\u00e7ka q\u00eb atij ose Donald Trumpit nuk i p\u00eblqen, do t\u2019i sulmojn\u00eb n\u00eb t\u00eb nj\u00ebjt\u00ebn m\u00ebnyr\u00eb. \u00cbsht\u00eb skandaloze dhe e gabuar. Nuk ka asgj\u00eb m\u00eb joamerikane se kjo\u201d<\/em>, tha Kelly n\u00eb nj\u00eb deklarat\u00eb p\u00ebr X.<\/span><\/p>\n<p><span style=\"color: #000000;\">Kelly mund t\u00eb p\u00ebrballet me masa shtes\u00eb n\u00eb t\u00eb ardhmen n\u00eb var\u00ebsi t\u00eb veprimeve t\u00eb tij, tha Hegseth n\u00eb nj\u00eb deklarat\u00eb p\u00ebr X.<\/span><\/p>\n<p><span style=\"color: #000000;\">Hapat e njoftuar nga Hegseth p\u00ebrfaq\u00ebsojn\u00eb veprimet e fundit t\u00eb nd\u00ebrmarra nga administrata Trump q\u00eb synojn\u00eb kritik\u00ebt e presidentit republikan. Demokrat\u00ebt dhe kritik\u00eb t\u00eb tjer\u00eb e kan\u00eb akuzuar Trump se po p\u00ebrpiqet t\u00eb shtyp\u00eb disident\u00ebt.<\/span><\/p>\n<p><span style=\"color: #000000;\">Edhe pse e jasht\u00ebzakonshme, kritika ndaj Kelly-t nuk arrin t\u00eb p\u00ebrmbush\u00eb k\u00ebrc\u00ebnimin e b\u00ebr\u00eb m\u00eb par\u00eb nga administrata p\u00ebr ta thirrur Kelly-n n\u00eb statusin e sh\u00ebrbimit aktiv ushtarak me q\u00ebllim q\u00eb ta ndiqte penalisht pas asaj q\u00eb e p\u00ebrshkroi si sjellje kryengrit\u00ebse, shkruan<span style=\"color: #0000ff;\"><a style=\"color: #0000ff;\" href=\"https:\/\/www.reuters.com\/world\/us\/pentagon-demote-sen-kelly-retired-navy-rank-captain-stops-short-threatened-trial-2026-01-05\/\"><strong> Reuters.<\/strong><\/a><\/span><\/span><\/p>\n<p><span style=\"color: #000000;\">Hegseth vuri n\u00eb dukje se Kelly ka 30 dit\u00eb p\u00ebr t&#8217;u p\u00ebrgjigjur dhe se procesi administrativ do t\u00eb p\u00ebrfundoj\u00eb 15 dit\u00eb m\u00eb von\u00eb.<\/span><\/p>\n<p><span style=\"color: #000000;\"><em>\u201cStatusi i Kapiten Kelly si senator n\u00eb detyr\u00eb i Shteteve t\u00eb Bashkuara nuk e p\u00ebrjashton at\u00eb nga p\u00ebrgjegj\u00ebsia dhe shkeljet e m\u00ebtejshme mund t\u00eb rezultojn\u00eb n\u00eb veprime t\u00eb m\u00ebtejshme\u201d<\/em>, shkroi Hegseth n\u00eb postimin e tij n\u00eb rrjetet sociale.<\/span><\/p>\n<p><span style=\"color: #000000;\">Kelly dhe ligjv\u00ebn\u00ebsit e tjer\u00eb i kan\u00eb mbrojtur v\u00ebrejtjet e tyre t\u00eb b\u00ebra n\u00eb nj\u00eb videomesazh t\u00eb 18 n\u00ebntorit, duke th\u00ebn\u00eb se ata thjesht po deklaronin se \u00e7far\u00eb k\u00ebrkon ligji amerikan nga trupat n\u00ebse atyre u jepet nj\u00eb urdh\u00ebr i paligjsh\u00ebm.<\/span><\/p>\n<p><span style=\"color: #000000;\">Mesazhi video u publikua n\u00eb nj\u00eb koh\u00eb shqet\u00ebsimi t\u00eb shtuar midis demokrat\u00ebve, t\u00eb cilin e mb\u00ebshtet\u00ebn privatisht disa zyrtar\u00eb aktual\u00eb ushtarak\u00eb amerikan\u00eb, se administrata po shkel ligjin duke urdh\u00ebruar ushtrin\u00eb amerikane t\u00eb vras\u00eb t\u00eb dyshuarit p\u00ebr trafik droge n\u00eb sulme ndaj anijeve t\u00eb tyre n\u00eb uj\u00ebrat e Amerik\u00ebs Latine.<\/span><\/p>\n<\/div>\n","protected":false,"gt_translate_keys":[{"key":"rendered","format":"html"}]},"excerpt":{"rendered":"<p>Shefi i Pentagonit i Presidentit\u00a0Donald Trump\u00a0njoftoi t\u00eb h\u00ebn\u00ebn planet p\u00ebr t\u00eb ulur n\u00eb detyr\u00eb senatorin amerikan Mark Kelly nga grada e tij si kapiten i pensionuar i Marin\u00ebs p\u00ebr &#8220;sjellje t\u00eb pamatur&#8221; t\u00eb dyshuar, pasi ai dhe ligjv\u00ebn\u00ebs t\u00eb tjer\u00eb demokrat\u00eb u b\u00ebn\u00eb thirrje trupave t\u00eb refuzojn\u00eb \u00e7do urdh\u00ebr t\u00eb paligjsh\u00ebm. Sekretari i Mbrojtjes i [&hellip;]<\/p>\n","protected":false,"gt_translate_keys":[{"key":"rendered","format":"html"}]},"author":49,"featured_media":779903,"comment_status":"closed","ping_status":"open","sticky":false,"template":"","format":"standard","meta":{"footnotes":""},"categories":[6],"tags":[],"class_list":["post-779902","post","type-post","status-publish","format-standard","has-post-thumbnail","hentry","category-nderkombetare"],"gt_translate_keys":[{"key":"link","format":"url"}],"_links":{"self":[{"href":"https:\/\/www.hashtag.al\/index.php\/wp-json\/wp\/v2\/posts\/779902","targetHints":{"allow":["GET"]}}],"collection":[{"href":"https:\/\/www.hashtag.al\/index.php\/wp-json\/wp\/v2\/posts"}],"about":[{"href":"https:\/\/www.hashtag.al\/index.php\/wp-json\/wp\/v2\/types\/post"}],"author":[{"embeddable":true,"href":"https:\/\/www.hashtag.al\/index.php\/wp-json\/wp\/v2\/users\/49"}],"replies":[{"embeddable":true,"href":"https:\/\/www.hashtag.al\/index.php\/wp-json\/wp\/v2\/comments?post=779902"}],"version-history":[{"count":99999,"href":"https:\/\/www.hashtag.al\/index.php\/wp-json\/wp\/v2\/posts\/779902\/revisions"}],"predecessor-version":[{"id":779904,"href":"https:\/\/www.hashtag.al\/index.php\/wp-json\/wp\/v2\/posts\/779902\/revisions\/779904"}],"wp:featuredmedia":[{"embeddable":true,"href":"https:\/\/www.hashtag.al\/index.php\/wp-json\/wp\/v2\/media\/779903"}],"wp:attachment":[{"href":"https:\/\/www.hashtag.al\/index.php\/wp-json\/wp\/v2\/media?parent=779902"}],"wp:term":[{"taxonomy":"category","embeddable":true,"href":"https:\/\/www.hashtag.al\/index.php\/wp-json\/wp\/v2\/categories?post=779902"},{"taxonomy":"post_tag","embeddable":true,"href":"https:\/\/www.hashtag.al\/index.php\/wp-json\/wp\/v2\/tags?post=779902"}],"curies":[{"name":"wp","href":"https:\/\/api.w.org\/{rel}","templated":true}]}}