{"id":779838,"date":"2026-01-05T21:04:37","date_gmt":"2026-01-05T20:04:37","guid":{"rendered":"https:\/\/www.hashtag.al\/?p=779838"},"modified":"2026-01-05T21:04:37","modified_gmt":"2026-01-05T20:04:37","slug":"balluku-sdihet-ku-i-coi-53-milione-eurot-e-tunelit-te-llogarase-400-milione-euro-per-inceneratoret-e-plehrat-mbeten-rrugeve-lapaj","status":"publish","type":"post","link":"https:\/\/www.hashtag.al\/index.php\/2026\/01\/05\/balluku-sdihet-ku-i-coi-53-milione-eurot-e-tunelit-te-llogarase-400-milione-euro-per-inceneratoret-e-plehrat-mbeten-rrugeve-lapaj\/","title":{"rendered":"\u201cBalluku s\u2019dihet ku i \u00e7oi 53 milion\u00eb eurot e Tunelit t\u00eb \u00a0Llogaras\u00eb, 400 milion\u00eb euro p\u00ebr incenerator\u00ebt e plehrat mbet\u00ebn rrug\u00ebve\u201d &#8211; Lapaj","gt_translate_keys":[{"key":"rendered","format":"text"}]},"content":{"rendered":"<p><img loading=\"lazy\" decoding=\"async\" class=\"aligncenter size-full wp-image-779839\" src=\"https:\/\/www.hashtag.al\/wp-content\/uploads\/2026\/01\/lapaj.jpg\" alt=\"\" width=\"1046\" height=\"681\" srcset=\"https:\/\/www.hashtag.al\/wp-content\/uploads\/2026\/01\/lapaj.jpg 1046w, https:\/\/www.hashtag.al\/wp-content\/uploads\/2026\/01\/lapaj-300x195.jpg 300w, https:\/\/www.hashtag.al\/wp-content\/uploads\/2026\/01\/lapaj-1024x667.jpg 1024w, https:\/\/www.hashtag.al\/wp-content\/uploads\/2026\/01\/lapaj-768x500.jpg 768w\" sizes=\"auto, (max-width: 1046px) 100vw, 1046px\" \/><\/p>\n<p><span style=\"color: #000000;\">Kreu i Shqip\u00ebria B\u00ebhet Adriatik Lapaj tha pas rikthimit n\u00eb sheshin para kryeministris\u00eb s\u00eb kreu i qeveris\u00eb Rama duhet t\u00eb dor\u00ebhiqet p\u00ebr abuzimet dhe skandalet q\u00eb kan\u00eb shoq\u00ebruar qeverisjen e tij. <\/span><\/p>\n<p><span style=\"color: #000000;\">Ai tha se zv.kryeministrja Belinda Balluku nuk dihet se ku i ka \u00e7uar 50 milion\u00eb eurot e Tunelit t\u00eb Llogaras\u00eb. Ai ceku edhe \u00e7\u00ebshtjen e incenerator\u00ebve teksa tha se mbi 400 milion\u00eb euro jan\u00eb shpenzuar p\u00ebr to nd\u00ebrkoh\u00eb q\u00eb plehrat kan\u00eb mbetur rrug\u00ebv\u00eb.<\/span><\/p>\n<p><span style=\"color: #000000;\"><em>\u201cUn\u00eb jam kam fajin Belinda Ballukut q\u00eb 53 mln i \u00e7on n\u00eb drejtim t\u00eb paditur. Un\u00eb ia kam fajin k\u00ebtyre p\u00ebr 400 mln eurot e incenerator\u00ebve dhe plehrat ngelen rrug\u00ebve. Un\u00eb dit\u00ebn q\u00eb nuk i them k\u00ebto nuk rri m\u00eb n\u00eb jet\u00eb publike dhe madje as n\u00eb Shqip\u00ebri. Un\u00eb po merrem me Edi Ram\u00ebn si kryeminist\u00ebr, me Edi Ram\u00ebn q\u00eb ka marr\u00eb n\u00eb mbrojtje Belinda Ballukun. Jo Ballukun si zonj\u00eb si grua si n\u00ebn\u00eb, por si ministre dhe zv\/kryeministre q\u00eb \u00ebsht\u00eb kapur n\u00eb abuzim. Me Belind\u00ebn si njeri nuk ka problem, problemin e kam me funksionarin e shtetit.\u201d &#8211; <\/em>tha Lapaj.<\/span><\/p>\n","protected":false,"gt_translate_keys":[{"key":"rendered","format":"html"}]},"excerpt":{"rendered":"<p>Kreu i Shqip\u00ebria B\u00ebhet Adriatik Lapaj tha pas rikthimit n\u00eb sheshin para kryeministris\u00eb s\u00eb kreu i qeveris\u00eb Rama duhet t\u00eb dor\u00ebhiqet p\u00ebr abuzimet dhe skandalet q\u00eb kan\u00eb shoq\u00ebruar qeverisjen e tij. Ai tha se zv.kryeministrja Belinda Balluku nuk dihet se ku i ka \u00e7uar 50 milion\u00eb eurot e Tunelit t\u00eb Llogaras\u00eb. Ai ceku edhe \u00e7\u00ebshtjen [&hellip;]<\/p>\n","protected":false,"gt_translate_keys":[{"key":"rendered","format":"html"}]},"author":51,"featured_media":779839,"comment_status":"closed","ping_status":"open","sticky":false,"template":"","format":"standard","meta":{"footnotes":""},"categories":[65],"tags":[],"class_list":["post-779838","post","type-post","status-publish","format-standard","has-post-thumbnail","hentry","category-lajme"],"gt_translate_keys":[{"key":"link","format":"url"}],"_links":{"self":[{"href":"https:\/\/www.hashtag.al\/index.php\/wp-json\/wp\/v2\/posts\/779838","targetHints":{"allow":["GET"]}}],"collection":[{"href":"https:\/\/www.hashtag.al\/index.php\/wp-json\/wp\/v2\/posts"}],"about":[{"href":"https:\/\/www.hashtag.al\/index.php\/wp-json\/wp\/v2\/types\/post"}],"author":[{"embeddable":true,"href":"https:\/\/www.hashtag.al\/index.php\/wp-json\/wp\/v2\/users\/51"}],"replies":[{"embeddable":true,"href":"https:\/\/www.hashtag.al\/index.php\/wp-json\/wp\/v2\/comments?post=779838"}],"version-history":[{"count":99999,"href":"https:\/\/www.hashtag.al\/index.php\/wp-json\/wp\/v2\/posts\/779838\/revisions"}],"predecessor-version":[{"id":779841,"href":"https:\/\/www.hashtag.al\/index.php\/wp-json\/wp\/v2\/posts\/779838\/revisions\/779841"}],"wp:featuredmedia":[{"embeddable":true,"href":"https:\/\/www.hashtag.al\/index.php\/wp-json\/wp\/v2\/media\/779839"}],"wp:attachment":[{"href":"https:\/\/www.hashtag.al\/index.php\/wp-json\/wp\/v2\/media?parent=779838"}],"wp:term":[{"taxonomy":"category","embeddable":true,"href":"https:\/\/www.hashtag.al\/index.php\/wp-json\/wp\/v2\/categories?post=779838"},{"taxonomy":"post_tag","embeddable":true,"href":"https:\/\/www.hashtag.al\/index.php\/wp-json\/wp\/v2\/tags?post=779838"}],"curies":[{"name":"wp","href":"https:\/\/api.w.org\/{rel}","templated":true}]}}