{"id":779752,"date":"2026-01-05T10:04:16","date_gmt":"2026-01-05T09:04:16","guid":{"rendered":"https:\/\/www.hashtag.al\/?p=779752"},"modified":"2026-01-05T10:04:16","modified_gmt":"2026-01-05T09:04:16","slug":"gjykata-e-posacme-shtyn-per-19-janar-seancen-ndaj-erion-veliajt-dhe-bashkepandehurve","status":"publish","type":"post","link":"https:\/\/www.hashtag.al\/index.php\/2026\/01\/05\/gjykata-e-posacme-shtyn-per-19-janar-seancen-ndaj-erion-veliajt-dhe-bashkepandehurve\/","title":{"rendered":"Gjykata e Posa\u00e7me shtyn p\u00ebr 19 janar seanc\u00ebn ndaj Erion Veliajt dhe bashk\u00ebpandehurve","gt_translate_keys":[{"key":"rendered","format":"text"}]},"content":{"rendered":"<p><span style=\"color: #000000;\"><img loading=\"lazy\" decoding=\"async\" class=\"size-full wp-image-776364 aligncenter\" src=\"https:\/\/www.hashtag.al\/wp-content\/uploads\/2025\/12\/1763362158_erionveliaj.jpg\" alt=\"\" width=\"780\" height=\"440\" srcset=\"https:\/\/www.hashtag.al\/wp-content\/uploads\/2025\/12\/1763362158_erionveliaj.jpg 780w, https:\/\/www.hashtag.al\/wp-content\/uploads\/2025\/12\/1763362158_erionveliaj-300x169.jpg 300w, https:\/\/www.hashtag.al\/wp-content\/uploads\/2025\/12\/1763362158_erionveliaj-768x433.jpg 768w\" sizes=\"auto, (max-width: 780px) 100vw, 780px\" \/><br \/>\nGjykata e Posa\u00e7me ka shtyr\u00eb p\u00ebr dat\u00ebn 19 janar seanc\u00ebn e radh\u00ebs s\u00eb shqyrtimit paraprak ndaj kryebashkiakut t\u00eb Tiran\u00ebs, Erion Veliaj, dhe bashk\u00ebpandehurve t\u00eb tij.<\/span><\/p>\n<p><span style=\"color: #000000;\">Sipas burimeve zyrtare, shkak p\u00ebr shtyrjen e seanc\u00ebs u b\u00eb mungesa e dy avokat\u00ebve mbrojt\u00ebs, p\u00ebrfshir\u00eb edhe avokaten kryesore t\u00eb Veliajt. Kjo e fundit ka paraqitur nj\u00eb k\u00ebrkes\u00eb p\u00ebr shtyrje p\u00ebrmes emailit, duke sqaruar se ndodhej jasht\u00eb vendit.<\/span><\/p>\n<p><span style=\"color: #000000;\">N\u00eb seanc\u00ebn e planifikuar p\u00ebr sot nuk ishte i pranish\u00ebm as kryebashkiaku Erion Veliaj.<\/span><\/p>\n<p><span style=\"color: #000000;\">Seanca e ardhshme \u00ebsht\u00eb caktuar p\u00ebr m\u00eb 19 janar, ku Gjykata e Posa\u00e7me pritet t\u00eb vijoj\u00eb me shqyrtimin paraprak t\u00eb \u00e7\u00ebshtjes.<\/span><\/p>\n","protected":false,"gt_translate_keys":[{"key":"rendered","format":"html"}]},"excerpt":{"rendered":"<p>Gjykata e Posa\u00e7me ka shtyr\u00eb p\u00ebr dat\u00ebn 19 janar seanc\u00ebn e radh\u00ebs s\u00eb shqyrtimit paraprak ndaj kryebashkiakut t\u00eb Tiran\u00ebs, Erion Veliaj, dhe bashk\u00ebpandehurve t\u00eb tij. Sipas burimeve zyrtare, shkak p\u00ebr shtyrjen e seanc\u00ebs u b\u00eb mungesa e dy avokat\u00ebve mbrojt\u00ebs, p\u00ebrfshir\u00eb edhe avokaten kryesore t\u00eb Veliajt. Kjo e fundit ka paraqitur nj\u00eb k\u00ebrkes\u00eb p\u00ebr shtyrje [&hellip;]<\/p>\n","protected":false,"gt_translate_keys":[{"key":"rendered","format":"html"}]},"author":32,"featured_media":776364,"comment_status":"closed","ping_status":"open","sticky":false,"template":"","format":"standard","meta":{"footnotes":""},"categories":[65],"tags":[],"class_list":["post-779752","post","type-post","status-publish","format-standard","has-post-thumbnail","hentry","category-lajme"],"gt_translate_keys":[{"key":"link","format":"url"}],"_links":{"self":[{"href":"https:\/\/www.hashtag.al\/index.php\/wp-json\/wp\/v2\/posts\/779752","targetHints":{"allow":["GET"]}}],"collection":[{"href":"https:\/\/www.hashtag.al\/index.php\/wp-json\/wp\/v2\/posts"}],"about":[{"href":"https:\/\/www.hashtag.al\/index.php\/wp-json\/wp\/v2\/types\/post"}],"author":[{"embeddable":true,"href":"https:\/\/www.hashtag.al\/index.php\/wp-json\/wp\/v2\/users\/32"}],"replies":[{"embeddable":true,"href":"https:\/\/www.hashtag.al\/index.php\/wp-json\/wp\/v2\/comments?post=779752"}],"version-history":[{"count":99999,"href":"https:\/\/www.hashtag.al\/index.php\/wp-json\/wp\/v2\/posts\/779752\/revisions"}],"predecessor-version":[{"id":779753,"href":"https:\/\/www.hashtag.al\/index.php\/wp-json\/wp\/v2\/posts\/779752\/revisions\/779753"}],"wp:featuredmedia":[{"embeddable":true,"href":"https:\/\/www.hashtag.al\/index.php\/wp-json\/wp\/v2\/media\/776364"}],"wp:attachment":[{"href":"https:\/\/www.hashtag.al\/index.php\/wp-json\/wp\/v2\/media?parent=779752"}],"wp:term":[{"taxonomy":"category","embeddable":true,"href":"https:\/\/www.hashtag.al\/index.php\/wp-json\/wp\/v2\/categories?post=779752"},{"taxonomy":"post_tag","embeddable":true,"href":"https:\/\/www.hashtag.al\/index.php\/wp-json\/wp\/v2\/tags?post=779752"}],"curies":[{"name":"wp","href":"https:\/\/api.w.org\/{rel}","templated":true}]}}