{"id":779666,"date":"2026-01-03T13:21:21","date_gmt":"2026-01-03T12:21:21","guid":{"rendered":"https:\/\/www.hashtag.al\/?p=779666"},"modified":"2026-01-03T13:21:21","modified_gmt":"2026-01-03T12:21:21","slug":"berisha-rrezimi-i-maduros-lajm-i-mire-per-boten-dhe-per-shqiptaret-ramaduro-te-njejtin-fund","status":"publish","type":"post","link":"https:\/\/www.hashtag.al\/index.php\/2026\/01\/03\/berisha-rrezimi-i-maduros-lajm-i-mire-per-boten-dhe-per-shqiptaret-ramaduro-te-njejtin-fund\/","title":{"rendered":"Berisha: Rr\u00ebzimi i Maduros lajm i mir\u00eb p\u00ebr bot\u00ebn dhe p\u00ebr shqiptar\u00ebt, \u2018Ramaduro\u2019 t\u00eb nj\u00ebjtin fund","gt_translate_keys":[{"key":"rendered","format":"text"}]},"content":{"rendered":"<p><span style=\"color: #000000;\"><img loading=\"lazy\" decoding=\"async\" class=\"alignnone size-full wp-image-779667\" src=\"https:\/\/www.hashtag.al\/wp-content\/uploads\/2026\/01\/WhatsApp-Image-2026-01-03-at-12.23.54-1536x1023-1.jpeg\" alt=\"\" width=\"1536\" height=\"1023\" srcset=\"https:\/\/www.hashtag.al\/wp-content\/uploads\/2026\/01\/WhatsApp-Image-2026-01-03-at-12.23.54-1536x1023-1.jpeg 1536w, https:\/\/www.hashtag.al\/wp-content\/uploads\/2026\/01\/WhatsApp-Image-2026-01-03-at-12.23.54-1536x1023-1-300x200.jpeg 300w, https:\/\/www.hashtag.al\/wp-content\/uploads\/2026\/01\/WhatsApp-Image-2026-01-03-at-12.23.54-1536x1023-1-1024x682.jpeg 1024w, https:\/\/www.hashtag.al\/wp-content\/uploads\/2026\/01\/WhatsApp-Image-2026-01-03-at-12.23.54-1536x1023-1-768x512.jpeg 768w\" sizes=\"auto, (max-width: 1536px) 100vw, 1536px\" \/><\/span><\/p>\n<p><span style=\"color: #000000;\">Kreu i Partis\u00eb Demokratike, Sali Berisha, ka b\u00ebr\u00eb daljen e tij t\u00eb par\u00eb publike p\u00ebr vitin 2026, duke komentuar zhvillimet e fundit n\u00eb Venezuel\u00eb dhe situat\u00ebn politike n\u00eb Shqip\u00ebri.<\/span><\/p>\n<p><span style=\"color: #000000;\">N\u00eb fjal\u00ebn e tij, Berisha e cil\u00ebsoi rr\u00ebzimin dhe arrestimin e presidentit venezuelian Nicol\u00e1s Maduro pas nd\u00ebrhyrjes s\u00eb Shteteve t\u00eb Bashkuara si nj\u00eb zhvillim pozitiv, nd\u00ebrsa e krahasoi kryeministrin Edi Rama me ish-udh\u00ebheq\u00ebsin venezuelian, duke e quajtur <em>\u201cRamaduro\u201d<\/em>.<\/span><\/p>\n<p><span style=\"color: #000000;\">Duke iu referuar deklaratave t\u00eb fundit t\u00eb kryeministrit, Berisha tha se Edi Rama ka shpallur nj\u00eb luft\u00eb t\u00eb hapur ndaj drejt\u00ebsis\u00eb dhe se vendi po shkon drejt nj\u00eb situate t\u00eb rrezikshme politike.<\/span><\/p>\n<p><span style=\"color: #000000;\"><em>\u201cEdi Rama, apo Ramaduro, i ka shpallur luft\u00eb t\u00eb hapur drejt\u00ebsis\u00eb. N\u00eb monologun e tij treor\u00ebsh ai pranoi t\u00eb gjitha vjedhjet q\u00eb u ka b\u00ebr\u00eb shqiptar\u00ebve, por nuk i konsideron vjedhje. Ndaj edhe mori n\u00eb mbrojtje \u2018Lubi\u2019 Ballukun dhe Lind\u00ebn e AKSHI-t, p\u00ebr t\u00eb cil\u00ebn tha se kishte respekt maksimal. Njeriu q\u00eb drejtoi arkat e familjes Rama nuk ka si t\u00eb mos ket\u00eb respekt maksimal,\u201d<\/em> u shpreh Berisha.<\/span><\/p>\n<p><span style=\"color: #000000;\">Sipas tij, zhvillimi m\u00eb dramatik \u00ebsht\u00eb refuzimi i hapur i institucioneve t\u00eb drejt\u00ebsis\u00eb nga ana e kryeministrit.<\/span><\/p>\n<p><span style=\"color: #000000;\"><em>\u201cRama u zotua se nuk do t\u00eb pranoj\u00eb vendimet e prokuroris\u00eb dhe gjykatave p\u00ebr rrethin e tij familjar dhe ministrat e tij. N\u00eb k\u00ebt\u00eb kontekst mbetet vet\u00ebm z\u00ebri i opozit\u00ebs. Po shkohet drejt nj\u00eb grushti shteti dhe fjal\u00ebn e ka populli, dhe vet\u00ebm populli. Kjo situat\u00eb na fton dhe nuk gjen ask\u00ebnd t\u00eb pap\u00ebrgatitur,\u201d<\/em> deklaroi Berisha.<\/span><\/p>\n<p><span style=\"color: #000000;\">N\u00eb lidhje me zhvillimet n\u00eb Venezuel\u00eb, kreu i PD-s\u00eb theksoi se vendimi i SHBA-s\u00eb p\u00ebr rr\u00ebzimin dhe arrestimin e Madurros p\u00ebrb\u00ebn nj\u00eb lajm t\u00eb mir\u00eb p\u00ebr bot\u00ebn e lir\u00eb.<\/span><\/p>\n<p><span style=\"color: #000000;\"><em>\u201cForcat ushtarake amerikane dhe qeveria e SHBA-s\u00eb mor\u00ebn vendimin p\u00ebr rr\u00ebzimin, arrestimin e diktatorit t\u00eb sh\u00ebmtuar t\u00eb Venezuel\u00ebs, Maduros, dhe evakuimin e tij jasht\u00eb vendit p\u00ebr t\u2019i b\u00ebr\u00eb gjyqin e merituar. Largimi i k\u00ebtij diktatori, t\u00eb lidhur me drog\u00ebn dhe manipulimin e zgjedhjeve, \u00ebsht\u00eb nj\u00eb lajm i mir\u00eb p\u00ebr t\u00eb gjith\u00eb njer\u00ebzit e lir\u00eb, ve\u00e7an\u00ebrisht p\u00ebr popullin e Venezuel\u00ebs,\u201d<\/em> tha ai.<\/span><\/p>\n<p><span style=\"color: #000000;\">Berisha shtoi se ky zhvillim \u00ebsht\u00eb pozitiv edhe p\u00ebr shqiptar\u00ebt, duke e lidhur situat\u00ebn n\u00eb Venezuel\u00eb me realitetin politik n\u00eb Shqip\u00ebri.<\/span><\/p>\n<p><span style=\"color: #000000;\"><em>\u201c\u00cbsht\u00eb nj\u00eb lajm shum\u00eb i mir\u00eb edhe p\u00ebr shqiptar\u00ebt, t\u00eb cil\u00ebt p\u00ebrjetojn\u00eb regjimin e klonit t\u00eb tij n\u00eb Shqip\u00ebri, q\u00eb mediat amerikane dhe jo vet\u00ebm e kan\u00eb quajtur \u2018Ramaduro\u2019. K\u00ebto zhvillime jan\u00eb nj\u00eb inkurajim i madh p\u00ebr opozit\u00ebn shqiptare p\u00ebr t\u00eb b\u00ebr\u00eb detyr\u00ebn e saj dhe p\u00ebr largimin sa m\u00eb t\u00eb shpejt\u00eb nga pushteti t\u00eb nj\u00eb diktatori q\u00eb q\u00ebndron mbi vot\u00ebn e grabitur, lidhjet me krimin dhe drog\u00ebn dhe vjedhjen e shqiptar\u00ebve,\u201d<\/em> u shpreh ai.<\/span><\/p>\n<p><span style=\"color: #000000;\">N\u00eb fund t\u00eb fjal\u00ebs s\u00eb tij, Berisha iu referua edhe protestave n\u00eb Iran, duke theksuar se <em>\u201cqytete t\u00eb t\u00ebra jan\u00eb p\u00ebrfshir\u00eb nga protesta t\u00eb fuqishme\u201d<\/em> dhe duke uruar q\u00eb udh\u00ebheqja iraniane t\u00eb ket\u00eb, sipas tij, <em>\u201csa m\u00eb shpejt fatin e Maduros\u201d<\/em>.<\/span><\/p>\n","protected":false,"gt_translate_keys":[{"key":"rendered","format":"html"}]},"excerpt":{"rendered":"<p>Kreu i Partis\u00eb Demokratike, Sali Berisha, ka b\u00ebr\u00eb daljen e tij t\u00eb par\u00eb publike p\u00ebr vitin 2026, duke komentuar zhvillimet e fundit n\u00eb Venezuel\u00eb dhe situat\u00ebn politike n\u00eb Shqip\u00ebri. N\u00eb fjal\u00ebn e tij, Berisha e cil\u00ebsoi rr\u00ebzimin dhe arrestimin e presidentit venezuelian Nicol\u00e1s Maduro pas nd\u00ebrhyrjes s\u00eb Shteteve t\u00eb Bashkuara si nj\u00eb zhvillim pozitiv, nd\u00ebrsa [&hellip;]<\/p>\n","protected":false,"gt_translate_keys":[{"key":"rendered","format":"html"}]},"author":32,"featured_media":779667,"comment_status":"closed","ping_status":"open","sticky":false,"template":"","format":"standard","meta":{"footnotes":""},"categories":[65],"tags":[],"class_list":["post-779666","post","type-post","status-publish","format-standard","has-post-thumbnail","hentry","category-lajme"],"gt_translate_keys":[{"key":"link","format":"url"}],"_links":{"self":[{"href":"https:\/\/www.hashtag.al\/index.php\/wp-json\/wp\/v2\/posts\/779666","targetHints":{"allow":["GET"]}}],"collection":[{"href":"https:\/\/www.hashtag.al\/index.php\/wp-json\/wp\/v2\/posts"}],"about":[{"href":"https:\/\/www.hashtag.al\/index.php\/wp-json\/wp\/v2\/types\/post"}],"author":[{"embeddable":true,"href":"https:\/\/www.hashtag.al\/index.php\/wp-json\/wp\/v2\/users\/32"}],"replies":[{"embeddable":true,"href":"https:\/\/www.hashtag.al\/index.php\/wp-json\/wp\/v2\/comments?post=779666"}],"version-history":[{"count":99999,"href":"https:\/\/www.hashtag.al\/index.php\/wp-json\/wp\/v2\/posts\/779666\/revisions"}],"predecessor-version":[{"id":779668,"href":"https:\/\/www.hashtag.al\/index.php\/wp-json\/wp\/v2\/posts\/779666\/revisions\/779668"}],"wp:featuredmedia":[{"embeddable":true,"href":"https:\/\/www.hashtag.al\/index.php\/wp-json\/wp\/v2\/media\/779667"}],"wp:attachment":[{"href":"https:\/\/www.hashtag.al\/index.php\/wp-json\/wp\/v2\/media?parent=779666"}],"wp:term":[{"taxonomy":"category","embeddable":true,"href":"https:\/\/www.hashtag.al\/index.php\/wp-json\/wp\/v2\/categories?post=779666"},{"taxonomy":"post_tag","embeddable":true,"href":"https:\/\/www.hashtag.al\/index.php\/wp-json\/wp\/v2\/tags?post=779666"}],"curies":[{"name":"wp","href":"https:\/\/api.w.org\/{rel}","templated":true}]}}