{"id":779648,"date":"2026-01-03T09:52:19","date_gmt":"2026-01-03T08:52:19","guid":{"rendered":"https:\/\/www.hashtag.al\/?p=779648"},"modified":"2026-01-03T09:52:19","modified_gmt":"2026-01-03T08:52:19","slug":"tabaku-hap-vitin-2026-me-ceshtjen-e-pronave-ligji-socialist-ka-mbaruar-afatin-dhe-ka-deshtuar-ne-zbatim","status":"publish","type":"post","link":"https:\/\/www.hashtag.al\/index.php\/2026\/01\/03\/tabaku-hap-vitin-2026-me-ceshtjen-e-pronave-ligji-socialist-ka-mbaruar-afatin-dhe-ka-deshtuar-ne-zbatim\/","title":{"rendered":"Tabaku hap vitin 2026 me \u00e7\u00ebshtjen e pronave: Ligji socialist ka mbaruar afatin dhe ka d\u00ebshtuar n\u00eb zbatim","gt_translate_keys":[{"key":"rendered","format":"text"}]},"content":{"rendered":"<p><span style=\"color: #000000;\"><img loading=\"lazy\" decoding=\"async\" class=\"alignnone size-full wp-image-718949\" src=\"https:\/\/www.hashtag.al\/wp-content\/uploads\/2025\/01\/tabaku.png\" alt=\"\" width=\"1100\" height=\"581\" srcset=\"https:\/\/www.hashtag.al\/wp-content\/uploads\/2025\/01\/tabaku.png 1100w, https:\/\/www.hashtag.al\/wp-content\/uploads\/2025\/01\/tabaku-300x158.png 300w, https:\/\/www.hashtag.al\/wp-content\/uploads\/2025\/01\/tabaku-1024x541.png 1024w, https:\/\/www.hashtag.al\/wp-content\/uploads\/2025\/01\/tabaku-768x406.png 768w\" sizes=\"auto, (max-width: 1100px) 100vw, 1100px\" \/><\/span><\/p>\n<p><span style=\"color: #000000;\">Deputetja e Partis\u00eb Demokratike, Jorida Tabaku, ka zgjedhur q\u00eb komunikimin e saj t\u00eb par\u00eb publik p\u00ebr vitin 2026 ta nis\u00eb me nj\u00eb nga \u00e7\u00ebshtjet m\u00eb t\u00eb ndjeshme dhe t\u00eb pazgjidhura t\u00eb tranzicionit shqiptar: kthimin dhe kompensimin e pronave.<\/span><\/p>\n<p><span style=\"color: #000000;\">N\u00eb nj\u00eb video-mesazh t\u00eb publikuar n\u00eb rrjetet sociale, Tabaku rikujton se kan\u00eb kaluar 10 vite nga hyrja n\u00eb fuqi e ligjit p\u00ebr trajtimin e pronave, nj\u00eb ligj i miratuar nga mazhoranca socialiste, i cili sipas saj ka p\u00ebrfunduar afatin ligjor t\u00eb zbatimit pa arritur objektivat themelore.<\/span><\/p>\n<p><span style=\"color: #000000;\">Sipas ligjit, brenda nj\u00eb dekade duhej t\u00eb ishin kthyer ose kompensuar t\u00eb gjitha pronat, me nj\u00eb angazhim buxhetor q\u00eb parashikohej t\u00eb arrinte mbi 1 miliard euro, rreth 100 milion\u00eb euro n\u00eb vit. <\/span><\/p>\n<p><span style=\"color: #000000;\">Por realiteti, thekson Tabaku, \u00ebsht\u00eb krejt ndryshe: vet\u00ebm rreth 20% e vendimeve t\u00eb trajtuara pran\u00eb Agjencia e Trajtimit t\u00eb Pronave kan\u00eb p\u00ebrfunduar, nd\u00ebrkoh\u00eb q\u00eb afati ligjor tashm\u00eb ka skaduar.<\/span><\/p>\n<p><span style=\"color: #000000;\">Deputetja ngre pik\u00ebpyetje serioze edhe p\u00ebr mij\u00ebra dosje t\u00eb tjera q\u00eb ndodhen ende n\u00eb proces gjyq\u00ebsor apo n\u00eb shqyrtim administrativ, si dhe p\u00ebr munges\u00ebn totale t\u00eb mund\u00ebsive p\u00ebr kompensim fizik, n\u00eb nj\u00eb koh\u00eb kur trualli publik \u00ebsht\u00eb shp\u00ebrndar\u00eb p\u00ebrmes ligjit t\u00eb investimeve strategjike apo paketave t\u00eb tjera ligjore.<\/span><\/p>\n<p><span style=\"color: #000000;\">Tabaku e cil\u00ebson reform\u00ebn e pronave si nj\u00eb tjet\u00ebr reform\u00eb t\u00eb d\u00ebshtuar t\u00eb qeveris\u00eb socialiste, duke theksuar se pa zgjidhjen e drejt\u00eb t\u00eb pron\u00ebsis\u00eb nuk mund t\u00eb ket\u00eb as investime t\u00eb huaja serioze, as siguri juridike dhe as respektim t\u00eb s\u00eb drejt\u00ebs kushtetuese t\u00eb pron\u00ebs.<\/span><\/p>\n<p><span style=\"color: #000000;\">Ajo ndalet edhe te njoftimi i fundit i qeveris\u00eb p\u00ebr shp\u00ebrndarjen e 14 milion\u00eb eurove p\u00ebr kompensim, duke e quajtur k\u00ebt\u00eb shum\u00eb \u201cnj\u00eb pik\u00eb uji n\u00eb oqeanin e detyrimeve\u201d t\u00eb marra p\u00ebrsip\u00ebr nj\u00eb dekad\u00eb m\u00eb par\u00eb.<\/span><\/p>\n<p><span style=\"color: #000000;\">Mesazhi i Tabakut p\u00ebr vitin 2026 \u00ebsht\u00eb i qart\u00eb: \u00e7\u00ebshtja e pronave mbetet nj\u00eb plag\u00eb e hapur e shtetit shqiptar, dhe d\u00ebshtimi i k\u00ebsaj reforme ishte i paralajm\u00ebruar q\u00eb n\u00eb momentin e miratimit t\u00eb ligjit. Sipas saj, rikthimi i pron\u00ebs tek i zoti \u00ebsht\u00eb kusht themelor p\u00ebr drejt\u00ebsi, ekonomi funksionale dhe shtet t\u00eb s\u00eb drejt\u00ebs.<\/span><\/p>\n<p><iframe loading=\"lazy\" style=\"border: none; overflow: hidden;\" src=\"https:\/\/www.facebook.com\/plugins\/video.php?height=476&amp;href=https%3A%2F%2Fwww.facebook.com%2Freel%2F2070918717035253%2F&amp;show_text=false&amp;width=267&amp;t=0\" width=\"267\" height=\"476\" frameborder=\"0\" scrolling=\"no\" allowfullscreen=\"allowfullscreen\"><\/iframe><\/p>\n","protected":false,"gt_translate_keys":[{"key":"rendered","format":"html"}]},"excerpt":{"rendered":"<p>Deputetja e Partis\u00eb Demokratike, Jorida Tabaku, ka zgjedhur q\u00eb komunikimin e saj t\u00eb par\u00eb publik p\u00ebr vitin 2026 ta nis\u00eb me nj\u00eb nga \u00e7\u00ebshtjet m\u00eb t\u00eb ndjeshme dhe t\u00eb pazgjidhura t\u00eb tranzicionit shqiptar: kthimin dhe kompensimin e pronave. N\u00eb nj\u00eb video-mesazh t\u00eb publikuar n\u00eb rrjetet sociale, Tabaku rikujton se kan\u00eb kaluar 10 vite nga hyrja [&hellip;]<\/p>\n","protected":false,"gt_translate_keys":[{"key":"rendered","format":"html"}]},"author":32,"featured_media":718949,"comment_status":"closed","ping_status":"open","sticky":false,"template":"","format":"standard","meta":{"footnotes":""},"categories":[65],"tags":[],"class_list":["post-779648","post","type-post","status-publish","format-standard","has-post-thumbnail","hentry","category-lajme"],"gt_translate_keys":[{"key":"link","format":"url"}],"_links":{"self":[{"href":"https:\/\/www.hashtag.al\/index.php\/wp-json\/wp\/v2\/posts\/779648","targetHints":{"allow":["GET"]}}],"collection":[{"href":"https:\/\/www.hashtag.al\/index.php\/wp-json\/wp\/v2\/posts"}],"about":[{"href":"https:\/\/www.hashtag.al\/index.php\/wp-json\/wp\/v2\/types\/post"}],"author":[{"embeddable":true,"href":"https:\/\/www.hashtag.al\/index.php\/wp-json\/wp\/v2\/users\/32"}],"replies":[{"embeddable":true,"href":"https:\/\/www.hashtag.al\/index.php\/wp-json\/wp\/v2\/comments?post=779648"}],"version-history":[{"count":99999,"href":"https:\/\/www.hashtag.al\/index.php\/wp-json\/wp\/v2\/posts\/779648\/revisions"}],"predecessor-version":[{"id":779649,"href":"https:\/\/www.hashtag.al\/index.php\/wp-json\/wp\/v2\/posts\/779648\/revisions\/779649"}],"wp:featuredmedia":[{"embeddable":true,"href":"https:\/\/www.hashtag.al\/index.php\/wp-json\/wp\/v2\/media\/718949"}],"wp:attachment":[{"href":"https:\/\/www.hashtag.al\/index.php\/wp-json\/wp\/v2\/media?parent=779648"}],"wp:term":[{"taxonomy":"category","embeddable":true,"href":"https:\/\/www.hashtag.al\/index.php\/wp-json\/wp\/v2\/categories?post=779648"},{"taxonomy":"post_tag","embeddable":true,"href":"https:\/\/www.hashtag.al\/index.php\/wp-json\/wp\/v2\/tags?post=779648"}],"curies":[{"name":"wp","href":"https:\/\/api.w.org\/{rel}","templated":true}]}}