{"id":779573,"date":"2025-12-31T19:02:01","date_gmt":"2025-12-31T18:02:01","guid":{"rendered":"https:\/\/www.hashtag.al\/?p=779573"},"modified":"2025-12-31T19:02:01","modified_gmt":"2025-12-31T18:02:01","slug":"bllokadat-jane-inekzistente-kurti-thote-se-shume-shpejt-do-ta-formoje-kuvendin-dhe-qeverine","status":"publish","type":"post","link":"https:\/\/www.hashtag.al\/index.php\/2025\/12\/31\/bllokadat-jane-inekzistente-kurti-thote-se-shume-shpejt-do-ta-formoje-kuvendin-dhe-qeverine\/","title":{"rendered":"\u201cBllokadat jan\u00eb inekzistente\u201d, Kurti thot\u00eb se shum\u00eb shpejt do ta formoj\u00eb Kuvendin dhe qeverin\u00eb","gt_translate_keys":[{"key":"rendered","format":"text"}]},"content":{"rendered":"<p><img loading=\"lazy\" decoding=\"async\" class=\"aligncenter size-full wp-image-779574\" src=\"https:\/\/www.hashtag.al\/wp-content\/uploads\/2025\/12\/kurti.jpg\" alt=\"\" width=\"2048\" height=\"1366\" srcset=\"https:\/\/www.hashtag.al\/wp-content\/uploads\/2025\/12\/kurti.jpg 2048w, https:\/\/www.hashtag.al\/wp-content\/uploads\/2025\/12\/kurti-300x200.jpg 300w, https:\/\/www.hashtag.al\/wp-content\/uploads\/2025\/12\/kurti-1024x683.jpg 1024w, https:\/\/www.hashtag.al\/wp-content\/uploads\/2025\/12\/kurti-768x512.jpg 768w, https:\/\/www.hashtag.al\/wp-content\/uploads\/2025\/12\/kurti-1536x1025.jpg 1536w\" sizes=\"auto, (max-width: 2048px) 100vw, 2048px\" \/><\/p>\n<p><span style=\"color: #000000;\">Kryeministri n\u00eb detyr\u00eb, Albin Kurti ka th\u00ebn\u00eb se rezultati i zgjedhjeve t\u00eb 28 dhjetorit \u00ebsht\u00eb i qart\u00eb dhe se tashm\u00eb pengesat p\u00ebr konstituimin e kuvendit t\u00eb Kosov\u00ebs dhe qeveris\u00eb jan\u00eb inekzistente.<\/span><\/p>\n<p><span style=\"color: #000000;\">Zgjedhjet e 28 dhjetorit kan\u00eb qart\u00ebsuar sken\u00ebn politike n\u00eb Kosov\u00eb.<\/span><\/p>\n<p><span style=\"color: #000000;\">Me nj\u00eb fitore t\u00eb thell\u00eb t\u00eb Vet\u00ebvendosjes, pritjet jan\u00eb q\u00eb Kuvendi dhe Qeveria e re t\u00eb formohen pa vonesa, pasi \u2013 si\u00e7 u tha \u2013 \u201cbllokadat jan\u00eb inekzistente\u201d.<\/span><\/p>\n<p><span style=\"color: #000000;\">K\u00ebt\u00eb e ka th\u00ebn\u00eb edhe sot kryeministri n\u00eb detyr\u00eb, Albin Kurti, i cili tregoi se rezultati i zgjedhjeve t\u00eb parakohshme t\u00eb 28 dhjetorit \u00ebsht\u00eb i qart\u00eb, dhe se tashm\u00eb pengesat p\u00ebr formimin e Kuvendit t\u00eb Kosov\u00ebs dhe qeveris\u00eb jan\u00eb inekzistente.<\/span><\/p>\n<p><span style=\"color: #000000;\">\u201cNuk kam ndonj\u00eb gj\u00eb t\u00eb re p\u00ebr t\u00eb th\u00ebn\u00eb rezultati \u00ebsht\u00eb m\u00eb i qart\u00eb se asnj\u00ebher\u00eb m\u00eb par\u00eb. Ne kemi pritur se do ta tejkalojm\u00eb rezultatin e 9 shkurtit por duket se po e tejkalojm\u00eb edhe rezultatin e 14 shkurtit 2021. Bllokimi n\u00eb formimin e Kuvendit dhe pengesat p\u00ebr formim t\u00eb qeveris\u00eb s\u00eb re tashm\u00eb jan\u00eb inekzistente\u201d,<\/span><\/p>\n<p><span style=\"color: #000000;\">Ai ka treguar se shum\u00eb shpejt do ta takoj\u00eb presidenten e Kosov\u00ebs, Vjosa Osmani.<\/span><\/p>\n<p><span style=\"color: #000000;\">Osmani ka deklaruar se do t\u00eb kandidoj\u00eb edhe p\u00ebr nj\u00eb mandat si presidente e vendit, e p\u00ebr k\u00ebt\u00eb Kurti tha se s\u00eb pari do t\u00eb presin konstituimin e Kuvendit dhe m\u00eb pas do t\u00eb ecin tutje.<\/span><\/p>\n<p><span style=\"color: #000000;\">\u201cNe s\u00eb pari do t\u00eb presim q\u00eb t\u00eb certifikohen rezultatet duhet te konstituohet Kuvendi t\u00eb shohim p\u00ebrb\u00ebrjen e legjislatur\u00ebs s\u00eb re dhe me pastaj t\u00eb ecim tutje. Por, ashtu si\u00e7 kam th\u00ebn\u00eb sot \u00ebsht\u00eb dita e fundit e vitit 2025, shpejt do ta takoj presidenten Osmani dhe duhet t\u00eb bisedojm\u00eb bashk\u00eb p\u00ebr rrug\u00ebn p\u00ebrpara. Keni parasysh nj\u00ebher\u00eb \u00ebsht\u00eb konstituimi i Kuvendit, formimi i qeveris\u00eb dhe vet\u00ebm m\u00eb pas \u00ebsht\u00eb zgjedhja e presidentes\u201d.<\/span><\/p>\n<p><span style=\"color: #000000;\">M\u00eb 28 dhjetor n\u00eb Kosov\u00eb u mbajt\u00ebn zgjedhjet e parakohshme parlamentare ku e para u rendit L\u00ebvizja Vet\u00ebvendosje me 49.3%.<\/span><\/p>\n<p><span style=\"color: #000000;\">Deri tani jan\u00eb num\u00ebruar votat p\u00ebr kandidat\u00eb p\u00ebr deputet\u00eb n\u00eb 69.03 p\u00ebr qind t\u00eb vendvotimeve. Po ashtu jan\u00eb verifikuar edhe votat p\u00ebr subjektet politike n\u00eb k\u00ebto vendvotime.<\/span><\/p>\n<p><span style=\"color: #000000;\">L\u00ebvizja Vet\u00ebvendosje kryeson me 48.40 p\u00ebr qind t\u00eb votave, pasuar nga Partia Demokratike e Kosov\u00ebs me 21.54 p\u00ebr qind, Lidhja Demokratike e Kosov\u00ebs me 12.50 p\u00ebr qind.<\/span><\/p>\n<p><span style=\"color: #000000;\">Nd\u00ebrsa nga dhjet\u00eb m\u00eb t\u00eb votuarit, n\u00ebnt\u00eb vijn\u00eb nga L\u00ebvizja Vet\u00ebvendosje. Albin Kurti (240,466 vota), Glauk Konjufca (187,440), Albulena Haxhiu (98,215), Hekuran Murati (97,280), Donika G\u00ebrvalla-Schwarz (87,381), Xhelal Sve\u00e7la (78,085), Hajrulla \u00c7eku (71,153), Avni Dehari (71,153), Mimoza Kusari Lila (59,241 vota).<\/span><\/p>\n<p><span style=\"color: #000000;\">E nga PDK-ja \u00ebsht\u00eb kryetari i k\u00ebsaj partie Bedri Hamza me 109 mij\u00eb e 900 vota. Kreu i Lidhjes Demokratike t\u00eb Kosov\u00ebs, Lumir Abdixhiku, nuk gjendet n\u00eb Top 10.<\/span><\/p>\n<p><span style=\"color: #000000;\">Sipas t\u00eb dh\u00ebnave paraprake, LVV-ja do t\u2019i ket\u00eb 56 ul\u00ebse n\u00eb Kuvend, pasuar nga PDK-ja me 23, LDK-ja me 15, Lista Serbe 9 dhe AAK-ja 6.<\/span><\/p>\n<p><span style=\"color: #000000;\">Personi m\u00eb i votuar n\u00eb Kosov\u00eb \u00ebsht\u00eb Albin Kurti, i cili n\u00eb zgjedhjet e rregullta t\u00eb 9 shkurtit i fitoi 337.791 vota, duke thyer rekordin e deriat\u00ebhersh\u00ebm t\u00eb presidentes Vjosa Osmani (300.756 vota).<\/span><\/p>\n<p><span style=\"color: #000000;\">VINI RE: Ky material \u00ebsht\u00eb pron\u00ebsi intelektuale e <a style=\"color: #000000;\" href=\"https:\/\/monitor.al\/bllokadat-jane-inekzistente-kurti-thote-se-shume-shpejt-do-ta-formoje-kuvendin-dhe-qeverine\/\">Monitor<\/a><\/span><\/p>\n","protected":false,"gt_translate_keys":[{"key":"rendered","format":"html"}]},"excerpt":{"rendered":"<p>Kryeministri n\u00eb detyr\u00eb, Albin Kurti ka th\u00ebn\u00eb se rezultati i zgjedhjeve t\u00eb 28 dhjetorit \u00ebsht\u00eb i qart\u00eb dhe se tashm\u00eb pengesat p\u00ebr konstituimin e kuvendit t\u00eb Kosov\u00ebs dhe qeveris\u00eb jan\u00eb inekzistente. Zgjedhjet e 28 dhjetorit kan\u00eb qart\u00ebsuar sken\u00ebn politike n\u00eb Kosov\u00eb. Me nj\u00eb fitore t\u00eb thell\u00eb t\u00eb Vet\u00ebvendosjes, pritjet jan\u00eb q\u00eb Kuvendi dhe Qeveria e [&hellip;]<\/p>\n","protected":false,"gt_translate_keys":[{"key":"rendered","format":"html"}]},"author":51,"featured_media":779574,"comment_status":"closed","ping_status":"open","sticky":false,"template":"","format":"standard","meta":{"footnotes":""},"categories":[149],"tags":[],"class_list":["post-779573","post","type-post","status-publish","format-standard","has-post-thumbnail","hentry","category-kosoverajon"],"gt_translate_keys":[{"key":"link","format":"url"}],"_links":{"self":[{"href":"https:\/\/www.hashtag.al\/index.php\/wp-json\/wp\/v2\/posts\/779573","targetHints":{"allow":["GET"]}}],"collection":[{"href":"https:\/\/www.hashtag.al\/index.php\/wp-json\/wp\/v2\/posts"}],"about":[{"href":"https:\/\/www.hashtag.al\/index.php\/wp-json\/wp\/v2\/types\/post"}],"author":[{"embeddable":true,"href":"https:\/\/www.hashtag.al\/index.php\/wp-json\/wp\/v2\/users\/51"}],"replies":[{"embeddable":true,"href":"https:\/\/www.hashtag.al\/index.php\/wp-json\/wp\/v2\/comments?post=779573"}],"version-history":[{"count":99999,"href":"https:\/\/www.hashtag.al\/index.php\/wp-json\/wp\/v2\/posts\/779573\/revisions"}],"predecessor-version":[{"id":779575,"href":"https:\/\/www.hashtag.al\/index.php\/wp-json\/wp\/v2\/posts\/779573\/revisions\/779575"}],"wp:featuredmedia":[{"embeddable":true,"href":"https:\/\/www.hashtag.al\/index.php\/wp-json\/wp\/v2\/media\/779574"}],"wp:attachment":[{"href":"https:\/\/www.hashtag.al\/index.php\/wp-json\/wp\/v2\/media?parent=779573"}],"wp:term":[{"taxonomy":"category","embeddable":true,"href":"https:\/\/www.hashtag.al\/index.php\/wp-json\/wp\/v2\/categories?post=779573"},{"taxonomy":"post_tag","embeddable":true,"href":"https:\/\/www.hashtag.al\/index.php\/wp-json\/wp\/v2\/tags?post=779573"}],"curies":[{"name":"wp","href":"https:\/\/api.w.org\/{rel}","templated":true}]}}