{"id":779406,"date":"2025-12-30T14:50:25","date_gmt":"2025-12-30T13:50:25","guid":{"rendered":"https:\/\/www.hashtag.al\/?p=779406"},"modified":"2025-12-30T14:50:25","modified_gmt":"2025-12-30T13:50:25","slug":"jemeni-anulon-marreveshjen-e-perbashket-te-mbrojtjes-me-emiratet-e-bashkuara-arabe","status":"publish","type":"post","link":"https:\/\/www.hashtag.al\/index.php\/2025\/12\/30\/jemeni-anulon-marreveshjen-e-perbashket-te-mbrojtjes-me-emiratet-e-bashkuara-arabe\/","title":{"rendered":"Jemeni anulon marr\u00ebveshjen e p\u00ebrbashk\u00ebt t\u00eb mbrojtjes me Emiratet e Bashkuara Arabe","gt_translate_keys":[{"key":"rendered","format":"text"}]},"content":{"rendered":"<p><span style=\"color: #000000;\"><img loading=\"lazy\" decoding=\"async\" class=\"alignnone size-full wp-image-779407\" src=\"https:\/\/www.hashtag.al\/wp-content\/uploads\/2025\/12\/thumbs_b_c_05cd039d2e06e0fa340353abb933b71a.jpg\" alt=\"\" width=\"864\" height=\"486\" srcset=\"https:\/\/www.hashtag.al\/wp-content\/uploads\/2025\/12\/thumbs_b_c_05cd039d2e06e0fa340353abb933b71a.jpg 864w, https:\/\/www.hashtag.al\/wp-content\/uploads\/2025\/12\/thumbs_b_c_05cd039d2e06e0fa340353abb933b71a-300x169.jpg 300w, https:\/\/www.hashtag.al\/wp-content\/uploads\/2025\/12\/thumbs_b_c_05cd039d2e06e0fa340353abb933b71a-768x432.jpg 768w\" sizes=\"auto, (max-width: 864px) 100vw, 864px\" \/><\/span><\/p>\n<p><span style=\"color: #000000;\">Jemeni njoftoi sot anulimin e marr\u00ebveshjes s\u00eb p\u00ebrbashk\u00ebt t\u00eb mbrojtjes me Emiratet e Bashkuara Arabe (EBA) dhe b\u00ebri thirrje p\u00ebr t\u00ebrheqjen e t\u00eb gjitha forcave emirate brenda 24 or\u00ebve, pas d\u00ebrges\u00ebs s\u00eb arm\u00ebve t\u00eb EBA-s\u00eb p\u00ebr forcat e K\u00ebshillit Kalimtar Jugor n\u00eb jug, transmeton <span style=\"color: #0000ff;\"><a style=\"color: #0000ff;\" href=\"https:\/\/www.aa.com.tr\/sq\/bota\/jemeni-anulon-marr%C3%ABveshjen-e-p%C3%ABrbashk%C3%ABt-t%C3%AB-mbrojtjes-me-emiratet-e-bashkuara-arabe\/3784537\">Anadolu.<\/a><\/span><\/span><\/p>\n<p><span style=\"color: #000000;\"><em>&#8220;T\u00eb gjitha forcat emirate duhet t\u00eb t\u00ebrhiqen nga i gjith\u00eb territori i Jemenit brenda 24 or\u00ebve&#8221;,<\/em> tha kryetari i K\u00ebshillit t\u00eb Lidershipit Presidencial t\u00eb Jemenit, Rashad al-Alimi, n\u00eb nj\u00eb fjalim televiziv.<\/span><\/p>\n<p><span style=\"color: #000000;\">Nj\u00eb gjendje e jasht\u00ebzakonshme \u00ebsht\u00eb shpallur n\u00eb t\u00eb gjith\u00eb vendin, e cila hyn n\u00eb fuqi nga sot p\u00ebr nj\u00eb periudh\u00eb prej 90 dit\u00ebsh, s\u00eb bashku me nj\u00eb ndalim 72-or\u00ebsh ajror dhe tok\u00ebsor n\u00eb t\u00eb gjitha portet dhe kalimet kufitare, tha Al-Alimi.<\/span><\/p>\n<p><span style=\"color: #000000;\">M\u00eb par\u00eb, koalicioni i udh\u00ebhequr nga Arabia Saudite n\u00eb Jemen sot nisi sulm ajror &#8220;t\u00eb kufizuar&#8221; q\u00eb synonte dy anije n\u00eb portin e Mukalla-s t\u00eb Jemenit.<\/span><\/p>\n<p><span style=\"color: #000000;\">N\u00eb komentet e raportuara nga agjencia saudite e medias, z\u00ebdh\u00ebn\u00ebsi i Forcave t\u00eb Koalicionit, gjeneral major Turki al-Maliki tha se dy anije q\u00eb mb\u00ebrrit\u00ebn nga porti Fujairah i EBA-s\u00eb Arabe hyn\u00eb n\u00eb portin e Mukalla-s m\u00eb 27-28 dhjetor pa siguruar autorizim zyrtar nga Komanda e Forcave t\u00eb P\u00ebrbashk\u00ebta t\u00eb koalicionit.<\/span><\/p>\n","protected":false,"gt_translate_keys":[{"key":"rendered","format":"html"}]},"excerpt":{"rendered":"<p>Jemeni njoftoi sot anulimin e marr\u00ebveshjes s\u00eb p\u00ebrbashk\u00ebt t\u00eb mbrojtjes me Emiratet e Bashkuara Arabe (EBA) dhe b\u00ebri thirrje p\u00ebr t\u00ebrheqjen e t\u00eb gjitha forcave emirate brenda 24 or\u00ebve, pas d\u00ebrges\u00ebs s\u00eb arm\u00ebve t\u00eb EBA-s\u00eb p\u00ebr forcat e K\u00ebshillit Kalimtar Jugor n\u00eb jug, transmeton Anadolu. &#8220;T\u00eb gjitha forcat emirate duhet t\u00eb t\u00ebrhiqen nga i gjith\u00eb [&hellip;]<\/p>\n","protected":false,"gt_translate_keys":[{"key":"rendered","format":"html"}]},"author":32,"featured_media":779407,"comment_status":"closed","ping_status":"open","sticky":false,"template":"","format":"standard","meta":{"footnotes":""},"categories":[6],"tags":[],"class_list":["post-779406","post","type-post","status-publish","format-standard","has-post-thumbnail","hentry","category-nderkombetare"],"gt_translate_keys":[{"key":"link","format":"url"}],"_links":{"self":[{"href":"https:\/\/www.hashtag.al\/index.php\/wp-json\/wp\/v2\/posts\/779406","targetHints":{"allow":["GET"]}}],"collection":[{"href":"https:\/\/www.hashtag.al\/index.php\/wp-json\/wp\/v2\/posts"}],"about":[{"href":"https:\/\/www.hashtag.al\/index.php\/wp-json\/wp\/v2\/types\/post"}],"author":[{"embeddable":true,"href":"https:\/\/www.hashtag.al\/index.php\/wp-json\/wp\/v2\/users\/32"}],"replies":[{"embeddable":true,"href":"https:\/\/www.hashtag.al\/index.php\/wp-json\/wp\/v2\/comments?post=779406"}],"version-history":[{"count":99999,"href":"https:\/\/www.hashtag.al\/index.php\/wp-json\/wp\/v2\/posts\/779406\/revisions"}],"predecessor-version":[{"id":779408,"href":"https:\/\/www.hashtag.al\/index.php\/wp-json\/wp\/v2\/posts\/779406\/revisions\/779408"}],"wp:featuredmedia":[{"embeddable":true,"href":"https:\/\/www.hashtag.al\/index.php\/wp-json\/wp\/v2\/media\/779407"}],"wp:attachment":[{"href":"https:\/\/www.hashtag.al\/index.php\/wp-json\/wp\/v2\/media?parent=779406"}],"wp:term":[{"taxonomy":"category","embeddable":true,"href":"https:\/\/www.hashtag.al\/index.php\/wp-json\/wp\/v2\/categories?post=779406"},{"taxonomy":"post_tag","embeddable":true,"href":"https:\/\/www.hashtag.al\/index.php\/wp-json\/wp\/v2\/tags?post=779406"}],"curies":[{"name":"wp","href":"https:\/\/api.w.org\/{rel}","templated":true}]}}