{"id":779072,"date":"2025-12-28T16:56:25","date_gmt":"2025-12-28T15:56:25","guid":{"rendered":"https:\/\/www.hashtag.al\/?p=779072"},"modified":"2025-12-28T16:56:25","modified_gmt":"2025-12-28T15:56:25","slug":"italia-arreston-nente-persona-te-dyshuar-per-financim-te-hamasit-permes-bamiresive","status":"publish","type":"post","link":"https:\/\/www.hashtag.al\/index.php\/2025\/12\/28\/italia-arreston-nente-persona-te-dyshuar-per-financim-te-hamasit-permes-bamiresive\/","title":{"rendered":"Italia arreston n\u00ebnt\u00eb persona t\u00eb dyshuar p\u00ebr financim t\u00eb Hamasit p\u00ebrmes bamir\u00ebsive","gt_translate_keys":[{"key":"rendered","format":"text"}]},"content":{"rendered":"<div class=\"text-module__text__0GDob text-module__dark-grey__UFC18 text-module__regular__qJJtA text-module__small__sph8i body-module__full_width__kCIGb body-module__small_body__gOmDf article-body-module__paragraph__Ts-yF\" data-testid=\"paragraph-0\">\n<p><span style=\"color: #000000;\"><img loading=\"lazy\" decoding=\"async\" class=\"aligncenter size-full wp-image-779073\" src=\"https:\/\/www.hashtag.al\/wp-content\/uploads\/2025\/12\/Screenshot-2025-12-28-165527.png\" alt=\"\" width=\"620\" height=\"378\" srcset=\"https:\/\/www.hashtag.al\/wp-content\/uploads\/2025\/12\/Screenshot-2025-12-28-165527.png 620w, https:\/\/www.hashtag.al\/wp-content\/uploads\/2025\/12\/Screenshot-2025-12-28-165527-300x183.png 300w\" sizes=\"auto, (max-width: 620px) 100vw, 620px\" \/><\/span><\/p>\n<p><span style=\"color: #000000;\">Prokuror\u00ebt italian\u00eb than\u00eb t\u00eb shtun\u00ebn se kishin arrestuar n\u00ebnt\u00eb persona me dyshimin p\u00ebr financim t\u00eb Hamasit p\u00ebrmes organizatave bamir\u00ebse me seli n\u00eb Itali, n\u00eb nj\u00eb operacion t\u00eb koordinuar nga nj\u00ebsit\u00eb antimafia dhe antiterroriz\u00ebm.<\/span><\/p>\n<p><span style=\"color: #000000;\">T\u00eb dyshuarit akuzohen se \u201ci p\u00ebrkasin dhe e kan\u00eb financuar\u201d grupin palestinez \u2013 i klasifikuar si grup terrorist nga Izraeli, aleati i tij kryesor SHBA-t\u00eb dhe Bashkimi Evropian \u2013 than\u00eb prokuror\u00ebt n\u00eb qytetin verior italian t\u00eb Xhenov\u00ebs n\u00eb nj\u00eb deklarat\u00eb.<\/span><\/p>\n<p><span style=\"color: #000000;\">T\u00eb arrestuarit dyshohet se i kan\u00eb d\u00ebrguar subjekteve t\u00eb lidhura me Hamasin rreth 7 milion\u00eb euro (8.2 milion\u00eb dollar\u00eb) t\u00eb mbledhura gjat\u00eb dy viteve t\u00eb fundit p\u00ebr q\u00ebllime n\u00eb dukje humanitare, than\u00eb prokuror\u00ebt. Policia sekuestroi asete me vler\u00eb m\u00eb shum\u00eb se 8 milion\u00eb euro.<\/span><\/p>\n<p><span style=\"color: #000000;\">N\u00eb nj\u00eb deklarat\u00eb tjet\u00ebr, policia tha se oficer\u00ebt kishin sekuestruar 1.08 milion euro n\u00eb para t\u00eb gatshme t\u00eb gjetura n\u00eb zyrat e nj\u00eb organizate bamir\u00ebse pro-palestineze dhe n\u00eb sht\u00ebpit\u00eb e t\u00eb dyshuarve, si dhe materiale mb\u00ebshtet\u00ebse t\u00eb Hamasit, armikut t\u00eb Izraelit n\u00eb\u00a0luft\u00ebn dyvje\u00e7are n\u00eb Gaza\u00a0.<\/span><\/p>\n<p><span style=\"color: #000000;\">Hetimi italian filloi pasi transaksione t\u00eb dyshimta financiare u identifikuan n\u00ebp\u00ebrmjet bashk\u00ebpunimit me autoritetet holandeze dhe vendet e tjera t\u00eb BE-s\u00eb, t\u00eb koordinuara p\u00ebrmes agjencis\u00eb gjyq\u00ebsore t\u00eb BE-s\u00eb Eurojust.<\/span><\/p>\n<p><span style=\"color: #000000;\">Kryeministrja Giorgia Meloni fal\u00ebnderoi autoritetet p\u00ebr &#8220;nj\u00eb operacion ve\u00e7an\u00ebrisht kompleks dhe t\u00eb r\u00ebnd\u00ebsish\u00ebm&#8221; q\u00eb zbuloi financimin p\u00ebr Hamasin p\u00ebrmes &#8220;t\u00eb ashtuquajturave organizata bamir\u00ebsie&#8221;.<a href=\"https:\/\/www.reuters.com\/world\/middle-east\/italy-arrests-nine-over-alleged-hamas-funding-through-charities-2025-12-27\/\"><span style=\"color: #0000ff;\"><strong>\/Reuters<\/strong><\/span><\/a><\/span><\/p>\n<\/div>\n","protected":false,"gt_translate_keys":[{"key":"rendered","format":"html"}]},"excerpt":{"rendered":"<p>Prokuror\u00ebt italian\u00eb than\u00eb t\u00eb shtun\u00ebn se kishin arrestuar n\u00ebnt\u00eb persona me dyshimin p\u00ebr financim t\u00eb Hamasit p\u00ebrmes organizatave bamir\u00ebse me seli n\u00eb Itali, n\u00eb nj\u00eb operacion t\u00eb koordinuar nga nj\u00ebsit\u00eb antimafia dhe antiterroriz\u00ebm. T\u00eb dyshuarit akuzohen se \u201ci p\u00ebrkasin dhe e kan\u00eb financuar\u201d grupin palestinez \u2013 i klasifikuar si grup terrorist nga Izraeli, aleati i [&hellip;]<\/p>\n","protected":false,"gt_translate_keys":[{"key":"rendered","format":"html"}]},"author":49,"featured_media":779073,"comment_status":"closed","ping_status":"open","sticky":false,"template":"","format":"standard","meta":{"footnotes":""},"categories":[6],"tags":[],"class_list":["post-779072","post","type-post","status-publish","format-standard","has-post-thumbnail","hentry","category-nderkombetare"],"gt_translate_keys":[{"key":"link","format":"url"}],"_links":{"self":[{"href":"https:\/\/www.hashtag.al\/index.php\/wp-json\/wp\/v2\/posts\/779072","targetHints":{"allow":["GET"]}}],"collection":[{"href":"https:\/\/www.hashtag.al\/index.php\/wp-json\/wp\/v2\/posts"}],"about":[{"href":"https:\/\/www.hashtag.al\/index.php\/wp-json\/wp\/v2\/types\/post"}],"author":[{"embeddable":true,"href":"https:\/\/www.hashtag.al\/index.php\/wp-json\/wp\/v2\/users\/49"}],"replies":[{"embeddable":true,"href":"https:\/\/www.hashtag.al\/index.php\/wp-json\/wp\/v2\/comments?post=779072"}],"version-history":[{"count":99999,"href":"https:\/\/www.hashtag.al\/index.php\/wp-json\/wp\/v2\/posts\/779072\/revisions"}],"predecessor-version":[{"id":779074,"href":"https:\/\/www.hashtag.al\/index.php\/wp-json\/wp\/v2\/posts\/779072\/revisions\/779074"}],"wp:featuredmedia":[{"embeddable":true,"href":"https:\/\/www.hashtag.al\/index.php\/wp-json\/wp\/v2\/media\/779073"}],"wp:attachment":[{"href":"https:\/\/www.hashtag.al\/index.php\/wp-json\/wp\/v2\/media?parent=779072"}],"wp:term":[{"taxonomy":"category","embeddable":true,"href":"https:\/\/www.hashtag.al\/index.php\/wp-json\/wp\/v2\/categories?post=779072"},{"taxonomy":"post_tag","embeddable":true,"href":"https:\/\/www.hashtag.al\/index.php\/wp-json\/wp\/v2\/tags?post=779072"}],"curies":[{"name":"wp","href":"https:\/\/api.w.org\/{rel}","templated":true}]}}