{"id":778834,"date":"2025-12-26T21:53:10","date_gmt":"2025-12-26T20:53:10","guid":{"rendered":"https:\/\/www.hashtag.al\/?p=778834"},"modified":"2025-12-26T21:53:10","modified_gmt":"2025-12-26T20:53:10","slug":"rezervisti-i-idf-se-qellon-ndaj-palestinezeve-shkarkohet-nga-sherbimi-nis-shqyrtimi-i-rastit","status":"publish","type":"post","link":"https:\/\/www.hashtag.al\/index.php\/2025\/12\/26\/rezervisti-i-idf-se-qellon-ndaj-palestinezeve-shkarkohet-nga-sherbimi-nis-shqyrtimi-i-rastit\/","title":{"rendered":"Rezervisti i IDF-s\u00eb q\u00ebllon ndaj palestinez\u00ebve, shkarkohet nga sh\u00ebrbimi, nis shqyrtimi i rastit","gt_translate_keys":[{"key":"rendered","format":"text"}]},"content":{"rendered":"<p><img loading=\"lazy\" decoding=\"async\" class=\"aligncenter size-full wp-image-778836\" src=\"https:\/\/www.hashtag.al\/wp-content\/uploads\/2025\/12\/r19HBgi7We_36_0_1560_877_0_x-large-ezgif.com-avif-to-jpg-converter.jpg\" alt=\"\" width=\"1024\" height=\"576\" srcset=\"https:\/\/www.hashtag.al\/wp-content\/uploads\/2025\/12\/r19HBgi7We_36_0_1560_877_0_x-large-ezgif.com-avif-to-jpg-converter.jpg 1024w, https:\/\/www.hashtag.al\/wp-content\/uploads\/2025\/12\/r19HBgi7We_36_0_1560_877_0_x-large-ezgif.com-avif-to-jpg-converter-300x169.jpg 300w, https:\/\/www.hashtag.al\/wp-content\/uploads\/2025\/12\/r19HBgi7We_36_0_1560_877_0_x-large-ezgif.com-avif-to-jpg-converter-768x432.jpg 768w\" sizes=\"auto, (max-width: 1024px) 100vw, 1024px\" \/><\/p>\n<p><span style=\"color: #000000;\">Nj\u00eb rezervist nga nj\u00eb nj\u00ebsi e mbrojtjes kufitare \u00ebsht\u00eb filmuar dit\u00ebn e djeshme m\u00eb 25 dhjetor 2025 n\u00eb zon\u00ebn e Ramallahut duke shtypur nj\u00eb palestinez me nj\u00eb motomjet (ATV) dhe duke q\u00eblluar drejt palestinez\u00ebve n\u00eb fshatin Deir Jarir, njoftoi ushtria.<\/span><\/p>\n<p><span style=\"color: #000000;\">Ushtria Izraelite (IDF) tha se ka filluar shqyrtimin e incidentit dhe po shqyrton n\u00ebse do hap\u00eb nj\u00eb hetim zyrtar nga policia ushtarake. Deri t\u00eb enjten, nuk ishte shpallur asnj\u00eb hetim i till\u00eb. Rezervisti u shkarkua nga sh\u00ebrbimi dhe arma iu konfiskua.<\/span><\/p>\n<p><span style=\"color: #000000;\">Lidhur me t\u00eb sht\u00ebnat, ushtria tha se veprimet e ushtarit p\u00ebrb\u00ebnin nj\u00eb &#8220;shmangie t\u00eb r\u00ebnd\u00eb nga autoriteti i tij&#8221;. Jan\u00eb raportuar dy persona t\u00eb l\u00ebnduar, ndon\u00ebse gjendja e tyre nuk ishte menj\u00ebher\u00eb e qart\u00eb. Sipas mediave lokale, nj\u00ebri prej tyre u shtyp teksa po falej n\u00eb an\u00eb t\u00eb rrug\u00ebs.<\/span><\/p>\n<p><span style=\"color: #000000;\"><em>&#8220;IDF d\u00ebnon ashp\u00ebr dhe sheh me shum\u00eb r\u00ebnd\u00ebsi \u00e7do shfaqje t\u00eb dhun\u00ebs dhe k\u00ebrkon q\u00eb ushtar\u00ebt dhe komandant\u00ebt e saj t\u00eb veprojn\u00eb n\u00eb p\u00ebrputhje me vlerat e kodit t\u00eb etik\u00ebs s\u00eb IDF-s\u00eb&#8221;<\/em>, tha ushtria n\u00eb nj\u00eb deklarat\u00eb.<\/span><\/p>\n<p><span style=\"color: #000000;\">Raportet p\u00ebr dhun\u00eb kund\u00ebr palestinez\u00ebve n\u00eb Bregun Per\u00ebndimor jan\u00eb rritur muajt e fundit. N\u00eb fillim t\u00eb k\u00ebsaj jave, gjat\u00eb nat\u00ebs mes t\u00eb h\u00ebn\u00ebs dhe t\u00eb mart\u00ebs, forcat izraelite t\u00eb siguris\u00eb arrestuan pes\u00eb t\u00eb dyshuar izraelit\u00eb n\u00ebn dyshimin p\u00ebr p\u00ebrfshirje n\u00eb nj\u00eb sulm t\u00eb dhunsh\u00ebm ndaj nj\u00eb familjeje palestineze n\u00eb zon\u00ebn Masafer Yatta n\u00eb jug t\u00eb Kodrave t\u00eb Hebronit.<\/span><\/p>\n<p><span style=\"color: #000000;\">Tre an\u00ebtar\u00eb t\u00eb familjes, p\u00ebrfshir\u00eb f\u00ebmij\u00eb, pat\u00ebn nevoj\u00eb p\u00ebr trajtim mjek\u00ebsor dhe u d\u00ebrguan n\u00eb spital. Banor\u00ebt raportuan gjithashtu se tre dele ishin therur, dyshohet nga grupi q\u00eb bastisi sht\u00ebpin\u00eb e familjes, shkruan <span style=\"color: #0000ff;\"><a style=\"color: #0000ff;\" href=\"https:\/\/www.ynetnews.com\/article\/hjgfxxoxwx#autoplay\">Ynet<\/a><\/span>.<\/span><\/p>\n<p><span style=\"color: #000000;\">Banor\u00ebt vendas than\u00eb se familja \u00ebsht\u00eb p\u00ebrballur me sulme t\u00eb p\u00ebrs\u00ebritura q\u00eb nga sulmi i Hamasit m\u00eb 7 tetor 2023. Ata treguan se nat\u00ebn e incidentit t\u00eb fundit, kolon\u00ebt nga vendbanimi fqinj i Susya-s thyen dritaret, vandalizuan pasurin\u00eb sht\u00ebpiake dhe d\u00ebmtuan nj\u00eb automjet. Ata gjithashtu pretenduan se sulmuesit p\u00ebrdor\u00ebn thika kund\u00ebr kopes\u00eb s\u00eb familjes, duke plagosur disa kafsh\u00eb.<\/span><\/p>\n<div style=\"width: 720px;\" class=\"wp-video\"><video class=\"wp-video-shortcode\" id=\"video-778834-1\" width=\"720\" height=\"1280\" preload=\"metadata\" controls=\"controls\"><source type=\"video\/mp4\" src=\"https:\/\/www.hashtag.al\/wp-content\/uploads\/2025\/12\/\ud83d\udea8-\u2018Israeli-settler-runs-over-Palestinian-man-during-prayer.mp4?_=1\" \/><a href=\"https:\/\/www.hashtag.al\/wp-content\/uploads\/2025\/12\/\ud83d\udea8-\u2018Israeli-settler-runs-over-Palestinian-man-during-prayer.mp4\">https:\/\/www.hashtag.al\/wp-content\/uploads\/2025\/12\/\ud83d\udea8-\u2018Israeli-settler-runs-over-Palestinian-man-during-prayer.mp4<\/a><\/video><\/div>\n","protected":false,"gt_translate_keys":[{"key":"rendered","format":"html"}]},"excerpt":{"rendered":"<p>Nj\u00eb rezervist nga nj\u00eb nj\u00ebsi e mbrojtjes kufitare \u00ebsht\u00eb filmuar dit\u00ebn e djeshme m\u00eb 25 dhjetor 2025 n\u00eb zon\u00ebn e Ramallahut duke shtypur nj\u00eb palestinez me nj\u00eb motomjet (ATV) dhe duke q\u00eblluar drejt palestinez\u00ebve n\u00eb fshatin Deir Jarir, njoftoi ushtria. Ushtria Izraelite (IDF) tha se ka filluar shqyrtimin e incidentit dhe po shqyrton n\u00ebse do [&hellip;]<\/p>\n","protected":false,"gt_translate_keys":[{"key":"rendered","format":"html"}]},"author":51,"featured_media":778836,"comment_status":"closed","ping_status":"open","sticky":false,"template":"","format":"standard","meta":{"footnotes":""},"categories":[6],"tags":[],"class_list":["post-778834","post","type-post","status-publish","format-standard","has-post-thumbnail","hentry","category-nderkombetare"],"gt_translate_keys":[{"key":"link","format":"url"}],"_links":{"self":[{"href":"https:\/\/www.hashtag.al\/index.php\/wp-json\/wp\/v2\/posts\/778834","targetHints":{"allow":["GET"]}}],"collection":[{"href":"https:\/\/www.hashtag.al\/index.php\/wp-json\/wp\/v2\/posts"}],"about":[{"href":"https:\/\/www.hashtag.al\/index.php\/wp-json\/wp\/v2\/types\/post"}],"author":[{"embeddable":true,"href":"https:\/\/www.hashtag.al\/index.php\/wp-json\/wp\/v2\/users\/51"}],"replies":[{"embeddable":true,"href":"https:\/\/www.hashtag.al\/index.php\/wp-json\/wp\/v2\/comments?post=778834"}],"version-history":[{"count":99999,"href":"https:\/\/www.hashtag.al\/index.php\/wp-json\/wp\/v2\/posts\/778834\/revisions"}],"predecessor-version":[{"id":778837,"href":"https:\/\/www.hashtag.al\/index.php\/wp-json\/wp\/v2\/posts\/778834\/revisions\/778837"}],"wp:featuredmedia":[{"embeddable":true,"href":"https:\/\/www.hashtag.al\/index.php\/wp-json\/wp\/v2\/media\/778836"}],"wp:attachment":[{"href":"https:\/\/www.hashtag.al\/index.php\/wp-json\/wp\/v2\/media?parent=778834"}],"wp:term":[{"taxonomy":"category","embeddable":true,"href":"https:\/\/www.hashtag.al\/index.php\/wp-json\/wp\/v2\/categories?post=778834"},{"taxonomy":"post_tag","embeddable":true,"href":"https:\/\/www.hashtag.al\/index.php\/wp-json\/wp\/v2\/tags?post=778834"}],"curies":[{"name":"wp","href":"https:\/\/api.w.org\/{rel}","templated":true}]}}