{"id":778691,"date":"2025-12-26T08:04:59","date_gmt":"2025-12-26T07:04:59","guid":{"rendered":"https:\/\/www.hashtag.al\/?p=778691"},"modified":"2025-12-26T08:04:59","modified_gmt":"2025-12-26T07:04:59","slug":"osmani-kosova-eshte-me-e-forte-fale-frymes-se-bashkejeteses","status":"publish","type":"post","link":"https:\/\/www.hashtag.al\/index.php\/2025\/12\/26\/osmani-kosova-eshte-me-e-forte-fale-frymes-se-bashkejeteses\/","title":{"rendered":"Osmani: Kosova \u00ebsht\u00eb m\u00eb e fort\u00eb fal\u00eb frym\u00ebs s\u00eb bashk\u00ebjetes\u00ebs","gt_translate_keys":[{"key":"rendered","format":"text"}]},"content":{"rendered":"<p><span style=\"color: #000000;\"><img loading=\"lazy\" decoding=\"async\" class=\"aligncenter size-full wp-image-778692\" src=\"https:\/\/www.hashtag.al\/wp-content\/uploads\/2025\/12\/712925-41aHf7TqYS.jpg\" alt=\"\" width=\"780\" height=\"500\" srcset=\"https:\/\/www.hashtag.al\/wp-content\/uploads\/2025\/12\/712925-41aHf7TqYS.jpg 780w, https:\/\/www.hashtag.al\/wp-content\/uploads\/2025\/12\/712925-41aHf7TqYS-300x192.jpg 300w, https:\/\/www.hashtag.al\/wp-content\/uploads\/2025\/12\/712925-41aHf7TqYS-768x492.jpg 768w\" sizes=\"auto, (max-width: 780px) 100vw, 780px\" \/><\/span><\/p>\n<p><span style=\"color: #000000;\">Presidentja e shtetit, Vjosa Osmani, mbr\u00ebm\u00eb ka q\u00ebndruar n\u00eb Janjev\u00eb si mysafire n\u00eb dy familje p\u00ebr fest\u00ebn e Krishtlindjes.<\/span><\/p>\n<p><span style=\"color: #000000;\"><em>\u201cN\u00eb festat e fundvitit, kur vlerat njer\u00ebzore marrin kuptim m\u00eb t\u00eb thell\u00eb dhe sht\u00ebpit\u00eb mbushen me ngroht\u00ebsi, mbr\u00ebm\u00eb pat\u00ebm nderin t\u00eb jemi mysafir n\u00eb familjen e Vjekoslav Toshiq nga komuniteti kroat si dhe n\u00eb familjen e Anton Gashit, t\u00eb dyja familjet n\u00eb Janjev\u00eb, p\u00ebr t`ua p\u00ebrcjell\u00eb urimet m\u00eb t\u00eb sinqerta dhe frym\u00ebn p\u00ebrbashkuese t\u00eb fest\u00ebs s\u00eb Krishtlindjes\u201d,<\/em> ka shkruar Osmani q\u00eb ka publikuar edhe fotografi nga festa n\u00eb k\u00ebto familje.<\/span><\/p>\n<p><span style=\"color: #000000;\">Me tej, Osmani thot\u00eb se Kosova \u00ebsht\u00eb m\u00eb e fort\u00eb fal\u00eb frym\u00ebs s\u00eb bashk\u00ebjetes\u00ebs.<\/span><\/p>\n<p><span style=\"color: #000000;\"><em>\u201cFestat gjithnj\u00eb na kujtojn\u00eb se paqja, dashuria dhe shpresa jan\u00eb vlera q\u00eb jetojn\u00eb n\u00eb familjet tona dhe n\u00eb tradit\u00ebn ton\u00eb t\u00eb p\u00ebrbashk\u00ebt p\u00ebr kremtimin e festave, si\u00e7 i kemi ndar\u00eb gjithmon\u00eb, s\u00eb bashku, me respekt e mir\u00ebkuptim. Kosova jon\u00eb \u00ebsht\u00eb m\u00eb e fort\u00eb pik\u00ebrisht fal\u00eb k\u00ebsaj fryme bashk\u00ebjetese, mikpritjeje dhe solidariteti, q\u00eb na ka mbajtur t\u00eb lidhur nd\u00ebr breza\u201d,<\/em> ka shkruar Osmani, derisa ka fal\u00ebnderuar t\u00eb dyja familjet p\u00ebr mikpritjen.<\/span><\/p>\n","protected":false,"gt_translate_keys":[{"key":"rendered","format":"html"}]},"excerpt":{"rendered":"<p>Presidentja e shtetit, Vjosa Osmani, mbr\u00ebm\u00eb ka q\u00ebndruar n\u00eb Janjev\u00eb si mysafire n\u00eb dy familje p\u00ebr fest\u00ebn e Krishtlindjes. \u201cN\u00eb festat e fundvitit, kur vlerat njer\u00ebzore marrin kuptim m\u00eb t\u00eb thell\u00eb dhe sht\u00ebpit\u00eb mbushen me ngroht\u00ebsi, mbr\u00ebm\u00eb pat\u00ebm nderin t\u00eb jemi mysafir n\u00eb familjen e Vjekoslav Toshiq nga komuniteti kroat si dhe n\u00eb familjen e [&hellip;]<\/p>\n","protected":false,"gt_translate_keys":[{"key":"rendered","format":"html"}]},"author":49,"featured_media":778692,"comment_status":"closed","ping_status":"open","sticky":false,"template":"","format":"standard","meta":{"footnotes":""},"categories":[65],"tags":[],"class_list":["post-778691","post","type-post","status-publish","format-standard","has-post-thumbnail","hentry","category-lajme"],"gt_translate_keys":[{"key":"link","format":"url"}],"_links":{"self":[{"href":"https:\/\/www.hashtag.al\/index.php\/wp-json\/wp\/v2\/posts\/778691","targetHints":{"allow":["GET"]}}],"collection":[{"href":"https:\/\/www.hashtag.al\/index.php\/wp-json\/wp\/v2\/posts"}],"about":[{"href":"https:\/\/www.hashtag.al\/index.php\/wp-json\/wp\/v2\/types\/post"}],"author":[{"embeddable":true,"href":"https:\/\/www.hashtag.al\/index.php\/wp-json\/wp\/v2\/users\/49"}],"replies":[{"embeddable":true,"href":"https:\/\/www.hashtag.al\/index.php\/wp-json\/wp\/v2\/comments?post=778691"}],"version-history":[{"count":99999,"href":"https:\/\/www.hashtag.al\/index.php\/wp-json\/wp\/v2\/posts\/778691\/revisions"}],"predecessor-version":[{"id":778693,"href":"https:\/\/www.hashtag.al\/index.php\/wp-json\/wp\/v2\/posts\/778691\/revisions\/778693"}],"wp:featuredmedia":[{"embeddable":true,"href":"https:\/\/www.hashtag.al\/index.php\/wp-json\/wp\/v2\/media\/778692"}],"wp:attachment":[{"href":"https:\/\/www.hashtag.al\/index.php\/wp-json\/wp\/v2\/media?parent=778691"}],"wp:term":[{"taxonomy":"category","embeddable":true,"href":"https:\/\/www.hashtag.al\/index.php\/wp-json\/wp\/v2\/categories?post=778691"},{"taxonomy":"post_tag","embeddable":true,"href":"https:\/\/www.hashtag.al\/index.php\/wp-json\/wp\/v2\/tags?post=778691"}],"curies":[{"name":"wp","href":"https:\/\/api.w.org\/{rel}","templated":true}]}}