{"id":778612,"date":"2025-12-25T16:38:02","date_gmt":"2025-12-25T15:38:02","guid":{"rendered":"https:\/\/www.hashtag.al\/?p=778612"},"modified":"2025-12-25T16:38:02","modified_gmt":"2025-12-25T15:38:02","slug":"shba-ja-informon-ndermjetesuesit-se-faza-e-dyte-e-marreveshjes-per-gazen-do-te-filloje-ne-janar","status":"publish","type":"post","link":"https:\/\/www.hashtag.al\/index.php\/2025\/12\/25\/shba-ja-informon-ndermjetesuesit-se-faza-e-dyte-e-marreveshjes-per-gazen-do-te-filloje-ne-janar\/","title":{"rendered":"SHBA-ja informon nd\u00ebrmjet\u00ebsuesit se faza e dyt\u00eb e marr\u00ebveshjes p\u00ebr Gaz\u00ebn do t\u00eb filloj\u00eb n\u00eb janar","gt_translate_keys":[{"key":"rendered","format":"text"}]},"content":{"rendered":"<p><span style=\"color: #000000;\"><img loading=\"lazy\" decoding=\"async\" class=\"alignnone size-full wp-image-778613\" src=\"https:\/\/www.hashtag.al\/wp-content\/uploads\/2025\/12\/thumbs_b_c_a50094ee3d87bef4289b167f8657c6be.jpg\" alt=\"\" width=\"864\" height=\"486\" srcset=\"https:\/\/www.hashtag.al\/wp-content\/uploads\/2025\/12\/thumbs_b_c_a50094ee3d87bef4289b167f8657c6be.jpg 864w, https:\/\/www.hashtag.al\/wp-content\/uploads\/2025\/12\/thumbs_b_c_a50094ee3d87bef4289b167f8657c6be-300x169.jpg 300w, https:\/\/www.hashtag.al\/wp-content\/uploads\/2025\/12\/thumbs_b_c_a50094ee3d87bef4289b167f8657c6be-768x432.jpg 768w\" sizes=\"auto, (max-width: 864px) 100vw, 864px\" \/><\/span><\/p>\n<p><span style=\"color: #000000;\">Raportohet se Steve Witkoff, P\u00ebrfaq\u00ebsuesi Special i Presidentit t\u00eb SHBA-s\u00eb, Donald Trump, informoi Izraelin dhe nd\u00ebrmjet\u00ebsuesit se faza e dyt\u00eb e planit t\u00eb arm\u00ebpushimit n\u00eb Gaza do t\u00eb filloj\u00eb n\u00eb fillim t\u00eb janarit, transmeton <span style=\"color: #0000ff;\"><a style=\"color: #0000ff;\" href=\"https:\/\/www.aa.com.tr\/sq\/bota\/shba-ja-informon-nd%C3%ABrmjet%C3%ABsuesit-se-faza-e-dyt%C3%AB-e-marr%C3%ABveshjes-p%C3%ABr-gaz%C3%ABn-do-t%C3%AB-filloj%C3%AB-n%C3%AB-janar\/3780518\">Anadolu.<\/a><\/span><\/span><\/p>\n<p><span style=\"color: #000000;\">Sipas nj\u00eb lajmi nga televizioni Channel 13 n\u00eb Izrael, duke cituar nj\u00eb zyrtar t\u00eb lart\u00eb izraelit, Witkoff informoi Izraelin dhe nd\u00ebrmjet\u00ebsuesit se faza e dyt\u00eb e marr\u00ebveshjes p\u00ebr Gaz\u00ebn do t\u00eb filloj\u00eb n\u00eb fillim t\u00eb janarit.<\/span><\/p>\n<p><span style=\"color: #000000;\">N\u00eb lajm vihet n\u00eb dukje se Izraeli \u00ebsht\u00eb i shqet\u00ebsuar se Trump do t\u00eb ushtroj\u00eb presion q\u00eb faza e dyt\u00eb t\u00eb vazhdoj\u00eb pa \u00e7armatosur Gaz\u00ebn.<\/span><\/p>\n<p>&nbsp;<\/p>\n<p><span style=\"color: #000000;\">&#8211; Arm\u00ebpushimi n\u00eb Gaza dhe marr\u00ebveshja e shk\u00ebmbimit t\u00eb t\u00eb burgosurve<\/span><\/p>\n<p><span style=\"color: #000000;\">Presidenti i SHBA-s\u00eb, Donald Trump njoftoi m\u00eb 9 tetor se Izraeli dhe Hamasi kishin miratuar faz\u00ebn e par\u00eb t\u00eb planit t\u00eb arm\u00ebpushimit n\u00eb Gaza gjat\u00eb negociatave q\u00eb po zhvilloheshin n\u00eb Egjipt.<\/span><\/p>\n<p><span style=\"color: #000000;\">Marr\u00ebveshja e n\u00ebnshkruar n\u00eb Egjipt ku u zhvilluan negociatat, hyri zbatim m\u00eb 10 tetor me miratimin e qeveris\u00eb izraelite.<\/span><\/p>\n<p><span style=\"color: #000000;\">Pavar\u00ebsisht marr\u00ebveshjes s\u00eb arm\u00ebpushimit t\u00eb arritur n\u00eb Rripin e Gaz\u00ebs, ushtria izraelite vazhdon her\u00eb pas here sulmet e saj ndaj palestinez\u00ebve me pretendime t\u00eb ndryshme.<\/span><\/p>\n<p>&nbsp;<\/p>\n<p><span style=\"color: #000000;\">&#8211; Plani i qeverisjes kalimtare p\u00ebr Gaz\u00ebn<\/span><\/p>\n<p><span style=\"color: #000000;\">M\u00eb 17 n\u00ebntor, K\u00ebshilli i Sigurimit i OKB-s\u00eb miratoi Rezolut\u00ebn 2803, t\u00eb paraqitur nga SHBA-ja, duke miratuar krijimin e nj\u00eb force nd\u00ebrkomb\u00ebtare kalimtare q\u00eb do t\u00eb sh\u00ebrbej\u00eb deri n\u00eb fund t\u00eb vitit 2027.<\/span><\/p>\n<p><span style=\"color: #000000;\">Sipas rezolut\u00ebs, Gaza do t\u00eb qeveriset gjat\u00eb periudh\u00ebs s\u00eb tranzicionit nga nj\u00eb organ jopolitik dhe teknokratik.<\/span><\/p>\n<p><span style=\"color: #000000;\">Kjo struktur\u00eb do t\u00eb funksionoj\u00eb n\u00ebn mbik\u00ebqyrjen e nj\u00eb autoriteti t\u00eb ri kalimtar, t\u00eb quajtur Bordi i Paqes, i cili p\u00ebrfshin aktor\u00eb nd\u00ebrkomb\u00ebtar\u00eb. Presidenti i SHBA-s\u00eb Trump do t\u00eb kryesoj\u00eb Bordin. P\u00ebrve\u00e7 disa lider\u00ebve bot\u00ebror\u00eb, an\u00ebtar do t\u00eb jet\u00eb edhe ish-kryeministri britanik Tony Blair.<\/span><\/p>\n<p>&nbsp;<\/p>\n","protected":false,"gt_translate_keys":[{"key":"rendered","format":"html"}]},"excerpt":{"rendered":"<p>Raportohet se Steve Witkoff, P\u00ebrfaq\u00ebsuesi Special i Presidentit t\u00eb SHBA-s\u00eb, Donald Trump, informoi Izraelin dhe nd\u00ebrmjet\u00ebsuesit se faza e dyt\u00eb e planit t\u00eb arm\u00ebpushimit n\u00eb Gaza do t\u00eb filloj\u00eb n\u00eb fillim t\u00eb janarit, transmeton Anadolu. Sipas nj\u00eb lajmi nga televizioni Channel 13 n\u00eb Izrael, duke cituar nj\u00eb zyrtar t\u00eb lart\u00eb izraelit, Witkoff informoi Izraelin dhe [&hellip;]<\/p>\n","protected":false,"gt_translate_keys":[{"key":"rendered","format":"html"}]},"author":32,"featured_media":778613,"comment_status":"closed","ping_status":"open","sticky":false,"template":"","format":"standard","meta":{"footnotes":""},"categories":[6],"tags":[],"class_list":["post-778612","post","type-post","status-publish","format-standard","has-post-thumbnail","hentry","category-nderkombetare"],"gt_translate_keys":[{"key":"link","format":"url"}],"_links":{"self":[{"href":"https:\/\/www.hashtag.al\/index.php\/wp-json\/wp\/v2\/posts\/778612","targetHints":{"allow":["GET"]}}],"collection":[{"href":"https:\/\/www.hashtag.al\/index.php\/wp-json\/wp\/v2\/posts"}],"about":[{"href":"https:\/\/www.hashtag.al\/index.php\/wp-json\/wp\/v2\/types\/post"}],"author":[{"embeddable":true,"href":"https:\/\/www.hashtag.al\/index.php\/wp-json\/wp\/v2\/users\/32"}],"replies":[{"embeddable":true,"href":"https:\/\/www.hashtag.al\/index.php\/wp-json\/wp\/v2\/comments?post=778612"}],"version-history":[{"count":99999,"href":"https:\/\/www.hashtag.al\/index.php\/wp-json\/wp\/v2\/posts\/778612\/revisions"}],"predecessor-version":[{"id":778614,"href":"https:\/\/www.hashtag.al\/index.php\/wp-json\/wp\/v2\/posts\/778612\/revisions\/778614"}],"wp:featuredmedia":[{"embeddable":true,"href":"https:\/\/www.hashtag.al\/index.php\/wp-json\/wp\/v2\/media\/778613"}],"wp:attachment":[{"href":"https:\/\/www.hashtag.al\/index.php\/wp-json\/wp\/v2\/media?parent=778612"}],"wp:term":[{"taxonomy":"category","embeddable":true,"href":"https:\/\/www.hashtag.al\/index.php\/wp-json\/wp\/v2\/categories?post=778612"},{"taxonomy":"post_tag","embeddable":true,"href":"https:\/\/www.hashtag.al\/index.php\/wp-json\/wp\/v2\/tags?post=778612"}],"curies":[{"name":"wp","href":"https:\/\/api.w.org\/{rel}","templated":true}]}}