{"id":778433,"date":"2025-12-24T20:46:43","date_gmt":"2025-12-24T19:46:43","guid":{"rendered":"https:\/\/www.hashtag.al\/?p=778433"},"modified":"2025-12-24T20:46:43","modified_gmt":"2025-12-24T19:46:43","slug":"qori-balluku-e-rama-duhen-shkarkuar-si-ndalim-protestat","status":"publish","type":"post","link":"https:\/\/www.hashtag.al\/index.php\/2025\/12\/24\/qori-balluku-e-rama-duhen-shkarkuar-si-ndalim-protestat\/","title":{"rendered":"Qori: Balluku e Rama duhen shkarkuar, s\u2019i ndalim protestat","gt_translate_keys":[{"key":"rendered","format":"text"}]},"content":{"rendered":"<p><img loading=\"lazy\" decoding=\"async\" class=\"aligncenter size-full wp-image-778434\" src=\"https:\/\/www.hashtag.al\/wp-content\/uploads\/2025\/12\/image-10-e1766605590817.jpg\" alt=\"\" width=\"600\" height=\"300\" srcset=\"https:\/\/www.hashtag.al\/wp-content\/uploads\/2025\/12\/image-10-e1766605590817.jpg 600w, https:\/\/www.hashtag.al\/wp-content\/uploads\/2025\/12\/image-10-e1766605590817-300x150.jpg 300w\" sizes=\"auto, (max-width: 600px) 100vw, 600px\" \/><\/p>\n<p><span style=\"color: #000000;\">Drejtuesi i L\u00ebvizjes Bashk\u00eb Arlind Qori k\u00ebrkoi dor\u00ebheqjen e zv.kryeministres Belinda Balluku dhe kryeministrit Edi Rama. <\/span><\/p>\n<p><span style=\"color: #000000;\">Ai tha se t\u00eb dy jan\u00eb kapur n\u00eb korrupsion madhor dhe duhet t\u00eb largohen nd\u00ebrsa u zotua n\u00eb vijimin e protestave.<\/span><\/p>\n<p><span style=\"color: #000000;\"><em>&#8220;Kemi nj\u00eb ministre, t\u00eb cil\u00ebs i duhet hequr imuniteti dhe duhej shkarkuar. P\u00ebr shkak t\u00eb p\u00ebrgjegj\u00ebsise s\u00eb fort\u00eb t\u00eb Ram\u00ebs, ne mendojm\u00eb se Kuvendi duhet t\u00eb shkarkonte edhe kryeministrin Rama. Sot Rama \u00ebsht\u00eb i pushtetsh\u00ebm sepse shoq\u00ebria nuk \u00ebsht\u00eb ngritur mjaftuesh\u00ebm n\u00eb k\u00ebmb\u00eb. Ne do t\u00eb vazhdojm\u00eb t\u00eb protestojm\u00eb n\u00eb m\u00ebnyr\u00eb periodike. Vend protesta jon\u00eb ka qen\u00eb Kuvendi i Shqip\u00ebris\u00eb, sepse mbart sovranitetin e popullit \u00e7do 4 vjet. Prandaj ne jemi mbledhur aty, sepse duam t&#8217;u k\u00ebrkojm\u00eb llogari deputet\u00ebve q\u00eb t\u00eb jen\u00eb t\u00eb p\u00ebrgjegjsh\u00ebm.&#8221;<\/em> tha Qori n\u00eb Report Tv.<\/span><\/p>\n<p><span style=\"color: #000000;\">Duke komentuar protest\u00ebn e Partis\u00eb Demokratike t\u00eb 22 dhjetorit dhe tubimet e planifikuara prej saj, Qori n\u00ebnvizoi se \u201cthirr\u00ebsi i protest\u00ebs duhet t\u00eb ket\u00eb reputacionin moral p\u00ebr t\u00eb qen\u00eb i besuesh\u00ebm\u201d.<\/span><\/p>\n<p><span style=\"color: #000000;\">Ai p\u00ebrjashtoi kategorikisht \u00e7do bashk\u00ebpunim politik me Partin\u00eb Demokratike dhe figura t\u00eb tjera si Adriatik Lapaj, duke deklaruar se \u201cnuk bashk\u00ebpunon me t\u00eb keqen&#8221;.<\/span><\/p>\n<p><span style=\"color: #000000;\"><em>&#8220;M\u00eb mir\u00eb humb sesa t\u00eb kompromentohesh\u201d<\/em>, vijoi Qori, duke u zotuar se do vijoj\u00eb betej\u00ebn kund\u00ebr oligark\u00ebve dhe korrupsionit duke ofruar nj\u00eb alternativ\u00eb morale dhe politike &#8220;q\u00eb nuk bashk\u00ebpunon me t\u00eb keqen.&#8221;<\/span><\/p>\n","protected":false,"gt_translate_keys":[{"key":"rendered","format":"html"}]},"excerpt":{"rendered":"<p>Drejtuesi i L\u00ebvizjes Bashk\u00eb Arlind Qori k\u00ebrkoi dor\u00ebheqjen e zv.kryeministres Belinda Balluku dhe kryeministrit Edi Rama. Ai tha se t\u00eb dy jan\u00eb kapur n\u00eb korrupsion madhor dhe duhet t\u00eb largohen nd\u00ebrsa u zotua n\u00eb vijimin e protestave. &#8220;Kemi nj\u00eb ministre, t\u00eb cil\u00ebs i duhet hequr imuniteti dhe duhej shkarkuar. P\u00ebr shkak t\u00eb p\u00ebrgjegj\u00ebsise s\u00eb fort\u00eb [&hellip;]<\/p>\n","protected":false,"gt_translate_keys":[{"key":"rendered","format":"html"}]},"author":51,"featured_media":778434,"comment_status":"closed","ping_status":"open","sticky":false,"template":"","format":"standard","meta":{"footnotes":""},"categories":[65],"tags":[],"class_list":["post-778433","post","type-post","status-publish","format-standard","has-post-thumbnail","hentry","category-lajme"],"gt_translate_keys":[{"key":"link","format":"url"}],"_links":{"self":[{"href":"https:\/\/www.hashtag.al\/index.php\/wp-json\/wp\/v2\/posts\/778433","targetHints":{"allow":["GET"]}}],"collection":[{"href":"https:\/\/www.hashtag.al\/index.php\/wp-json\/wp\/v2\/posts"}],"about":[{"href":"https:\/\/www.hashtag.al\/index.php\/wp-json\/wp\/v2\/types\/post"}],"author":[{"embeddable":true,"href":"https:\/\/www.hashtag.al\/index.php\/wp-json\/wp\/v2\/users\/51"}],"replies":[{"embeddable":true,"href":"https:\/\/www.hashtag.al\/index.php\/wp-json\/wp\/v2\/comments?post=778433"}],"version-history":[{"count":99999,"href":"https:\/\/www.hashtag.al\/index.php\/wp-json\/wp\/v2\/posts\/778433\/revisions"}],"predecessor-version":[{"id":778435,"href":"https:\/\/www.hashtag.al\/index.php\/wp-json\/wp\/v2\/posts\/778433\/revisions\/778435"}],"wp:featuredmedia":[{"embeddable":true,"href":"https:\/\/www.hashtag.al\/index.php\/wp-json\/wp\/v2\/media\/778434"}],"wp:attachment":[{"href":"https:\/\/www.hashtag.al\/index.php\/wp-json\/wp\/v2\/media?parent=778433"}],"wp:term":[{"taxonomy":"category","embeddable":true,"href":"https:\/\/www.hashtag.al\/index.php\/wp-json\/wp\/v2\/categories?post=778433"},{"taxonomy":"post_tag","embeddable":true,"href":"https:\/\/www.hashtag.al\/index.php\/wp-json\/wp\/v2\/tags?post=778433"}],"curies":[{"name":"wp","href":"https:\/\/api.w.org\/{rel}","templated":true}]}}