{"id":778401,"date":"2025-12-24T17:15:51","date_gmt":"2025-12-24T16:15:51","guid":{"rendered":"https:\/\/www.hashtag.al\/?p=778401"},"modified":"2025-12-24T17:15:51","modified_gmt":"2025-12-24T16:15:51","slug":"vendimi-i-qeverise-e-premtja-behet-dite-pushimi-per-administraten-shteterore","status":"publish","type":"post","link":"https:\/\/www.hashtag.al\/index.php\/2025\/12\/24\/vendimi-i-qeverise-e-premtja-behet-dite-pushimi-per-administraten-shteterore\/","title":{"rendered":"Vendimi i qeveris\u00eb\/ E premtja b\u00ebhet dit\u00eb pushimi p\u00ebr administrat\u00ebn shtet\u00ebrore","gt_translate_keys":[{"key":"rendered","format":"text"}]},"content":{"rendered":"<p><span style=\"color: #000000;\"><img loading=\"lazy\" decoding=\"async\" class=\"alignnone size-full wp-image-777573\" src=\"https:\/\/www.hashtag.al\/wp-content\/uploads\/2025\/12\/Kryeministria-e-re-1-Lajm-KM.jpg\" alt=\"\" width=\"996\" height=\"520\" srcset=\"https:\/\/www.hashtag.al\/wp-content\/uploads\/2025\/12\/Kryeministria-e-re-1-Lajm-KM.jpg 996w, https:\/\/www.hashtag.al\/wp-content\/uploads\/2025\/12\/Kryeministria-e-re-1-Lajm-KM-300x157.jpg 300w, https:\/\/www.hashtag.al\/wp-content\/uploads\/2025\/12\/Kryeministria-e-re-1-Lajm-KM-768x401.jpg 768w\" sizes=\"auto, (max-width: 996px) 100vw, 996px\" \/><\/span><\/p>\n<p><span style=\"color: #000000;\">K\u00ebshilli i Ministrave ka vendosur q\u00eb dita e premte, m\u00eb 26 dhjetor 2025, t\u00eb jet\u00eb dit\u00eb pushimi p\u00ebr punonj\u00ebsit e administrat\u00ebs shtet\u00ebrore. Vendimi u mor n\u00eb mb\u00ebshtetje t\u00eb neneve 95, pika 2, dhe 100 t\u00eb Kushtetut\u00ebs, me propozimin e Kryeministrit Edi Rama.<\/span><\/p>\n<p><span style=\"color: #000000;\">Sipas vendimit, dita e pun\u00ebs e dat\u00ebs 26.12.2025 do t\u00eb z\u00ebvend\u00ebsohet me nj\u00eb dit\u00eb pushimi tjet\u00ebr brenda tremujorit t\u00eb par\u00eb t\u00eb vitit 2026. Institucionet e administrat\u00ebs shtet\u00ebrore jan\u00eb ngarkuar p\u00ebr zbatimin e k\u00ebtij vendimi, i cili hyn n\u00eb fuqi menj\u00ebher\u00eb dhe publikohet n\u00eb \u201cFletoren Zyrtare\u201d.<\/span><\/p>\n<p>&nbsp;<\/p>\n<p><span style=\"color: #000000;\">V E N D I M P\u00cbR CAKTIMIN E DIT\u00cbS S\u00cb PREMTE, DAT\u00cb 26.12.2025, DIT\u00cb PUSHIMI<\/span><\/p>\n<p><span style=\"color: #000000;\"><em>N\u00eb mb\u00ebshtetje t\u00eb neneve 95, pika 2, dhe 100, t\u00eb Kushtetut\u00ebs, me propozimin e Kryeministrit, K\u00ebshilli i Ministrave<\/em><\/span><\/p>\n<p><span style=\"color: #000000;\"><em>V E N D O S I:<\/em><\/span><\/p>\n<ol>\n<li><span style=\"color: #000000;\"><em> Caktimin e dit\u00ebs s\u00eb premte, dat\u00eb 26.12.2025, dit\u00eb pushimi p\u00ebr punonj\u00ebsit e administrat\u00ebs shtet\u00ebrore.<\/em><\/span><\/li>\n<li><span style=\"color: #000000;\"><em> Dita e pun\u00ebs, e dat\u00ebs 26.12.2025, do t\u00eb z\u00ebvend\u00ebsohet n\u00eb nj\u00eb nga dit\u00ebt e pushimit brenda tremujorit t\u00eb par\u00eb t\u00eb vitit 2026.<\/em><\/span><\/li>\n<li><span style=\"color: #000000;\"><em> Ngarkohen institucionet e administrat\u00ebs shtet\u00ebrore p\u00ebr zbatimin e k\u00ebtij vendimi.<\/em><\/span><\/li>\n<\/ol>\n<p><span style=\"color: #000000;\"><em>Ky vendim hyn n\u00eb fuqi menj\u00ebher\u00eb dhe botohet n\u00eb \u201cFletoren zyrtare\u201d.<\/em><\/span><\/p>\n<p><span style=\"color: #000000;\"><em>\u00a0<\/em><\/span><\/p>\n<p><span style=\"color: #000000;\"><em>K R Y E M I N I S T R I<\/em><\/span><\/p>\n<p><span style=\"color: #000000;\"><em>EDI RAMA<\/em><\/span><\/p>\n","protected":false,"gt_translate_keys":[{"key":"rendered","format":"html"}]},"excerpt":{"rendered":"<p>K\u00ebshilli i Ministrave ka vendosur q\u00eb dita e premte, m\u00eb 26 dhjetor 2025, t\u00eb jet\u00eb dit\u00eb pushimi p\u00ebr punonj\u00ebsit e administrat\u00ebs shtet\u00ebrore. Vendimi u mor n\u00eb mb\u00ebshtetje t\u00eb neneve 95, pika 2, dhe 100 t\u00eb Kushtetut\u00ebs, me propozimin e Kryeministrit Edi Rama. Sipas vendimit, dita e pun\u00ebs e dat\u00ebs 26.12.2025 do t\u00eb z\u00ebvend\u00ebsohet me nj\u00eb [&hellip;]<\/p>\n","protected":false,"gt_translate_keys":[{"key":"rendered","format":"html"}]},"author":32,"featured_media":777573,"comment_status":"closed","ping_status":"open","sticky":false,"template":"","format":"standard","meta":{"footnotes":""},"categories":[65],"tags":[],"class_list":["post-778401","post","type-post","status-publish","format-standard","has-post-thumbnail","hentry","category-lajme"],"gt_translate_keys":[{"key":"link","format":"url"}],"_links":{"self":[{"href":"https:\/\/www.hashtag.al\/index.php\/wp-json\/wp\/v2\/posts\/778401","targetHints":{"allow":["GET"]}}],"collection":[{"href":"https:\/\/www.hashtag.al\/index.php\/wp-json\/wp\/v2\/posts"}],"about":[{"href":"https:\/\/www.hashtag.al\/index.php\/wp-json\/wp\/v2\/types\/post"}],"author":[{"embeddable":true,"href":"https:\/\/www.hashtag.al\/index.php\/wp-json\/wp\/v2\/users\/32"}],"replies":[{"embeddable":true,"href":"https:\/\/www.hashtag.al\/index.php\/wp-json\/wp\/v2\/comments?post=778401"}],"version-history":[{"count":99999,"href":"https:\/\/www.hashtag.al\/index.php\/wp-json\/wp\/v2\/posts\/778401\/revisions"}],"predecessor-version":[{"id":778402,"href":"https:\/\/www.hashtag.al\/index.php\/wp-json\/wp\/v2\/posts\/778401\/revisions\/778402"}],"wp:featuredmedia":[{"embeddable":true,"href":"https:\/\/www.hashtag.al\/index.php\/wp-json\/wp\/v2\/media\/777573"}],"wp:attachment":[{"href":"https:\/\/www.hashtag.al\/index.php\/wp-json\/wp\/v2\/media?parent=778401"}],"wp:term":[{"taxonomy":"category","embeddable":true,"href":"https:\/\/www.hashtag.al\/index.php\/wp-json\/wp\/v2\/categories?post=778401"},{"taxonomy":"post_tag","embeddable":true,"href":"https:\/\/www.hashtag.al\/index.php\/wp-json\/wp\/v2\/tags?post=778401"}],"curies":[{"name":"wp","href":"https:\/\/api.w.org\/{rel}","templated":true}]}}