{"id":778375,"date":"2025-12-24T14:39:48","date_gmt":"2025-12-24T13:39:48","guid":{"rendered":"https:\/\/www.hashtag.al\/?p=778375"},"modified":"2025-12-24T14:39:48","modified_gmt":"2025-12-24T13:39:48","slug":"aksident-i-shumefishte-ne-aksin-maqellare-peshkopi-disa-te-plagosur-nga-perplasja-e-kater-automjeteve","status":"publish","type":"post","link":"https:\/\/www.hashtag.al\/index.php\/2025\/12\/24\/aksident-i-shumefishte-ne-aksin-maqellare-peshkopi-disa-te-plagosur-nga-perplasja-e-kater-automjeteve\/","title":{"rendered":"Aksident i shum\u00ebfisht\u00eb n\u00eb aksin Maqellar\u00eb\u2013Peshkopi, disa t\u00eb plagosur nga p\u00ebrplasja e kat\u00ebr automjeteve","gt_translate_keys":[{"key":"rendered","format":"text"}]},"content":{"rendered":"<p><span style=\"color: #000000;\"><img loading=\"lazy\" decoding=\"async\" class=\"alignnone size-full wp-image-778376\" src=\"https:\/\/www.hashtag.al\/wp-content\/uploads\/2025\/12\/5-3.jpg\" alt=\"\" width=\"1246\" height=\"610\" srcset=\"https:\/\/www.hashtag.al\/wp-content\/uploads\/2025\/12\/5-3.jpg 1246w, https:\/\/www.hashtag.al\/wp-content\/uploads\/2025\/12\/5-3-300x147.jpg 300w, https:\/\/www.hashtag.al\/wp-content\/uploads\/2025\/12\/5-3-1024x501.jpg 1024w, https:\/\/www.hashtag.al\/wp-content\/uploads\/2025\/12\/5-3-768x376.jpg 768w\" sizes=\"auto, (max-width: 1246px) 100vw, 1246px\" \/><\/span><\/p>\n<p><span style=\"color: #000000;\">Nj\u00eb aksident i r\u00ebnd\u00eb automobilistik \u00ebsht\u00eb regjistruar mesdit\u00ebn e sotme n\u00eb rrug\u00ebn nacionale Maqellar\u00eb\u2013Peshkopi, pran\u00eb fshatit Dovellan.<\/span><\/p>\n<p><span style=\"color: #000000;\">Sipas t\u00eb dh\u00ebnave paraprake, n\u00eb p\u00ebrplasje jan\u00eb p\u00ebrfshir\u00eb kat\u00ebr automjete, nd\u00ebrsa raportohet p\u00ebr disa persona t\u00eb l\u00ebnduar, pa u konfirmuar ende numri i sakt\u00eb i tyre apo gjendja sh\u00ebndet\u00ebsore.<\/span><\/p>\n<p><span style=\"color: #000000;\">Dyshimet e para flasin se shkak i aksidentit ka qen\u00eb mjegulla e dendur e shoq\u00ebruar me lag\u00ebshtir\u00eb n\u00eb asfalt, faktor\u00eb q\u00eb kan\u00eb ulur ndjesh\u00ebm dukshm\u00ebrin\u00eb dhe kan\u00eb v\u00ebshtir\u00ebsuar qarkullimin e mjeteve.<\/span><\/p>\n<p><span style=\"color: #000000;\">Segmenti ku ndodhi aksidenti \u00ebsht\u00eb pjes\u00eb e Rrug\u00ebs s\u00eb Arbrit, nj\u00eb zon\u00eb ku jan\u00eb sh\u00ebnuar edhe m\u00eb her\u00ebt ngjarje t\u00eb ngjashme p\u00ebr shkak t\u00eb kushteve t\u00eb pafavorshme atmosferike.<\/span><\/p>\n<p><span style=\"color: #000000;\">Menj\u00ebher\u00eb pas njoftimit, sh\u00ebrbimet e Policis\u00eb jan\u00eb nisur drejt vendngjarjes p\u00ebr t\u00eb zbardhur rrethanat e plota t\u00eb aksidentit dhe p\u00ebr t\u00eb menaxhuar qarkullimin, i cili \u00ebsht\u00eb ngadal\u00ebsuar p\u00ebr shkak t\u00eb nd\u00ebrhyrjes s\u00eb forcave t\u00eb emergjenc\u00ebs.<\/span><\/p>\n<p><span style=\"color: #000000;\">Mjegulla e dendur, e pranishme prej m\u00eb shum\u00eb se tre jav\u00ebsh n\u00eb qarkun e Dibr\u00ebs, vijon t\u00eb p\u00ebrb\u00ebj\u00eb nj\u00eb rrezik serioz p\u00ebr sigurin\u00eb rrugore.<\/span><\/p>\n<p><span style=\"color: #000000;\">Autoritetet u b\u00ebjn\u00eb thirrje drejtuesve t\u00eb mjeteve q\u00eb t\u00eb tregojn\u00eb kujdes maksimal, ve\u00e7an\u00ebrisht gjat\u00eb k\u00ebsaj periudhe festash, kur fluksi i automjeteve \u00ebsht\u00eb rritur ndjesh\u00ebm si pasoj\u00eb e ardhjes s\u00eb emigrant\u00ebve p\u00ebr festat e fundvitit.<\/span><\/p>\n<p>&nbsp;<\/p>\n","protected":false,"gt_translate_keys":[{"key":"rendered","format":"html"}]},"excerpt":{"rendered":"<p>Nj\u00eb aksident i r\u00ebnd\u00eb automobilistik \u00ebsht\u00eb regjistruar mesdit\u00ebn e sotme n\u00eb rrug\u00ebn nacionale Maqellar\u00eb\u2013Peshkopi, pran\u00eb fshatit Dovellan. Sipas t\u00eb dh\u00ebnave paraprake, n\u00eb p\u00ebrplasje jan\u00eb p\u00ebrfshir\u00eb kat\u00ebr automjete, nd\u00ebrsa raportohet p\u00ebr disa persona t\u00eb l\u00ebnduar, pa u konfirmuar ende numri i sakt\u00eb i tyre apo gjendja sh\u00ebndet\u00ebsore. Dyshimet e para flasin se shkak i aksidentit ka [&hellip;]<\/p>\n","protected":false,"gt_translate_keys":[{"key":"rendered","format":"html"}]},"author":32,"featured_media":778376,"comment_status":"closed","ping_status":"open","sticky":false,"template":"","format":"standard","meta":{"footnotes":""},"categories":[65],"tags":[],"class_list":["post-778375","post","type-post","status-publish","format-standard","has-post-thumbnail","hentry","category-lajme"],"gt_translate_keys":[{"key":"link","format":"url"}],"_links":{"self":[{"href":"https:\/\/www.hashtag.al\/index.php\/wp-json\/wp\/v2\/posts\/778375","targetHints":{"allow":["GET"]}}],"collection":[{"href":"https:\/\/www.hashtag.al\/index.php\/wp-json\/wp\/v2\/posts"}],"about":[{"href":"https:\/\/www.hashtag.al\/index.php\/wp-json\/wp\/v2\/types\/post"}],"author":[{"embeddable":true,"href":"https:\/\/www.hashtag.al\/index.php\/wp-json\/wp\/v2\/users\/32"}],"replies":[{"embeddable":true,"href":"https:\/\/www.hashtag.al\/index.php\/wp-json\/wp\/v2\/comments?post=778375"}],"version-history":[{"count":99999,"href":"https:\/\/www.hashtag.al\/index.php\/wp-json\/wp\/v2\/posts\/778375\/revisions"}],"predecessor-version":[{"id":778377,"href":"https:\/\/www.hashtag.al\/index.php\/wp-json\/wp\/v2\/posts\/778375\/revisions\/778377"}],"wp:featuredmedia":[{"embeddable":true,"href":"https:\/\/www.hashtag.al\/index.php\/wp-json\/wp\/v2\/media\/778376"}],"wp:attachment":[{"href":"https:\/\/www.hashtag.al\/index.php\/wp-json\/wp\/v2\/media?parent=778375"}],"wp:term":[{"taxonomy":"category","embeddable":true,"href":"https:\/\/www.hashtag.al\/index.php\/wp-json\/wp\/v2\/categories?post=778375"},{"taxonomy":"post_tag","embeddable":true,"href":"https:\/\/www.hashtag.al\/index.php\/wp-json\/wp\/v2\/tags?post=778375"}],"curies":[{"name":"wp","href":"https:\/\/api.w.org\/{rel}","templated":true}]}}