{"id":778372,"date":"2025-12-24T14:15:49","date_gmt":"2025-12-24T13:15:49","guid":{"rendered":"https:\/\/www.hashtag.al\/?p=778372"},"modified":"2025-12-24T14:15:49","modified_gmt":"2025-12-24T13:15:49","slug":"nuk-arketuan-mbi-400-mije-euro-nga-taksat-e-parkingut-dergohen-ne-gjyq-dy-drejtoreshat-e-bashkise-fier","status":"publish","type":"post","link":"https:\/\/www.hashtag.al\/index.php\/2025\/12\/24\/nuk-arketuan-mbi-400-mije-euro-nga-taksat-e-parkingut-dergohen-ne-gjyq-dy-drejtoreshat-e-bashkise-fier\/","title":{"rendered":"Nuk ark\u00ebtuan mbi 400 mij\u00eb euro nga taksat e parkingut, d\u00ebrgohen n\u00eb gjyq dy drejtoreshat e Bashkis\u00eb Fier","gt_translate_keys":[{"key":"rendered","format":"text"}]},"content":{"rendered":"<p><span style=\"color: #000000;\"><img loading=\"lazy\" decoding=\"async\" class=\"alignnone size-full wp-image-778373\" src=\"https:\/\/www.hashtag.al\/wp-content\/uploads\/2025\/12\/Prokuroria-Fier-Adela-Hysenaj-1.jpg\" alt=\"\" width=\"838\" height=\"473\" srcset=\"https:\/\/www.hashtag.al\/wp-content\/uploads\/2025\/12\/Prokuroria-Fier-Adela-Hysenaj-1.jpg 838w, https:\/\/www.hashtag.al\/wp-content\/uploads\/2025\/12\/Prokuroria-Fier-Adela-Hysenaj-1-300x169.jpg 300w, https:\/\/www.hashtag.al\/wp-content\/uploads\/2025\/12\/Prokuroria-Fier-Adela-Hysenaj-1-768x433.jpg 768w\" sizes=\"auto, (max-width: 838px) 100vw, 838px\" \/><\/span><\/p>\n<p><span style=\"color: #000000;\">Prokuroria e Fierit ka p\u00ebrfunduar hetimet dhe ka d\u00ebrguar p\u00ebr gjyq dy zyrtar\u00eb t\u00eb Bashkis\u00eb s\u00eb Fierit dhe nj\u00eb drejtor t\u00eb tatimeve n\u00eb rajonin jugor, p\u00ebr shp\u00ebrdorim detyre.<\/span><\/p>\n<p><span style=\"color: #000000;\">Sipas organit t\u00eb akuz\u00ebs, drejtoresha e p\u00ebrgjithshme e Taksave dhe Urbanistik\u00ebs, Adela Hysenaj, e cila m\u00eb par\u00eb ka mbajtur postin e n\u00ebnkryetares s\u00eb bashkis\u00eb, nuk ka marr\u00eb masat e nevojshme p\u00ebr vendosjen e kas\u00ebs fiskale n\u00eb pikat e parkimit q\u00eb administrohen nga bashkia, duke shmangur mbledhjen e taksave n\u00eb vlera t\u00eb konsiderueshme.<\/span><\/p>\n<p><span style=\"color: #000000;\">Hetimi ka zbuluar se, p\u00ebrmes ndikimit t\u00eb saj mbi drejtorit\u00eb n\u00eb var\u00ebsi, jan\u00eb realizuar faturime fiktive p\u00ebr disa subjekte, t\u00eb cilat u taksoheshin me vlera m\u00eb t\u00eb ul\u00ebta.<\/span><\/p>\n<p><span style=\"color: #000000;\">N\u00eb nj\u00eb rast specifik, \u00ebsht\u00eb l\u00ebshuar nj\u00eb v\u00ebrtetim q\u00eb pohonte se nj\u00eb subjekt nuk kishte asnj\u00eb detyrim p\u00ebr t\u00eb paguar taksa, megjith\u00ebse kishte borxhe t\u00eb papaguara.<\/span><\/p>\n<p><span style=\"color: #000000;\">Zyrtar\u00ebt akuzohen p\u00ebr mosark\u00ebtimin e mbi 400 mij\u00eb eurove nga taksat e parkingut publik q\u00eb administron bashkia, duke favorizuar persona t\u00eb caktuar dhe duke shp\u00ebrdoruar detyr\u00ebn n\u00eb disa raste.<\/span><\/p>\n<p><span style=\"color: #000000;\">Gjithashtu, Drejtoresha e Taksave n\u00eb bashki, Anisa Cjapi, dyshohet se ka favorizuar disa subjekte p\u00ebrmes faturave fiktive q\u00eb nuk p\u00ebrputheshin me vlerat reale t\u00eb taksave.<\/span><\/p>\n<p><span style=\"color: #000000;\">Nd\u00ebrkoh\u00eb, Vasil \u00c7eku, drejtor i DVKT-s\u00eb p\u00ebr Rajonin Jugor, akuzohet se ka urdh\u00ebruar inspektor\u00ebt t\u00eb kryejn\u00eb kontrolle vet\u00ebm n\u00eb nj\u00eb subjekt tregtar, pa nj\u00eb urdh\u00ebr pune t\u00eb dh\u00ebn\u00eb m\u00eb par\u00eb nga Drejtoria e P\u00ebrgjithshme e Tatimeve.<\/span><\/p>\n<p>&nbsp;<\/p>\n<p><span style=\"color: #000000;\">Njoftimi i prokuroris\u00eb:<\/span><\/p>\n<p><span style=\"color: #000000;\"><em>Abuzuan me detyr\u00ebn, Prokuroria e Fierit d\u00ebrgon n\u00eb gjyq dy drejtoreshat e Bashkis\u00eb si dhe drejtorin e DVKT-s\u00eb Rajoni Jugor<\/em><\/span><\/p>\n<p><span style=\"color: #000000;\"><em>Prokuroria pran\u00eb Gjykat\u00ebs s\u00eb Shkall\u00ebs s\u00eb Par\u00eb t\u00eb Juridiksionit t\u00eb P\u00ebrgjithsh\u00ebm Fier p\u00ebrfundoi hetimet dhe d\u00ebrgon n\u00eb gjyq shtetasen A.H., Drejtoresh\u00eb e P\u00ebrgjithshm\u00eb t\u00eb Taksave dhe Urbanistik\u00ebs, shtetasen A.C., Drejtoresh\u00ebs s\u00eb Taksave dhe Tarifave Vendore n\u00eb Bashkin\u00eb Fier si dhe shtetasin V.\u00c7. p\u00ebr veprat penale \u2018Shp\u00ebrdorim detyre\u2019 dhe \u2018Ushtrimi i ndikimit t\u00eb paligjsh\u00ebm ndaj personave q\u00eb ushtrojn\u00eb funksione publike\u2019, parashikuar nga nenet 248 dhe 245\/1 t\u00eb Kodit Penal.<\/em><\/span><\/p>\n<p><span style=\"color: #000000;\"><em>Nga hetimet mbi procedimin penal nr.68 t\u00eb vitit 2025, t\u00eb regjistruar kryesisht p\u00ebr k\u00ebto dy vepra penale, rezultoi e provuar se, e pandehura A.H., n\u00eb cil\u00ebsin\u00eb e Drejtoresh\u00ebs s\u00eb P\u00ebrgjithshme t\u00eb Taksave dhe Urbanistik\u00ebs n\u00eb Bashkin\u00eb Fier, nuk ka marr\u00eb masat p\u00ebr vendosjen e kas\u00ebs fiskale n\u00eb sistemin e parkimit t\u00eb Bashkis\u00eb, duke lejuar shmangien nga pagimi i detyrimeve tatimore n\u00eb vlera t\u00eb larta. Gjithashtu, mbi ushtrimin e ndikimit t\u00eb paligjsh\u00ebm prej t\u00eb pandehur\u00ebs mbi drejtorit\u00eb n\u00eb var\u00ebsi, jan\u00eb realizuar faturime fiktive t\u00eb subjekteve, duke i taksuar n\u00eb vlera m\u00eb t\u00eb ulta. E pandehura A.H., ka ushtruar ndikim t\u00eb paligjsh\u00ebm edhe tek Drejtoresha e Takasve n\u00eb Bashkin\u00eb Fier p\u00ebr t\u00eb kryer p\u00ebrllogaritje t\u00eb parregullt t\u00eb taksave subjektit \u201cR\u2026\u201d shpk, si dhe p\u00ebr t\u00eb l\u00ebshuar nj\u00eb v\u00ebrtetim se ky subjekt nuk kishte detyrime, nd\u00ebrkoh\u00eb q\u00eb ai ka pasur taksa pa paguar n\u00eb nj\u00eb vler\u00eb t\u00eb konsiderueshme.<\/em><\/span><\/p>\n<p><span style=\"color: #000000;\"><em>E pandehura A.C., n\u00eb cil\u00ebsin\u00eb e Drejtoresh\u00ebs s\u00eb Taksave dhe Tarifave Vendore n\u00eb Bashkin\u00eb Fier, ka l\u00ebshuar (konceptuar) fatura t\u00eb taksave dhe tarifave mbi vler\u00ebn reale p\u00ebr subjekte t\u00eb caktuara dhe, pasi u jan\u00eb njoftuar subjekteve t\u00eb cil\u00ebt kan\u00eb b\u00ebr\u00eb ankesa, vlera ka ndryshuar, duke u ulur n\u00eb disa raste edhe tej parashikimeve t\u00eb vendosura nga K\u00ebshilli Bashkiak. E pandehura ka realizuar faturime fiktive t\u00eb subjekteve, duke i taksuar ata me taksa n\u00eb vler\u00eb m\u00eb t\u00eb ul\u00ebt se ajo p\u00ebr t\u00eb cil\u00ebn ata duhej t\u00eb taksoheshin. Gjithashtu, e pandehura nuk ka marr\u00eb asnj\u00eb mas\u00eb p\u00ebr fiskalizimin e pikave t\u00eb parkimit t\u00eb mjeteve n\u00eb administrimin e Bashkis\u00eb.<\/em><\/span><\/p>\n<p><span style=\"color: #000000;\"><em>Nd\u00ebrkoh\u00eb, i pandehuri V.\u00c7., me detyr\u00eb Drejtor i DVKT Rajoni Jugor, me urdhrin e nxjerr\u00eb prej tij ka detyruar inspektor\u00ebt t\u00eb kryejn\u00eb kontroll n\u00eb nj\u00eb subjekt tregtar, pa pasur m\u00eb par\u00eb nj\u00eb urdh\u00ebr pune nga DPT. Pas kryerjes s\u00eb kontrollit, i pandehuri nuk ka kryer procedur\u00ebn ligjore p\u00ebr t\u00eb k\u00ebrkuar rikontroll n\u00eb Drejtorin\u00eb e P\u00ebrgjithshme t\u00eb Tatimeve dhe nuk ka mbik\u00ebqyrur fushat\u00ebn sensibilizuese, pasi nuk \u00ebsht\u00eb kontrolluar asnj\u00eb subjekt tjet\u00ebr.<\/em><\/span><\/p>\n<p><span style=\"color: #000000;\"><em>N\u00eb p\u00ebrfundim, Prokuroria pran\u00eb Gjykat\u00ebs s\u00eb Shkall\u00ebs s\u00eb Par\u00eb Juridiksionit t\u00eb P\u00ebrgjithsh\u00ebm Fier d\u00ebrgoi \u00e7\u00ebshtjen n\u00eb gjyq n\u00eb ngarkim t\u00eb t\u00eb pandehurve:<\/em><\/span><\/p>\n<ul>\n<li><span style=\"color: #000000;\"><em> A.H., e akuzuar p\u00ebr kryerjen e veprave penale \u201cShp\u00ebrdorimi i detyr\u00ebs\u201d dhe \u201cUshtrimi i ndikimit t\u00eb paligjsh\u00ebm ndaj personave q\u00eb ushtrojn\u00eb funksione publike\u201d, parashikuar nga nenet 248 dhe 245\/1 prg.3 t\u00eb Kodit Penal;<\/em><\/span><\/li>\n<li><span style=\"color: #000000;\"><em> A.C., i akuzuar p\u00ebr kryerjen e vepr\u00ebs penale \u201cShp\u00ebrdorimi i detyr\u00ebs\u201d, e parashikuar nga neni 248 i Kodit Penal;<\/em><\/span><\/li>\n<li><span style=\"color: #000000;\"><em> V.\u00c7., i akuzuar p\u00ebr vepr\u00ebn kryerjen e vepr\u00ebs penale \u201cShp\u00ebrdorimi i detyr\u00ebs\u201d, e parashikuar nga neni 248 i Kodit Penal.<\/em><\/span><\/li>\n<\/ul>\n<p><span style=\"color: #000000;\"><em>N\u00eb vijim, Prokuroria pran\u00eb Gjykat\u00ebs s\u00eb Shkall\u00ebs s\u00eb Par\u00eb Juridiksionit t\u00eb P\u00ebrgjithsh\u00ebm Fier shpreh angazhimin e plot\u00eb dhe v\u00ebnien para p\u00ebrgjegj\u00ebsis\u00eb ligjore t\u00eb t\u00eb gjith\u00eb punonj\u00ebsve shtet\u00ebror\u00eb ose n\u00eb sh\u00ebrbim publik q\u00eb kryejn\u00eb vepra penale kund\u00ebr veprimtaris\u00eb shtet\u00ebrore.<\/em><\/span><\/p>\n<p><span style=\"color: #000000;\"><em>Sqarim: \u00c7do person prezumohet i pafajsh\u00ebm derisa nuk v\u00ebrtetohet faj\u00ebsia e tij me vendim gjyq\u00ebsor t\u00eb form\u00ebs s\u00eb prer\u00eb.<\/em><\/span><\/p>\n","protected":false,"gt_translate_keys":[{"key":"rendered","format":"html"}]},"excerpt":{"rendered":"<p>Prokuroria e Fierit ka p\u00ebrfunduar hetimet dhe ka d\u00ebrguar p\u00ebr gjyq dy zyrtar\u00eb t\u00eb Bashkis\u00eb s\u00eb Fierit dhe nj\u00eb drejtor t\u00eb tatimeve n\u00eb rajonin jugor, p\u00ebr shp\u00ebrdorim detyre. Sipas organit t\u00eb akuz\u00ebs, drejtoresha e p\u00ebrgjithshme e Taksave dhe Urbanistik\u00ebs, Adela Hysenaj, e cila m\u00eb par\u00eb ka mbajtur postin e n\u00ebnkryetares s\u00eb bashkis\u00eb, nuk ka marr\u00eb [&hellip;]<\/p>\n","protected":false,"gt_translate_keys":[{"key":"rendered","format":"html"}]},"author":32,"featured_media":778373,"comment_status":"closed","ping_status":"open","sticky":false,"template":"","format":"standard","meta":{"footnotes":""},"categories":[65],"tags":[],"class_list":["post-778372","post","type-post","status-publish","format-standard","has-post-thumbnail","hentry","category-lajme"],"gt_translate_keys":[{"key":"link","format":"url"}],"_links":{"self":[{"href":"https:\/\/www.hashtag.al\/index.php\/wp-json\/wp\/v2\/posts\/778372","targetHints":{"allow":["GET"]}}],"collection":[{"href":"https:\/\/www.hashtag.al\/index.php\/wp-json\/wp\/v2\/posts"}],"about":[{"href":"https:\/\/www.hashtag.al\/index.php\/wp-json\/wp\/v2\/types\/post"}],"author":[{"embeddable":true,"href":"https:\/\/www.hashtag.al\/index.php\/wp-json\/wp\/v2\/users\/32"}],"replies":[{"embeddable":true,"href":"https:\/\/www.hashtag.al\/index.php\/wp-json\/wp\/v2\/comments?post=778372"}],"version-history":[{"count":99999,"href":"https:\/\/www.hashtag.al\/index.php\/wp-json\/wp\/v2\/posts\/778372\/revisions"}],"predecessor-version":[{"id":778374,"href":"https:\/\/www.hashtag.al\/index.php\/wp-json\/wp\/v2\/posts\/778372\/revisions\/778374"}],"wp:featuredmedia":[{"embeddable":true,"href":"https:\/\/www.hashtag.al\/index.php\/wp-json\/wp\/v2\/media\/778373"}],"wp:attachment":[{"href":"https:\/\/www.hashtag.al\/index.php\/wp-json\/wp\/v2\/media?parent=778372"}],"wp:term":[{"taxonomy":"category","embeddable":true,"href":"https:\/\/www.hashtag.al\/index.php\/wp-json\/wp\/v2\/categories?post=778372"},{"taxonomy":"post_tag","embeddable":true,"href":"https:\/\/www.hashtag.al\/index.php\/wp-json\/wp\/v2\/tags?post=778372"}],"curies":[{"name":"wp","href":"https:\/\/api.w.org\/{rel}","templated":true}]}}