{"id":778369,"date":"2025-12-24T13:49:35","date_gmt":"2025-12-24T12:49:35","guid":{"rendered":"https:\/\/www.hashtag.al\/?p=778369"},"modified":"2025-12-24T13:49:35","modified_gmt":"2025-12-24T12:49:35","slug":"u-arrestuan-ne-protesten-e-pd-gjykata-cakton-detyrim-paraqitje-per-4-protestuesit","status":"publish","type":"post","link":"https:\/\/www.hashtag.al\/index.php\/2025\/12\/24\/u-arrestuan-ne-protesten-e-pd-gjykata-cakton-detyrim-paraqitje-per-4-protestuesit\/","title":{"rendered":"U arrestuan n\u00eb protest\u00ebn e PD, gjykata cakton \u201cdetyrim paraqitje p\u00ebr\u00a04 protestuesit","gt_translate_keys":[{"key":"rendered","format":"text"}]},"content":{"rendered":"<p><img loading=\"lazy\" decoding=\"async\" class=\"aligncenter size-full wp-image-778370\" src=\"https:\/\/www.hashtag.al\/wp-content\/uploads\/2025\/12\/protesta-e-opozites-675x450-1.jpg\" alt=\"\" width=\"675\" height=\"450\" srcset=\"https:\/\/www.hashtag.al\/wp-content\/uploads\/2025\/12\/protesta-e-opozites-675x450-1.jpg 675w, https:\/\/www.hashtag.al\/wp-content\/uploads\/2025\/12\/protesta-e-opozites-675x450-1-300x200.jpg 300w\" sizes=\"auto, (max-width: 675px) 100vw, 675px\" \/><\/p>\n<p><span style=\"color: #000000;\">4 protestues t\u00eb Partis\u00eb Demokratike, t\u00eb arrestuar gjat\u00eb protest\u00ebs n\u00eb Bulevardin \u201cD\u00ebshmor\u00ebt e Kombit\u201d n\u00eb kryeqytet, do t\u00eb paraqiten me detyrim para autoriteteve.<img loading=\"lazy\" decoding=\"async\" src=\"https:\/\/ads.balkanweb.com\/www\/delivery\/lg.php?bannerid=0&amp;campaignid=0&amp;zoneid=426&amp;loc=https%3A%2F%2Fwww.balkanweb.com%2Fu-arrestuan-ne-tubimin-kombetar-te-pd-lirohen-4-protestuesit-gjykata-cakton-detyrim-paraqitje%2F&amp;referer=https%3A%2F%2Fwww.balkanweb.com%2F&amp;cb=8476a222b8\" alt=\"\" width=\"0\" height=\"0\" \/><\/span><\/p>\n<p><span style=\"color: #000000;\">K\u00ebt\u00eb mas\u00eb e ka k\u00ebrkuar prokuroria e Tiranes, nd\u00ebrsa autoritetet kan\u00eb vendosur q\u00eb t\u00eb mos i mbajn\u00eb ata n\u00eb paraburgim, por t\u00eb monitorohen n\u00ebp\u00ebrmjet detyrimit p\u00ebr t\u2019u paraqitur rregullisht pran\u00eb organeve t\u00eb drejt\u00ebsis\u00eb.<\/span><\/p>\n","protected":false,"gt_translate_keys":[{"key":"rendered","format":"html"}]},"excerpt":{"rendered":"<p>4 protestues t\u00eb Partis\u00eb Demokratike, t\u00eb arrestuar gjat\u00eb protest\u00ebs n\u00eb Bulevardin \u201cD\u00ebshmor\u00ebt e Kombit\u201d n\u00eb kryeqytet, do t\u00eb paraqiten me detyrim para autoriteteve. K\u00ebt\u00eb mas\u00eb e ka k\u00ebrkuar prokuroria e Tiranes, nd\u00ebrsa autoritetet kan\u00eb vendosur q\u00eb t\u00eb mos i mbajn\u00eb ata n\u00eb paraburgim, por t\u00eb monitorohen n\u00ebp\u00ebrmjet detyrimit p\u00ebr t\u2019u paraqitur rregullisht pran\u00eb organeve t\u00eb [&hellip;]<\/p>\n","protected":false,"gt_translate_keys":[{"key":"rendered","format":"html"}]},"author":49,"featured_media":778370,"comment_status":"closed","ping_status":"open","sticky":false,"template":"","format":"standard","meta":{"footnotes":""},"categories":[65],"tags":[],"class_list":["post-778369","post","type-post","status-publish","format-standard","has-post-thumbnail","hentry","category-lajme"],"gt_translate_keys":[{"key":"link","format":"url"}],"_links":{"self":[{"href":"https:\/\/www.hashtag.al\/index.php\/wp-json\/wp\/v2\/posts\/778369","targetHints":{"allow":["GET"]}}],"collection":[{"href":"https:\/\/www.hashtag.al\/index.php\/wp-json\/wp\/v2\/posts"}],"about":[{"href":"https:\/\/www.hashtag.al\/index.php\/wp-json\/wp\/v2\/types\/post"}],"author":[{"embeddable":true,"href":"https:\/\/www.hashtag.al\/index.php\/wp-json\/wp\/v2\/users\/49"}],"replies":[{"embeddable":true,"href":"https:\/\/www.hashtag.al\/index.php\/wp-json\/wp\/v2\/comments?post=778369"}],"version-history":[{"count":99999,"href":"https:\/\/www.hashtag.al\/index.php\/wp-json\/wp\/v2\/posts\/778369\/revisions"}],"predecessor-version":[{"id":778371,"href":"https:\/\/www.hashtag.al\/index.php\/wp-json\/wp\/v2\/posts\/778369\/revisions\/778371"}],"wp:featuredmedia":[{"embeddable":true,"href":"https:\/\/www.hashtag.al\/index.php\/wp-json\/wp\/v2\/media\/778370"}],"wp:attachment":[{"href":"https:\/\/www.hashtag.al\/index.php\/wp-json\/wp\/v2\/media?parent=778369"}],"wp:term":[{"taxonomy":"category","embeddable":true,"href":"https:\/\/www.hashtag.al\/index.php\/wp-json\/wp\/v2\/categories?post=778369"},{"taxonomy":"post_tag","embeddable":true,"href":"https:\/\/www.hashtag.al\/index.php\/wp-json\/wp\/v2\/tags?post=778369"}],"curies":[{"name":"wp","href":"https:\/\/api.w.org\/{rel}","templated":true}]}}