{"id":778359,"date":"2025-12-24T14:02:56","date_gmt":"2025-12-24T13:02:56","guid":{"rendered":"https:\/\/www.hashtag.al\/?p=778359"},"modified":"2025-12-24T14:02:56","modified_gmt":"2025-12-24T13:02:56","slug":"kryepeshkopi-joani-uron-besimtaret-e-krishtere-per-krishtlindje-kjo-feste-vjen-si-rreze-shprese","status":"publish","type":"post","link":"https:\/\/www.hashtag.al\/index.php\/2025\/12\/24\/kryepeshkopi-joani-uron-besimtaret-e-krishtere-per-krishtlindje-kjo-feste-vjen-si-rreze-shprese\/","title":{"rendered":"Kryepeshkopi Joani uron besimtar\u00ebt e krishter\u00eb p\u00ebr Krishtlindje: Kjo fest\u00eb vjen si rreze shprese","gt_translate_keys":[{"key":"rendered","format":"text"}]},"content":{"rendered":"<p data-start=\"186\" data-end=\"420\"><span style=\"color: #000000;\"><img loading=\"lazy\" decoding=\"async\" class=\"aligncenter size-full wp-image-778360\" src=\"https:\/\/www.hashtag.al\/wp-content\/uploads\/2025\/12\/Screenshot-2025-12-24-122326.png\" alt=\"\" width=\"965\" height=\"734\" srcset=\"https:\/\/www.hashtag.al\/wp-content\/uploads\/2025\/12\/Screenshot-2025-12-24-122326.png 965w, https:\/\/www.hashtag.al\/wp-content\/uploads\/2025\/12\/Screenshot-2025-12-24-122326-300x228.png 300w, https:\/\/www.hashtag.al\/wp-content\/uploads\/2025\/12\/Screenshot-2025-12-24-122326-768x584.png 768w\" sizes=\"auto, (max-width: 965px) 100vw, 965px\" \/><\/span><\/p>\n<p data-start=\"186\" data-end=\"420\"><span style=\"color: #000000;\">Kryepeshkopi i Shqip\u00ebris\u00eb, Joani, ka uruar besimtar\u00ebt e krishter\u00eb n\u00eb vigjilje t\u00eb Krishtlindjes, duke theksuar r\u00ebnd\u00ebsin\u00eb shpirt\u00ebrore t\u00eb Mish\u00ebrimit t\u00eb Krishtit dhe nevoj\u00ebn q\u00eb kjo fest\u00eb t\u00eb p\u00ebrjetohet me dashuri, p\u00ebrul\u00ebsi dhe solidaritet.<\/span><\/p>\n<p data-start=\"422\" data-end=\"663\"><span style=\"color: #000000;\">N\u00eb mesazhin e tij, Kryepeshkopi Joani u b\u00ebri thirrje besimtar\u00ebve q\u00eb ta shpallin me g\u00ebzim lajmin e mir\u00eb se Per\u00ebndia banon nd\u00ebr njer\u00ebz dhe ta d\u00ebshmojn\u00eb k\u00ebt\u00eb p\u00ebrmes veprave t\u00eb mira, ve\u00e7an\u00ebrisht ndaj t\u00eb varf\u00ebrve, t\u00eb s\u00ebmur\u00ebve dhe atyre n\u00eb nevoj\u00eb.<\/span><\/p>\n<p><span style=\"color: #000000;\"><em>\u201cK\u00ebto fjal\u00eb e p\u00ebrmbledhin dhe e shprehin kuptimin fest\u00ebs s\u00eb Krishtlindjes n\u00eb m\u00ebnyr\u00ebn m\u00eb t\u00eb thell\u00eb dhe m\u00eb t\u00eb p\u00ebrsosur. N\u00ebse do t\u00eb p\u00ebrqendrohemi p\u00ebr t\u00eb kuptuar r\u00ebnd\u00ebsin\u00eb e k\u00ebtij misteri t\u00eb madh, n\u00eb t\u00eb cilin Biri dhe Fjala e Atit u mish\u00ebrua dhe u b\u00eb njeri, at\u00ebher\u00eb do t\u00eb mund t\u00eb marrim pjes\u00eb n\u00eb festimin dhe g\u00ebzimin shpirt\u00ebror dhe do t\u00eb ndiejm\u00eb brenda nesh fuqin\u00eb transformuese t\u00eb p\u00ebrjetimit t\u00eb k\u00ebsaj ngjarjeje. Mish\u00ebrimi nuk \u00ebsht\u00eb thjesht nj\u00eb mrekulli apo nj\u00eb mister i denj\u00eb p\u00ebr t\u2019u admiruar; \u00ebsht\u00eb dhurata m\u00eb e madhe q\u00eb mund t\u2019i jepej njer\u00ebzimit. Biri dhe Fjala e Per\u00ebndis\u00eb mish\u00ebrohet dhe ulet pran\u00eb vuajtjes njer\u00ebzore, prek shtremb\u00ebrimin e natyr\u00ebs son\u00eb p\u00ebr ta drejtuar, duke na zbuluar thell\u00ebsin\u00eb e dhembshuris\u00eb dhe t\u00eb p\u00ebrul\u00ebsis\u00eb s\u00eb thell\u00eb, q\u00eb lind nga dashuria e Tij e pafund p\u00ebr t\u00eb gjith\u00eb bot\u00ebn. Sh\u00ebn Athanasi i Madh e\u00a0 shpreh k\u00ebt\u00eb t\u00eb v\u00ebrtet\u00eb trondit\u00ebse n\u00eb m\u00ebnyr\u00eb lakonike: Biri i Per\u00ebndis\u00eb u b\u00eb njeri, q\u00eb ne t\u00eb b\u00ebhemi per\u00ebndi.<\/em><\/span><\/p>\n<p><span style=\"color: #000000;\"><em>T\u00eb dashur v\u00ebllez\u00ebr dhe motra! Duhet ta shpallim me g\u00ebzim k\u00ebt\u00eb lajm t\u00eb mir\u00eb dhe t\u00eb d\u00ebshmojm\u00eb me zell dhe pa u lodhur se tashm\u00eb Per\u00ebndia banon nd\u00ebr ne. Nj\u00eb d\u00ebshmitar i v\u00ebrtet\u00eb shp\u00ebton jet\u00eb &#8211; thot\u00eb Solomoni i ditur (Fj. Urt. 16:6). \u00cbsht\u00eb detyra e \u00e7do t\u00eb krishteri ta p\u00ebrhap\u00eb dhe ta bashk\u00ebndaj\u00eb k\u00ebt\u00eb drit\u00eb me t\u00eb gjith\u00eb bot\u00ebn, sepse vet\u00ebm duke e ndar\u00eb at\u00eb me t\u00eb tjer\u00ebt, drita mund t\u00eb ruhet dhe t\u00eb rritet, p\u00ebrndryshe ajo do t\u00eb zbehet dhe p\u00ebrfundimisht do t\u00eb zhduket. Tani, m\u00eb shum\u00eb se kurr\u00eb, bota ka nevoj\u00eb p\u00ebr drit\u00ebn e Krishtit. \u00cbsht\u00eb e nevojshme, sepse nj\u00eb jet\u00eb pa pranin\u00eb e Zotit b\u00ebhet e mjerueshme, kthehet n\u00eb nj\u00eb jet\u00eb pa dashuri, pa g\u00ebzim, pa drit\u00eb: nj\u00eb jet\u00eb n\u00eb err\u00ebsir\u00eb. Vet\u00ebm prania e Tij mund t\u00eb ndri\u00e7oj\u00eb zemrat dhe shpirtrat tan\u00eb dhe mund t\u2019i jap\u00eb jet\u00ebs son\u00eb drit\u00eb e g\u00ebzim. Ai \u00ebsht\u00eb drita n\u00eb err\u00ebsir\u00ebn ton\u00eb dhe m\u00ebsimi i Tij, thot\u00eb psalmisti, \u00ebsht\u00eb nj\u00eb llamb\u00eb p\u00ebr udh\u00ebtimin ton\u00eb n\u00eb k\u00ebt\u00eb jet\u00eb.<\/em><\/span><\/p>\n<p><span style=\"color: #000000;\"><em>P\u00ebr t\u00eb festuar shpirt\u00ebrisht Lindjen Krishtit, le t\u00eb kujdesemi gjat\u00eb k\u00ebtyre dit\u00ebve festive t\u00eb p\u00ebrjetojm\u00eb m\u00eb thell\u00eb shenjt\u00ebrin\u00eb dhe madh\u00ebshtin\u00eb e k\u00ebsaj dhurate hyjnore. K\u00ebt\u00eb mund ta realizojm\u00eb duke e pastruar zemr\u00ebn ton\u00eb nga \u00e7do lig\u00ebsi dhe duke e mbushur at\u00eb me dashuri dhe p\u00ebrul\u00ebsi ndaj t\u00eb gjith\u00eb njer\u00ebzve, sidomos ndaj atyre q\u00eb jan\u00eb n\u00eb nevoj\u00eb \u2013 n\u00eb varf\u00ebri, n\u00eb s\u00ebmundje, n\u00eb d\u00ebshp\u00ebrim dhe n\u00eb vetmi. Zoti e identifikon Veten e Tij me njer\u00ebzit n\u00eb nevoj\u00eb, duke na th\u00ebn\u00eb: Sepse pata uri e m\u00eb dhat\u00eb t\u00eb ha; pata etje, e m\u00eb dhat\u00eb t\u00eb pi; i huaj isha, e m\u00eb mor\u00ebt brenda; i zhveshur, e m\u00eb vesh\u00ebt; u s\u00ebmura, edhe erdh\u00ebt t\u00eb m\u00eb shihni; isha n\u00eb burg, edhe erdh\u00ebt tek un\u00eb&#8230;. Me t\u00eb v\u00ebrtet\u00eb po ju them juve, gjith\u00eb sa i b\u00ebt\u00eb nj\u00ebrit prej k\u00ebtyre v\u00ebllez\u00ebrve t\u00eb mi m\u00eb t\u00eb vegj\u00ebl, ma keni b\u00ebr\u00eb mua (Mt. 25:35-40). Vet\u00ebm duke b\u00ebr\u00eb k\u00ebto, Krishtlindja do t\u00eb ket\u00eb kuptim t\u00eb v\u00ebrtet\u00eb dhe gjith\u00e7ka te ne do t\u00eb ndri\u00e7ohet nga Fjala e b\u00ebr\u00eb mish.&#8221;<\/em><\/span><\/p>\n","protected":false,"gt_translate_keys":[{"key":"rendered","format":"html"}]},"excerpt":{"rendered":"<p>Kryepeshkopi i Shqip\u00ebris\u00eb, Joani, ka uruar besimtar\u00ebt e krishter\u00eb n\u00eb vigjilje t\u00eb Krishtlindjes, duke theksuar r\u00ebnd\u00ebsin\u00eb shpirt\u00ebrore t\u00eb Mish\u00ebrimit t\u00eb Krishtit dhe nevoj\u00ebn q\u00eb kjo fest\u00eb t\u00eb p\u00ebrjetohet me dashuri, p\u00ebrul\u00ebsi dhe solidaritet. N\u00eb mesazhin e tij, Kryepeshkopi Joani u b\u00ebri thirrje besimtar\u00ebve q\u00eb ta shpallin me g\u00ebzim lajmin e mir\u00eb se Per\u00ebndia banon nd\u00ebr [&hellip;]<\/p>\n","protected":false,"gt_translate_keys":[{"key":"rendered","format":"html"}]},"author":49,"featured_media":778360,"comment_status":"closed","ping_status":"open","sticky":false,"template":"","format":"standard","meta":{"footnotes":""},"categories":[65],"tags":[],"class_list":["post-778359","post","type-post","status-publish","format-standard","has-post-thumbnail","hentry","category-lajme"],"gt_translate_keys":[{"key":"link","format":"url"}],"_links":{"self":[{"href":"https:\/\/www.hashtag.al\/index.php\/wp-json\/wp\/v2\/posts\/778359","targetHints":{"allow":["GET"]}}],"collection":[{"href":"https:\/\/www.hashtag.al\/index.php\/wp-json\/wp\/v2\/posts"}],"about":[{"href":"https:\/\/www.hashtag.al\/index.php\/wp-json\/wp\/v2\/types\/post"}],"author":[{"embeddable":true,"href":"https:\/\/www.hashtag.al\/index.php\/wp-json\/wp\/v2\/users\/49"}],"replies":[{"embeddable":true,"href":"https:\/\/www.hashtag.al\/index.php\/wp-json\/wp\/v2\/comments?post=778359"}],"version-history":[{"count":99999,"href":"https:\/\/www.hashtag.al\/index.php\/wp-json\/wp\/v2\/posts\/778359\/revisions"}],"predecessor-version":[{"id":778361,"href":"https:\/\/www.hashtag.al\/index.php\/wp-json\/wp\/v2\/posts\/778359\/revisions\/778361"}],"wp:featuredmedia":[{"embeddable":true,"href":"https:\/\/www.hashtag.al\/index.php\/wp-json\/wp\/v2\/media\/778360"}],"wp:attachment":[{"href":"https:\/\/www.hashtag.al\/index.php\/wp-json\/wp\/v2\/media?parent=778359"}],"wp:term":[{"taxonomy":"category","embeddable":true,"href":"https:\/\/www.hashtag.al\/index.php\/wp-json\/wp\/v2\/categories?post=778359"},{"taxonomy":"post_tag","embeddable":true,"href":"https:\/\/www.hashtag.al\/index.php\/wp-json\/wp\/v2\/tags?post=778359"}],"curies":[{"name":"wp","href":"https:\/\/api.w.org\/{rel}","templated":true}]}}