{"id":778128,"date":"2025-12-23T07:58:04","date_gmt":"2025-12-23T06:58:04","guid":{"rendered":"https:\/\/www.hashtag.al\/?p=778128"},"modified":"2025-12-23T07:58:04","modified_gmt":"2025-12-23T06:58:04","slug":"zelensky-paralajmeron-sulme-masive-ruse-ne-krishtlindje-mungese-e-theksuar-e-mbrojtjes-ajrore","status":"publish","type":"post","link":"https:\/\/www.hashtag.al\/index.php\/2025\/12\/23\/zelensky-paralajmeron-sulme-masive-ruse-ne-krishtlindje-mungese-e-theksuar-e-mbrojtjes-ajrore\/","title":{"rendered":"Zelensky paralajm\u00ebron sulme \u201cmasive\u201d ruse n\u00eb Krishtlindje: Munges\u00eb e theksuar e mbrojtjes ajrore","gt_translate_keys":[{"key":"rendered","format":"text"}]},"content":{"rendered":"<p data-start=\"186\" data-end=\"318\"><span style=\"color: #000000;\"><img loading=\"lazy\" decoding=\"async\" class=\"size-full wp-image-752300 aligncenter\" src=\"https:\/\/www.hashtag.al\/wp-content\/uploads\/2025\/07\/zelensky.jpg\" alt=\"\" width=\"768\" height=\"432\" srcset=\"https:\/\/www.hashtag.al\/wp-content\/uploads\/2025\/07\/zelensky.jpg 768w, https:\/\/www.hashtag.al\/wp-content\/uploads\/2025\/07\/zelensky-300x169.jpg 300w\" sizes=\"auto, (max-width: 768px) 100vw, 768px\" \/><br \/>\nPresidenti i Ukrain\u00ebs, Volodymyr Zelensky, ka paralajm\u00ebruar se Rusia mund t\u00eb nd\u00ebrmarr\u00eb sulme \u201cmasive\u201d gjat\u00eb dit\u00ebve t\u00eb Krishtlindjes, p\u00ebrcjell <span style=\"color: #666699;\"><a style=\"color: #666699;\" href=\"https:\/\/www.dw.com\/en\/ukraine-zelenskyy-cautiously-optimistic-about-peace-talks\/live-75272243\">DW<\/a><\/span>.<\/span><\/p>\n<p data-start=\"186\" data-end=\"318\"><span style=\"color: #000000;\">\u201cNuk p\u00ebrjashtohet mund\u00ebsia e sulmeve masive n\u00eb Krishtlindje\u201d, shkroi Zelensky n\u00eb platform\u00ebn X, duke b\u00ebr\u00eb t\u00eb ditur se \u00e7\u00ebshtja kryesore e diskutuar n\u00eb mbledhjen e sotme t\u00eb Shtabit t\u00eb P\u00ebrgjithsh\u00ebm ka qen\u00eb mbrojtja ajrore.<\/span><\/p>\n<p data-start=\"540\" data-end=\"729\"><span style=\"color: #000000;\">\u201cSot zhvilluam nj\u00eb mbledhje t\u00eb Shtabit dhe \u00e7\u00ebshtja num\u00ebr nj\u00eb ishte mbrojtja ajrore: mbrojtja e qyteteve, fshatrave dhe komuniteteve tona, ve\u00e7an\u00ebrisht m\u00eb 23, 24 dhe 25 dhjetor\u201d, u shpreh ai.<\/span><\/p>\n<p data-start=\"731\" data-end=\"909\"><span style=\"color: #000000;\">Zelensky theksoi se ushtria ukrainase duhet t\u00eb siguroj\u00eb mbrojtjen maksimale t\u00eb mundshme, por pranoi se vendi po p\u00ebrballet me nj\u00eb munges\u00eb serioze t\u00eb sistemeve t\u00eb mbrojtjes ajrore.<\/span><\/p>\n<p data-start=\"911\" data-end=\"998\"><span style=\"color: #000000;\">\u201cFatkeq\u00ebsisht, kemi munges\u00eb t\u00eb sistemeve t\u00eb mbrojtjes ajrore\u201d, tha presidenti ukrainas.<\/span><\/p>\n<p data-start=\"1000\" data-end=\"1154\"><span style=\"color: #000000;\">N\u00eb lidhje me k\u00ebt\u00eb, Zelensky b\u00ebri t\u00eb ditur se Ukraina po punon p\u00ebr nj\u00eb marr\u00ebveshje t\u00eb r\u00ebnd\u00ebsishme me Shtetet e Bashkuara p\u00ebr furnizimin me sisteme Patriot.<\/span><\/p>\n<p data-start=\"1156\" data-end=\"1325\"><span style=\"color: #000000;\">\u201cPo punojm\u00eb p\u00ebr nj\u00eb kontrat\u00eb t\u00eb fort\u00eb me amerikan\u00ebt p\u00ebr dhjet\u00ebra \u2013 disa dhjet\u00ebra \u2013 sisteme Patriot, t\u00eb cilat do t\u00eb sigurohen p\u00ebrmes programeve t\u00eb ndryshme\u201d, deklaroi ai.<\/span><\/p>\n","protected":false,"gt_translate_keys":[{"key":"rendered","format":"html"}]},"excerpt":{"rendered":"<p>Presidenti i Ukrain\u00ebs, Volodymyr Zelensky, ka paralajm\u00ebruar se Rusia mund t\u00eb nd\u00ebrmarr\u00eb sulme \u201cmasive\u201d gjat\u00eb dit\u00ebve t\u00eb Krishtlindjes, p\u00ebrcjell DW. \u201cNuk p\u00ebrjashtohet mund\u00ebsia e sulmeve masive n\u00eb Krishtlindje\u201d, shkroi Zelensky n\u00eb platform\u00ebn X, duke b\u00ebr\u00eb t\u00eb ditur se \u00e7\u00ebshtja kryesore e diskutuar n\u00eb mbledhjen e sotme t\u00eb Shtabit t\u00eb P\u00ebrgjithsh\u00ebm ka qen\u00eb mbrojtja ajrore. \u201cSot [&hellip;]<\/p>\n","protected":false,"gt_translate_keys":[{"key":"rendered","format":"html"}]},"author":32,"featured_media":752300,"comment_status":"closed","ping_status":"open","sticky":false,"template":"","format":"standard","meta":{"footnotes":""},"categories":[6],"tags":[],"class_list":["post-778128","post","type-post","status-publish","format-standard","has-post-thumbnail","hentry","category-nderkombetare"],"gt_translate_keys":[{"key":"link","format":"url"}],"_links":{"self":[{"href":"https:\/\/www.hashtag.al\/index.php\/wp-json\/wp\/v2\/posts\/778128","targetHints":{"allow":["GET"]}}],"collection":[{"href":"https:\/\/www.hashtag.al\/index.php\/wp-json\/wp\/v2\/posts"}],"about":[{"href":"https:\/\/www.hashtag.al\/index.php\/wp-json\/wp\/v2\/types\/post"}],"author":[{"embeddable":true,"href":"https:\/\/www.hashtag.al\/index.php\/wp-json\/wp\/v2\/users\/32"}],"replies":[{"embeddable":true,"href":"https:\/\/www.hashtag.al\/index.php\/wp-json\/wp\/v2\/comments?post=778128"}],"version-history":[{"count":99999,"href":"https:\/\/www.hashtag.al\/index.php\/wp-json\/wp\/v2\/posts\/778128\/revisions"}],"predecessor-version":[{"id":778129,"href":"https:\/\/www.hashtag.al\/index.php\/wp-json\/wp\/v2\/posts\/778128\/revisions\/778129"}],"wp:featuredmedia":[{"embeddable":true,"href":"https:\/\/www.hashtag.al\/index.php\/wp-json\/wp\/v2\/media\/752300"}],"wp:attachment":[{"href":"https:\/\/www.hashtag.al\/index.php\/wp-json\/wp\/v2\/media?parent=778128"}],"wp:term":[{"taxonomy":"category","embeddable":true,"href":"https:\/\/www.hashtag.al\/index.php\/wp-json\/wp\/v2\/categories?post=778128"},{"taxonomy":"post_tag","embeddable":true,"href":"https:\/\/www.hashtag.al\/index.php\/wp-json\/wp\/v2\/tags?post=778128"}],"curies":[{"name":"wp","href":"https:\/\/api.w.org\/{rel}","templated":true}]}}