{"id":778111,"date":"2025-12-22T22:35:33","date_gmt":"2025-12-22T21:35:33","guid":{"rendered":"https:\/\/www.hashtag.al\/?p=778111"},"modified":"2025-12-22T22:52:22","modified_gmt":"2025-12-22T21:52:22","slug":"bashkimi-evropian-i-mbyll-deren-edi-rames","status":"publish","type":"post","link":"https:\/\/www.hashtag.al\/index.php\/2025\/12\/22\/bashkimi-evropian-i-mbyll-deren-edi-rames\/","title":{"rendered":"Bashkimi Evropian i mbyll der\u00ebn Edi Ram\u00ebs","gt_translate_keys":[{"key":"rendered","format":"text"}]},"content":{"rendered":"<p><span style=\"color: #000000;\"><img loading=\"lazy\" decoding=\"async\" class=\"aligncenter size-full wp-image-778115\" src=\"https:\/\/www.hashtag.al\/wp-content\/uploads\/2025\/12\/WhatsApp-Image-2025-12-22-at-10.30.36-PM.jpeg\" alt=\"\" width=\"900\" height=\"630\" srcset=\"https:\/\/www.hashtag.al\/wp-content\/uploads\/2025\/12\/WhatsApp-Image-2025-12-22-at-10.30.36-PM.jpeg 900w, https:\/\/www.hashtag.al\/wp-content\/uploads\/2025\/12\/WhatsApp-Image-2025-12-22-at-10.30.36-PM-300x210.jpeg 300w, https:\/\/www.hashtag.al\/wp-content\/uploads\/2025\/12\/WhatsApp-Image-2025-12-22-at-10.30.36-PM-768x538.jpeg 768w, https:\/\/www.hashtag.al\/wp-content\/uploads\/2025\/12\/WhatsApp-Image-2025-12-22-at-10.30.36-PM-570x400.jpeg 570w, https:\/\/www.hashtag.al\/wp-content\/uploads\/2025\/12\/WhatsApp-Image-2025-12-22-at-10.30.36-PM-360x252.jpeg 360w\" sizes=\"auto, (max-width: 900px) 100vw, 900px\" \/><\/span><\/p>\n<p><span style=\"color: #000000;\">Ministeriali i Energjis\u00eb s\u00eb BE-s\u00eb ka vendosur t\u00eb nd\u00ebshkoj\u00eb qeverin\u00eb shqiptare duke dal\u00eb me nj\u00eb vendim m\u00eb 18 Dhjetor p\u00ebr skualifikimin e Shqip\u00ebris\u00eb; sa i takon detyrave q\u00eb qeveria shqiptare ishte zotuar t\u2019i realizonte n\u00eb sektorin e energjis\u00eb.<\/span><\/p>\n<p><span style=\"color: #000000;\">Vendimi thot\u00eb se qeveria shqiptare duhet t\u00eb raportoj\u00eb gjat\u00eb vitit 2026 se \u00e7far\u00eb hapash do nd\u00ebrrmar\u00eb n\u00eb korrigjimin e problemeve t\u00eb konstatuara ne politikat e Energjis\u00eb.<\/span><\/p>\n<p><span style=\"color: #000000;\">Aktualisht ministresha e Energjis\u00eb Belinda Balluku \u00ebsht\u00eb n\u00ebn akuz\u00eb; nd\u00ebrsa nj\u00eb burim konfidencial i tha <span style=\"color: #0000ff;\">Hashtag.al<\/span><\/span> <span style=\"color: #000000;\">se ky vendim i fort\u00eb vjen pas tre projekteve ku Balluku \u00ebsht\u00eb investuar personalisht:<\/span><\/p>\n<p style=\"text-align: left;\"><span style=\"color: #000000;\">\u00a0 \u00a0<strong>1.<\/strong>TEC-i i Roskovecit, ku dyshohet si investitore dhe nj\u00eb koorporat\u00eb ruse<\/span><\/p>\n<p style=\"text-align: left;\"><span style=\"color: #000000;\">\u00a0 <strong>\u00a02.<\/strong> \u2060Anijet Energjitike \u201cTigrat\u201d n\u00eb Vlor\u00eb<\/span><\/p>\n<p style=\"text-align: left;\"><span style=\"color: #000000;\">\u00a0 \u00a0<strong>3.<\/strong>\u2060Destabilizimi i linjave t\u00eb interkonjeksionit evropian p\u00ebr shkak t\u00eb ujdive korruptive.<\/span><\/p>\n<p><strong><span style=\"color: #000000;\">M\u00eb posht\u00eb mund t\u00eb lexoni t\u00eb plot\u00eb vendimin e Sekretariatit t\u00eb Energjis\u00eb t\u00eb BE:<\/span><\/strong><\/p>\n<p><span style=\"color: #000000;\">Vendim i K\u00ebshillit Ministror t\u00eb Komunitetit t\u00eb Energjis\u00eb<\/span><\/p>\n<p><span style=\"color: #000000;\">2025\/03\/MC-EnC \u2013 Mos-p\u00ebrputhje e Shqip\u00ebris\u00eb me Traktatin e Komunitetit t\u00eb Energjis\u00eb (\u00c7\u00ebshtja ECS-5\/24)<\/span><\/p>\n<p><span style=\"color: #000000;\">K\u00ebshilli Ministror i Komunitetit t\u00eb Energjis\u00eb konstaton se:<\/span><\/p>\n<p><span style=\"color: #000000;\">Neni 1 \u2013 Mos-p\u00ebrmbushje nga Shqip\u00ebria<\/span><\/p>\n<p><span style=\"color: #000000;\">Shqip\u00ebria ka d\u00ebshtuar t\u00eb miratoj\u00eb dhe zbatoj\u00eb, deri m\u00eb 31 dhjetor 2023, legjislacionin, rregulloret dhe aktet administrative t\u00eb nevojshme p\u00ebr t\u2019u p\u00ebrputhur me:<\/span><\/p>\n<p><span style=\"color: #000000;\"><strong>&#8211;<\/strong>Direktiv\u00ebn (BE) 2019\/944 (tregu i brendsh\u00ebm i energjis\u00eb elektrike),<\/span><\/p>\n<p><span style=\"color: #000000;\"><strong>&#8211;<\/strong>Rregulloren (BE) 2019\/941 (p\u00ebrgatitja ndaj rreziqeve n\u00eb sektorin e energjis\u00eb),<\/span><\/p>\n<p><span style=\"color: #000000;\"><strong>&#8211;<\/strong>Rregulloret (BE) 2019\/942 dhe 2019\/943,<\/span><\/p>\n<p><span style=\"color: #000000;\">si dhe nj\u00eb s\u00ebr\u00eb rregulloresh teknike t\u00eb BE-s\u00eb mbi:<\/span><\/p>\n<p><span style=\"color: #000000;\"><strong>&#8211;<\/strong>alokimin e kapaciteteve,<\/span><\/p>\n<p><span style=\"color: #000000;\"><strong>&#8211;<\/strong>menaxhimin e kongjestionit,<\/span><\/p>\n<p><span style=\"color: #000000;\"><strong>&#8211;<\/strong>balancimin e energjis\u00eb,<\/span><\/p>\n<p><span style=\"color: #000000;\"><strong>&#8211;<\/strong>emergjencat dhe operimin e sistemit t\u00eb transmetimit.<\/span><\/p>\n<p><span style=\"color: #000000;\">Gjithashtu, Shqip\u00ebria nuk ka njoftuar Sekretariatin p\u00ebr masat p\u00ebrkat\u00ebse, duke shkelur:<\/span><\/p>\n<p><span style=\"color: #000000;\"><strong>&#8211;<\/strong>vendimet e Komunitetit t\u00eb Energjis\u00eb t\u00eb viteve 2021 dhe 2022,<\/span><\/p>\n<p><span style=\"color: #000000;\"><strong>&#8211;<\/strong>si dhe nenet 6 dhe 89 t\u00eb Traktatit t\u00eb Komunitetit t\u00eb Energjis\u00eb.<\/span><\/p>\n<p><span style=\"color: #000000;\">\u2e3b<\/span><\/p>\n<p><span style=\"color: #000000;\">Neni 2 \u2013 Veprimet pasuese<\/span><\/p>\n<p><span style=\"color: #000000;\">1.Shqip\u00ebria duhet t\u00eb marr\u00eb menj\u00ebher\u00eb t\u00eb gjitha masat e nevojshme p\u00ebr t\u00eb korrigjuar shkeljen dhe p\u00ebr t\u2019u p\u00ebrputhur me t\u00eb drejt\u00ebn e Komunitetit t\u00eb Energjis\u00eb.<\/span><\/p>\n<p><span style=\"color: #000000;\">2.Shqip\u00ebria duhet t\u00eb raportoj\u00eb rregullisht gjat\u00eb vitit 2026 mbi masat e marra.<\/span><\/p>\n<p><span style=\"color: #000000;\">3.N\u00ebse shkelja nuk korrigjohet deri m\u00eb 1 korrik 2026, Sekretariati ftohet t\u00eb nis\u00eb procedur\u00eb sanksionuese sipas Nenit 92 t\u00eb Traktatit.<\/span><\/p>\n<p><span style=\"color: #000000;\">\u2e3b<\/span><\/p>\n<p><span style=\"color: #000000;\">Neni 3 \u2013 Hyrja n\u00eb fuqi<\/span><\/p>\n<p><span style=\"color: #000000;\">Vendimi u drejtohet pal\u00ebve dhe institucioneve t\u00eb Traktatit dhe hyn n\u00eb fuqi menj\u00ebher\u00eb pas miratimit.<\/span><\/p>\n<p><span style=\"color: #000000;\">Miratuar n\u00eb Vjen\u00eb, m\u00eb 18 dhjetor 2025<\/span>.<\/p>\n<div>\n<p><span style=\"color: #000000;\">P\u00ebr t\u00eb lexuar vendimin e plot\u00eb kliko <span style=\"color: #0000ff;\"><a style=\"color: #0000ff;\" href=\"https:\/\/www.hashtag.al\/wp-content\/uploads\/2025\/12\/Ministerial-EU.pdf\"><strong>K\u00ebtu<\/strong><\/a><\/span><\/span><\/p>\n<\/div>\n","protected":false,"gt_translate_keys":[{"key":"rendered","format":"html"}]},"excerpt":{"rendered":"<p>Ministeriali i Energjis\u00eb s\u00eb BE-s\u00eb ka vendosur t\u00eb nd\u00ebshkoj\u00eb qeverin\u00eb shqiptare duke dal\u00eb me nj\u00eb vendim m\u00eb 18 Dhjetor p\u00ebr skualifikimin e Shqip\u00ebris\u00eb; sa i takon detyrave q\u00eb qeveria shqiptare ishte zotuar t\u2019i realizonte n\u00eb sektorin e energjis\u00eb. Vendimi thot\u00eb se qeveria shqiptare duhet t\u00eb raportoj\u00eb gjat\u00eb vitit 2026 se \u00e7far\u00eb hapash do nd\u00ebrrmar\u00eb n\u00eb [&hellip;]<\/p>\n","protected":false,"gt_translate_keys":[{"key":"rendered","format":"html"}]},"author":49,"featured_media":778115,"comment_status":"closed","ping_status":"open","sticky":false,"template":"","format":"standard","meta":{"footnotes":""},"categories":[22,65],"tags":[],"class_list":["post-778111","post","type-post","status-publish","format-standard","has-post-thumbnail","hentry","category-ballina","category-lajme"],"gt_translate_keys":[{"key":"link","format":"url"}],"_links":{"self":[{"href":"https:\/\/www.hashtag.al\/index.php\/wp-json\/wp\/v2\/posts\/778111","targetHints":{"allow":["GET"]}}],"collection":[{"href":"https:\/\/www.hashtag.al\/index.php\/wp-json\/wp\/v2\/posts"}],"about":[{"href":"https:\/\/www.hashtag.al\/index.php\/wp-json\/wp\/v2\/types\/post"}],"author":[{"embeddable":true,"href":"https:\/\/www.hashtag.al\/index.php\/wp-json\/wp\/v2\/users\/49"}],"replies":[{"embeddable":true,"href":"https:\/\/www.hashtag.al\/index.php\/wp-json\/wp\/v2\/comments?post=778111"}],"version-history":[{"count":99999,"href":"https:\/\/www.hashtag.al\/index.php\/wp-json\/wp\/v2\/posts\/778111\/revisions"}],"predecessor-version":[{"id":778124,"href":"https:\/\/www.hashtag.al\/index.php\/wp-json\/wp\/v2\/posts\/778111\/revisions\/778124"}],"wp:featuredmedia":[{"embeddable":true,"href":"https:\/\/www.hashtag.al\/index.php\/wp-json\/wp\/v2\/media\/778115"}],"wp:attachment":[{"href":"https:\/\/www.hashtag.al\/index.php\/wp-json\/wp\/v2\/media?parent=778111"}],"wp:term":[{"taxonomy":"category","embeddable":true,"href":"https:\/\/www.hashtag.al\/index.php\/wp-json\/wp\/v2\/categories?post=778111"},{"taxonomy":"post_tag","embeddable":true,"href":"https:\/\/www.hashtag.al\/index.php\/wp-json\/wp\/v2\/tags?post=778111"}],"curies":[{"name":"wp","href":"https:\/\/api.w.org\/{rel}","templated":true}]}}