{"id":778089,"date":"2025-12-22T21:10:28","date_gmt":"2025-12-22T20:10:28","guid":{"rendered":"https:\/\/www.hashtag.al\/?p=778089"},"modified":"2025-12-22T21:18:11","modified_gmt":"2025-12-22T20:18:11","slug":"lapaj-rama-smundet-me-kapsolla-por-me-rezistence","status":"publish","type":"post","link":"https:\/\/www.hashtag.al\/index.php\/2025\/12\/22\/lapaj-rama-smundet-me-kapsolla-por-me-rezistence\/","title":{"rendered":"Lapaj: Rama s\u2019mundet me kapsolla por me rezistenc\u00eb","gt_translate_keys":[{"key":"rendered","format":"text"}]},"content":{"rendered":"<p data-start=\"43\" data-end=\"246\"><span style=\"color: #000000;\"><img loading=\"lazy\" decoding=\"async\" class=\"aligncenter wp-image-778093 size-full\" src=\"https:\/\/www.hashtag.al\/wp-content\/uploads\/2025\/12\/lpaj-protest75-768x355-2-e1766433697516.jpg\" alt=\"\" width=\"612\" height=\"355\" srcset=\"https:\/\/www.hashtag.al\/wp-content\/uploads\/2025\/12\/lpaj-protest75-768x355-2-e1766433697516.jpg 612w, https:\/\/www.hashtag.al\/wp-content\/uploads\/2025\/12\/lpaj-protest75-768x355-2-e1766433697516-300x174.jpg 300w, https:\/\/www.hashtag.al\/wp-content\/uploads\/2025\/12\/lpaj-protest75-768x355-2-e1766433697516-250x145.jpg 250w\" sizes=\"auto, (max-width: 612px) 100vw, 612px\" \/><\/span><\/p>\n<p data-start=\"43\" data-end=\"246\"><span style=\"color: #000000;\">Kreu i L\u00ebvizjes \u201cShqip\u00ebria B\u00ebhet\u201d, Adriatik Lapaj, pas p\u00ebrfundimit t\u00eb protest\u00ebs s\u00eb thirrur nga Sali Berisha, u pozicionua pran\u00eb Kryeministris\u00eb, duke deklaruar se do t\u00eb vijoj\u00eb q\u00ebndres\u00ebn kund\u00ebr qeveris\u00eb.<\/span><\/p>\n<p><span style=\"color: #000000;\"> N\u00eb nj\u00eb prononcim p\u00ebr mediat, Lapaj theksoi se regjimi, sipas tij, nuk mund t\u00eb rr\u00ebzohet me dhun\u00eb apo kapsolla, por vet\u00ebm p\u00ebrmes rezistenc\u00ebs qytetare dhe masivitetit.\u00a0<\/span><\/p>\n<p><span style=\"color: #000000;\"><em>\u201cP\u00ebr dy or\u00eb hym\u00eb n\u00eb rezistenc\u00ebn e16. Rama dhe regjimi i tij mundet me rezistenc\u00eb nuk mundet dot me kapsolla. Se po t\u00eb jet\u00eb p\u00ebr kapsolla kan\u00eb m\u00eb shum\u00eb k\u00ebta, t\u00eb jet\u00eb p\u00ebr dhun\u00eb kan\u00eb m\u00eb shum\u00eb k\u00ebta.<\/em><\/span><\/p>\n<p><span style=\"color: #000000;\"><em> K\u00ebta munden vet\u00ebm me masivitet qendrestar\u00ebsh. Do q\u00ebndrojm\u00eb k\u00ebtu dhe do k\u00ebrkojm\u00eb masivitet qytetar\u00ebt p\u00ebr ta bllokuar. Un\u00eb vazhdoj n\u00eb protest\u00eb, t\u2019i thua t\u00eb ftuan n\u00eb protest\u00eb\u2026<\/em><\/span><\/p>\n<p><span style=\"color: #000000;\"><em>Un\u00eb jam 15 dit\u00eb n\u00eb protest\u00eb. Kjo \u00ebsht\u00eb protesta. \u00cbsht\u00eb shum\u00eb me r\u00ebnd\u00ebsi q\u00eb t\u00eb kuptojm\u00eb q\u00eb rezistenca, \u00ebsht\u00eb pika e kthes\u00ebs p\u00ebrball\u00eb k\u00ebtij regjimi q\u00eb ka marr\u00eb peng vendin. <\/em><\/span><\/p>\n<p><span style=\"color: #000000;\"><em>Kjo p\u00ebrkon q\u00ebndres\u00eb, t\u00eb mblidhemi k\u00ebtu dhe ky dhjetor t\u00eb mos i ndal\u00eb asnj\u00eb moment. Rama mundet n\u00ebse kemi f\u00ebmij\u00ebt p\u00ebrdore duke u p\u00ebrballur me t\u00eb\u201d,<\/em> tha ai.<\/span><\/p>\n","protected":false,"gt_translate_keys":[{"key":"rendered","format":"html"}]},"excerpt":{"rendered":"<p>Kreu i L\u00ebvizjes \u201cShqip\u00ebria B\u00ebhet\u201d, Adriatik Lapaj, pas p\u00ebrfundimit t\u00eb protest\u00ebs s\u00eb thirrur nga Sali Berisha, u pozicionua pran\u00eb Kryeministris\u00eb, duke deklaruar se do t\u00eb vijoj\u00eb q\u00ebndres\u00ebn kund\u00ebr qeveris\u00eb. N\u00eb nj\u00eb prononcim p\u00ebr mediat, Lapaj theksoi se regjimi, sipas tij, nuk mund t\u00eb rr\u00ebzohet me dhun\u00eb apo kapsolla, por vet\u00ebm p\u00ebrmes rezistenc\u00ebs qytetare dhe masivitetit.\u00a0 [&hellip;]<\/p>\n","protected":false,"gt_translate_keys":[{"key":"rendered","format":"html"}]},"author":49,"featured_media":778093,"comment_status":"closed","ping_status":"open","sticky":false,"template":"","format":"standard","meta":{"footnotes":""},"categories":[65],"tags":[],"class_list":["post-778089","post","type-post","status-publish","format-standard","has-post-thumbnail","hentry","category-lajme"],"gt_translate_keys":[{"key":"link","format":"url"}],"_links":{"self":[{"href":"https:\/\/www.hashtag.al\/index.php\/wp-json\/wp\/v2\/posts\/778089","targetHints":{"allow":["GET"]}}],"collection":[{"href":"https:\/\/www.hashtag.al\/index.php\/wp-json\/wp\/v2\/posts"}],"about":[{"href":"https:\/\/www.hashtag.al\/index.php\/wp-json\/wp\/v2\/types\/post"}],"author":[{"embeddable":true,"href":"https:\/\/www.hashtag.al\/index.php\/wp-json\/wp\/v2\/users\/49"}],"replies":[{"embeddable":true,"href":"https:\/\/www.hashtag.al\/index.php\/wp-json\/wp\/v2\/comments?post=778089"}],"version-history":[{"count":99999,"href":"https:\/\/www.hashtag.al\/index.php\/wp-json\/wp\/v2\/posts\/778089\/revisions"}],"predecessor-version":[{"id":778097,"href":"https:\/\/www.hashtag.al\/index.php\/wp-json\/wp\/v2\/posts\/778089\/revisions\/778097"}],"wp:featuredmedia":[{"embeddable":true,"href":"https:\/\/www.hashtag.al\/index.php\/wp-json\/wp\/v2\/media\/778093"}],"wp:attachment":[{"href":"https:\/\/www.hashtag.al\/index.php\/wp-json\/wp\/v2\/media?parent=778089"}],"wp:term":[{"taxonomy":"category","embeddable":true,"href":"https:\/\/www.hashtag.al\/index.php\/wp-json\/wp\/v2\/categories?post=778089"},{"taxonomy":"post_tag","embeddable":true,"href":"https:\/\/www.hashtag.al\/index.php\/wp-json\/wp\/v2\/tags?post=778089"}],"curies":[{"name":"wp","href":"https:\/\/api.w.org\/{rel}","templated":true}]}}