{"id":777983,"date":"2025-12-22T13:23:52","date_gmt":"2025-12-22T12:23:52","guid":{"rendered":"https:\/\/www.hashtag.al\/?p=777983"},"modified":"2025-12-22T13:23:52","modified_gmt":"2025-12-22T12:23:52","slug":"nje-mision-i-madh-na-pret-tirana-po-zien-berisha-thirrje-qytetare-e-partive-opozitare-per-protesten-e-mbremjes","status":"publish","type":"post","link":"https:\/\/www.hashtag.al\/index.php\/2025\/12\/22\/nje-mision-i-madh-na-pret-tirana-po-zien-berisha-thirrje-qytetare-e-partive-opozitare-per-protesten-e-mbremjes\/","title":{"rendered":"\u201cNj\u00eb mision i madh na pret, Tirana po zien\u201d \u2013 Berisha thirrje qytetar\u00eb e partive opozitare p\u00ebr protest\u00ebn e mbr\u00ebmjes","gt_translate_keys":[{"key":"rendered","format":"text"}]},"content":{"rendered":"<p><img loading=\"lazy\" decoding=\"async\" class=\"aligncenter size-full wp-image-777984\" src=\"https:\/\/www.hashtag.al\/wp-content\/uploads\/2025\/12\/berisha-4.jpg\" alt=\"\" width=\"816\" height=\"501\" srcset=\"https:\/\/www.hashtag.al\/wp-content\/uploads\/2025\/12\/berisha-4.jpg 816w, https:\/\/www.hashtag.al\/wp-content\/uploads\/2025\/12\/berisha-4-300x184.jpg 300w, https:\/\/www.hashtag.al\/wp-content\/uploads\/2025\/12\/berisha-4-768x472.jpg 768w\" sizes=\"auto, (max-width: 816px) 100vw, 816px\" \/><\/p>\n<p><span style=\"color: #000000;\">Kreu i PD-s\u00eb Berisha u ka b\u00ebr\u00eb thirrje partive opozitare e qytetar\u00ebve t\u00eb protestojn\u00eb masivisht mb\u00ebrmjen e sotme para kryeministris\u00eb. <\/span><\/p>\n<p><span style=\"color: #000000;\">N\u00eb nj\u00eb mesazh nga selia blu pak or\u00eb pas nisjes s\u00eb protest\u00ebs, kryedemokrati tha sot \u00ebsht\u00eb mund\u00ebsia e jet\u00ebs p\u00ebr \u00e7do qytetar shqiptar q\u00eb t\u00eb p\u00ebrmbys\u00eb narkoshtetin e Ram\u00ebs nj\u00ebsoj si\u00e7 b\u00ebn\u00eb qytetar\u00ebt n\u00eb shum\u00eb vende t\u00eb bot\u00ebs. <\/span><\/p>\n<p><span style=\"color: #000000;\">Berisha theksoi se ka besim se protesta e sotme do sh\u00ebnoj\u00eb kthes\u00ebn e madhe p\u00ebr \u00e7do qytetar.<\/span><\/p>\n<p><span style=\"color: #000000;\"><em>\u201cNj\u00eb mision i madh na pret, ky mision \u00ebsht\u00eb shansi i jet\u00ebs p\u00ebr \u00e7do qytetar t\u00eb k\u00ebtij vendi, shansi i p\u00ebrmbysjes nj\u00eblloj si n\u00eb Bangladesh, Nepal Sri Lanka t\u00eb diktator\u00ebve autokrat\u00eb t\u00eb cil\u00ebt pasi vjedhin e pla\u00e7kitin kombet e tyre ia mbathin si armiq. 22 dhjetori \u00ebsht\u00eb nj\u00eb dit\u00eb e sh\u00ebnuar, dit\u00eb q\u00eb fton \u00e7do shqiptar, ftoj t\u00eb gjitha forcat politike opozitare, t\u00eb gjith\u00eb ata q\u00eb ndjehen opozitar pavar\u00ebsisht dallimeve q\u00eb kemi, t\u00eb bashkohemi q\u00eb t\u00eb tregojm\u00eb q\u00eb nuk ka forc\u00eb t\u00eb na ndaloj\u00eb pa p\u00ebrmbysur regjimin.<\/em><\/span><\/p>\n<p><span style=\"color: #000000;\"><em>Tirana po zien, Shqip\u00ebria po zien. Kam besim q\u00eb protesta e sotme do t\u00eb sh\u00ebnoj\u00eb kthes\u00ebn e madhe, drejt fitores t\u00eb \u00e7do qytetari t\u00eb k\u00ebtij vendi p\u00ebr dinjitetin dhe familjen e tij\u201d,<\/em> tha ai.<\/span><\/p>\n","protected":false,"gt_translate_keys":[{"key":"rendered","format":"html"}]},"excerpt":{"rendered":"<p>Kreu i PD-s\u00eb Berisha u ka b\u00ebr\u00eb thirrje partive opozitare e qytetar\u00ebve t\u00eb protestojn\u00eb masivisht mb\u00ebrmjen e sotme para kryeministris\u00eb. N\u00eb nj\u00eb mesazh nga selia blu pak or\u00eb pas nisjes s\u00eb protest\u00ebs, kryedemokrati tha sot \u00ebsht\u00eb mund\u00ebsia e jet\u00ebs p\u00ebr \u00e7do qytetar shqiptar q\u00eb t\u00eb p\u00ebrmbys\u00eb narkoshtetin e Ram\u00ebs nj\u00ebsoj si\u00e7 b\u00ebn\u00eb qytetar\u00ebt n\u00eb shum\u00eb [&hellip;]<\/p>\n","protected":false,"gt_translate_keys":[{"key":"rendered","format":"html"}]},"author":51,"featured_media":777984,"comment_status":"closed","ping_status":"open","sticky":false,"template":"","format":"standard","meta":{"footnotes":""},"categories":[65],"tags":[],"class_list":["post-777983","post","type-post","status-publish","format-standard","has-post-thumbnail","hentry","category-lajme"],"gt_translate_keys":[{"key":"link","format":"url"}],"_links":{"self":[{"href":"https:\/\/www.hashtag.al\/index.php\/wp-json\/wp\/v2\/posts\/777983","targetHints":{"allow":["GET"]}}],"collection":[{"href":"https:\/\/www.hashtag.al\/index.php\/wp-json\/wp\/v2\/posts"}],"about":[{"href":"https:\/\/www.hashtag.al\/index.php\/wp-json\/wp\/v2\/types\/post"}],"author":[{"embeddable":true,"href":"https:\/\/www.hashtag.al\/index.php\/wp-json\/wp\/v2\/users\/51"}],"replies":[{"embeddable":true,"href":"https:\/\/www.hashtag.al\/index.php\/wp-json\/wp\/v2\/comments?post=777983"}],"version-history":[{"count":99999,"href":"https:\/\/www.hashtag.al\/index.php\/wp-json\/wp\/v2\/posts\/777983\/revisions"}],"predecessor-version":[{"id":777985,"href":"https:\/\/www.hashtag.al\/index.php\/wp-json\/wp\/v2\/posts\/777983\/revisions\/777985"}],"wp:featuredmedia":[{"embeddable":true,"href":"https:\/\/www.hashtag.al\/index.php\/wp-json\/wp\/v2\/media\/777984"}],"wp:attachment":[{"href":"https:\/\/www.hashtag.al\/index.php\/wp-json\/wp\/v2\/media?parent=777983"}],"wp:term":[{"taxonomy":"category","embeddable":true,"href":"https:\/\/www.hashtag.al\/index.php\/wp-json\/wp\/v2\/categories?post=777983"},{"taxonomy":"post_tag","embeddable":true,"href":"https:\/\/www.hashtag.al\/index.php\/wp-json\/wp\/v2\/tags?post=777983"}],"curies":[{"name":"wp","href":"https:\/\/api.w.org\/{rel}","templated":true}]}}