{"id":777981,"date":"2025-12-22T13:02:35","date_gmt":"2025-12-22T12:02:35","guid":{"rendered":"https:\/\/www.hashtag.al\/?p=777981"},"modified":"2025-12-22T13:02:35","modified_gmt":"2025-12-22T12:02:35","slug":"xhemal-gjunkshi-thirrje-per-pjesemarrje-ne-protesten-kombetare-sot-eshte-thirrje-per-dinjitet-dhe-drejtesi","status":"publish","type":"post","link":"https:\/\/www.hashtag.al\/index.php\/2025\/12\/22\/xhemal-gjunkshi-thirrje-per-pjesemarrje-ne-protesten-kombetare-sot-eshte-thirrje-per-dinjitet-dhe-drejtesi\/","title":{"rendered":"Xhemal Gjunkshi thirrje p\u00ebr pjes\u00ebmarrje n\u00eb protest\u00ebn komb\u00ebtare: Sot \u00ebsht\u00eb thirrje p\u00ebr dinjitet dhe drejt\u00ebsi","gt_translate_keys":[{"key":"rendered","format":"text"}]},"content":{"rendered":"<p data-start=\"175\" data-end=\"334\"><span style=\"color: #000000;\"><img loading=\"lazy\" decoding=\"async\" class=\"size-full wp-image-774401 aligncenter\" src=\"https:\/\/www.hashtag.al\/wp-content\/uploads\/2025\/12\/xhemal-gjunkshi.jpg\" alt=\"\" width=\"674\" height=\"450\" srcset=\"https:\/\/www.hashtag.al\/wp-content\/uploads\/2025\/12\/xhemal-gjunkshi.jpg 674w, https:\/\/www.hashtag.al\/wp-content\/uploads\/2025\/12\/xhemal-gjunkshi-300x200.jpg 300w\" sizes=\"auto, (max-width: 674px) 100vw, 674px\" \/><br \/>\nTeksa sot zhvillohet protesta komb\u00ebtare e opozit\u00ebs, deputeti i Partis\u00eb Demokratike, Xhemal Gjunkshi, u ka b\u00ebr\u00eb thirrje qytetar\u00ebve q\u00eb t\u00eb marrin pjes\u00eb masivisht.<\/span><\/p>\n<p data-start=\"336\" data-end=\"488\"><span style=\"color: #000000;\">N\u00eb nj\u00eb reagim n\u00eb rrjetet sociale, Gjunkshi thekson se protesta e sotme shkon p\u00ebrtej politik\u00ebs partiake dhe p\u00ebrb\u00ebn nj\u00eb thirrje p\u00ebr dinjitet dhe drejt\u00ebsi.<\/span><\/p>\n<p data-start=\"490\" data-end=\"744\"><span style=\"color: #000000;\">Sipas tij, kryeministri Edi Rama ka zgjedhur t\u00eb sulmoj\u00eb sistemin e drejt\u00ebsis\u00eb jo p\u00ebr interesin publik, por p\u00ebr t\u00eb mbrojtur, sipas tij, vjedhjet dhe aferat e njer\u00ebzve t\u00eb af\u00ebrt me pushtetin, mes t\u00eb cil\u00ebve p\u00ebrmend edhe z\u00ebvend\u00ebskryeministren Belinda Balluku.<\/span><\/p>\n<p data-start=\"746\" data-end=\"899\"><span style=\"color: #000000;\">\u201cSot, ora 18:00, qytetar\u00ebt kan\u00eb fjal\u00ebn. Sot nuk \u00ebsht\u00eb thjesht nj\u00eb protest\u00eb opozitare. Sot \u00ebsht\u00eb nj\u00eb thirrje p\u00ebr dinjitet dhe drejt\u00ebsi,\u201d shkruan Gjunkshi.<\/span><\/p>\n<p data-start=\"901\" data-end=\"1101\"><span style=\"color: #000000;\">Ai shton se kur drejt\u00ebsia afrohet, pushteti reagon me k\u00ebrc\u00ebnime dhe sulme ndaj institucioneve t\u00eb pavarura, duke theksuar se \u00e7\u00ebshtja nuk ka m\u00eb t\u00eb b\u00ebj\u00eb me parti politike, por me t\u00eb ardhmen e Shqip\u00ebris\u00eb.<\/span><\/p>\n<p data-start=\"1103\" data-end=\"1266\"><span style=\"color: #000000;\">\u201cKjo ka t\u00eb b\u00ebj\u00eb me taksat tona, me spitalet q\u00eb mungojn\u00eb, me rrug\u00ebt q\u00eb kushtojn\u00eb sa ari dhe me nj\u00eb qeveri q\u00eb mendon se \u00ebsht\u00eb mbi ligjin,\u201d shprehet deputeti i PD-s\u00eb.<\/span><\/p>\n<p data-start=\"1268\" data-end=\"1445\"><span style=\"color: #000000;\">N\u00eb fund t\u00eb mesazhit, Gjunkshi u b\u00ebn thirrje qytetar\u00ebve t\u00eb marrin pjes\u00eb n\u00eb protest\u00eb pa simbole partiake, por me \u201cflamurin e qytetarit q\u00eb nuk pranon t\u00eb vidhet dhe t\u00eb posht\u00ebrohet\u201d.<\/span><\/p>\n<p data-start=\"1447\" data-end=\"1569\"><span style=\"color: #000000;\">\u201cHeshtja sot \u00ebsht\u00eb bashk\u00ebfaj\u00ebsi. Prania \u00ebsht\u00eb q\u00ebndrim. Shihemi n\u00eb protest\u00eb. P\u00ebr drejt\u00ebsin\u00eb. P\u00ebr Shqip\u00ebrin\u00eb,\u201d p\u00ebrfundon ai.<\/span><\/p>\n","protected":false,"gt_translate_keys":[{"key":"rendered","format":"html"}]},"excerpt":{"rendered":"<p>Teksa sot zhvillohet protesta komb\u00ebtare e opozit\u00ebs, deputeti i Partis\u00eb Demokratike, Xhemal Gjunkshi, u ka b\u00ebr\u00eb thirrje qytetar\u00ebve q\u00eb t\u00eb marrin pjes\u00eb masivisht. N\u00eb nj\u00eb reagim n\u00eb rrjetet sociale, Gjunkshi thekson se protesta e sotme shkon p\u00ebrtej politik\u00ebs partiake dhe p\u00ebrb\u00ebn nj\u00eb thirrje p\u00ebr dinjitet dhe drejt\u00ebsi. Sipas tij, kryeministri Edi Rama ka zgjedhur t\u00eb [&hellip;]<\/p>\n","protected":false,"gt_translate_keys":[{"key":"rendered","format":"html"}]},"author":32,"featured_media":774401,"comment_status":"closed","ping_status":"open","sticky":false,"template":"","format":"standard","meta":{"footnotes":""},"categories":[65],"tags":[],"class_list":["post-777981","post","type-post","status-publish","format-standard","has-post-thumbnail","hentry","category-lajme"],"gt_translate_keys":[{"key":"link","format":"url"}],"_links":{"self":[{"href":"https:\/\/www.hashtag.al\/index.php\/wp-json\/wp\/v2\/posts\/777981","targetHints":{"allow":["GET"]}}],"collection":[{"href":"https:\/\/www.hashtag.al\/index.php\/wp-json\/wp\/v2\/posts"}],"about":[{"href":"https:\/\/www.hashtag.al\/index.php\/wp-json\/wp\/v2\/types\/post"}],"author":[{"embeddable":true,"href":"https:\/\/www.hashtag.al\/index.php\/wp-json\/wp\/v2\/users\/32"}],"replies":[{"embeddable":true,"href":"https:\/\/www.hashtag.al\/index.php\/wp-json\/wp\/v2\/comments?post=777981"}],"version-history":[{"count":99999,"href":"https:\/\/www.hashtag.al\/index.php\/wp-json\/wp\/v2\/posts\/777981\/revisions"}],"predecessor-version":[{"id":777982,"href":"https:\/\/www.hashtag.al\/index.php\/wp-json\/wp\/v2\/posts\/777981\/revisions\/777982"}],"wp:featuredmedia":[{"embeddable":true,"href":"https:\/\/www.hashtag.al\/index.php\/wp-json\/wp\/v2\/media\/774401"}],"wp:attachment":[{"href":"https:\/\/www.hashtag.al\/index.php\/wp-json\/wp\/v2\/media?parent=777981"}],"wp:term":[{"taxonomy":"category","embeddable":true,"href":"https:\/\/www.hashtag.al\/index.php\/wp-json\/wp\/v2\/categories?post=777981"},{"taxonomy":"post_tag","embeddable":true,"href":"https:\/\/www.hashtag.al\/index.php\/wp-json\/wp\/v2\/tags?post=777981"}],"curies":[{"name":"wp","href":"https:\/\/api.w.org\/{rel}","templated":true}]}}