{"id":777978,"date":"2025-12-22T13:00:07","date_gmt":"2025-12-22T12:00:07","guid":{"rendered":"https:\/\/www.hashtag.al\/?p=777978"},"modified":"2025-12-22T13:00:07","modified_gmt":"2025-12-22T12:00:07","slug":"osmani-do-takoje-zevendessekretarin-amerikan-te-shtetit-christopher-landau","status":"publish","type":"post","link":"https:\/\/www.hashtag.al\/index.php\/2025\/12\/22\/osmani-do-takoje-zevendessekretarin-amerikan-te-shtetit-christopher-landau\/","title":{"rendered":"Osmani do takoj\u00eb z\u00ebvend\u00ebssekretarin amerikan t\u00eb Shtetit, Christopher Landau","gt_translate_keys":[{"key":"rendered","format":"text"}]},"content":{"rendered":"<p><img loading=\"lazy\" decoding=\"async\" class=\"aligncenter size-full wp-image-777979\" src=\"https:\/\/www.hashtag.al\/wp-content\/uploads\/2025\/12\/osmanilandai-ezgif.com-webp-to-jpg-converter.jpg\" alt=\"\" width=\"1134\" height=\"651\" srcset=\"https:\/\/www.hashtag.al\/wp-content\/uploads\/2025\/12\/osmanilandai-ezgif.com-webp-to-jpg-converter.jpg 1134w, https:\/\/www.hashtag.al\/wp-content\/uploads\/2025\/12\/osmanilandai-ezgif.com-webp-to-jpg-converter-300x172.jpg 300w, https:\/\/www.hashtag.al\/wp-content\/uploads\/2025\/12\/osmanilandai-ezgif.com-webp-to-jpg-converter-1024x588.jpg 1024w, https:\/\/www.hashtag.al\/wp-content\/uploads\/2025\/12\/osmanilandai-ezgif.com-webp-to-jpg-converter-768x441.jpg 768w, https:\/\/www.hashtag.al\/wp-content\/uploads\/2025\/12\/osmanilandai-ezgif.com-webp-to-jpg-converter-250x145.jpg 250w\" sizes=\"auto, (max-width: 1134px) 100vw, 1134px\" \/><\/p>\n<p>Presidentja e Kosov\u00ebs, Vjosa Osmani, do t\u00eb zhvilloj\u00eb t\u00eb h\u00ebn\u00ebn n\u00eb Uashington nj\u00eb takim me z\u00ebvend\u00ebssekretarin amerikan t\u00eb Shtetit, Christopher Landau, ka b\u00ebr\u00eb t\u00eb ditur Departamenti Amerikan i Shtetit p\u00ebrmes nj\u00eb njoftimi zyrtar.<\/p>\n<p>N\u00eb njoftim nuk jan\u00eb dh\u00ebn\u00eb holl\u00ebsi shtes\u00eb lidhur me temat q\u00eb do t\u00eb diskutohen n\u00eb k\u00ebt\u00eb takim, i cili pritet t\u00eb mbahet pasdite, sipas or\u00ebs lokale t\u00eb Kosov\u00ebs, shkruan <span style=\"color: #0000ff;\"><a style=\"color: #0000ff;\" href=\"https:\/\/www.koha.net\/arberi\/osmani-takon-zevendessekretarin-amerikan-te-shtetit-christopher-landau\">Koha<\/a><\/span>.<\/p>\n<p>Presidentja Osmani \u00ebsht\u00eb takuar me z\u00ebvend\u00ebssekretarin Landau edhe n\u00eb korrik t\u00eb k\u00ebtij viti, kur pal\u00ebt kishin diskutuar p\u00ebr fushat potenciale t\u00eb bashk\u00ebpunimit ekonomik mes Kosov\u00ebs dhe Shteteve t\u00eb Bashkuara n\u00eb t\u00eb ardhmen. Ajo kishte theksuar se t\u00eb dy vendet mund t\u00eb p\u00ebrfitojn\u00eb nga bashk\u00ebpunimi n\u00eb sektorin e energjis\u00eb, t\u00eb teknologjis\u00eb informative dhe t\u00eb mbrojtjes.<\/p>\n<p>Gjat\u00eb k\u00ebtij viti, Osmani ka zhvilluar takime edhe me zyrtar\u00eb t\u00eb tjer\u00eb t\u00eb lart\u00eb amerikan\u00eb, n\u00eb margjinat e samiteve t\u00eb ndryshme nd\u00ebrkomb\u00ebtare, p\u00ebrfshir\u00eb presidentin amerikan Donald Trump dhe Sekretarin amerikan t\u00eb Shtetit, Marco Rubio.<\/p>\n<p>Marr\u00ebdh\u00ebniet nd\u00ebrmjet Kosov\u00ebs dhe Shteteve t\u00eb Bashkuara kan\u00eb p\u00ebsuar nj\u00eb goditje m\u00eb her\u00ebt gjat\u00eb vitit, pas vendimit t\u00eb Uashingtonit p\u00ebr t\u00eb pezulluar p\u00ebr nj\u00eb koh\u00eb t\u00eb pacaktuar dialogun strategjik t\u00eb planifikuar me Kosov\u00ebn. Ky vendim u mor p\u00ebr shkak t\u00eb shqet\u00ebsimeve t\u00eb shprehura nga pala amerikane lidhur me veprimet e Qeveris\u00eb n\u00eb detyr\u00eb t\u00eb Kosov\u00ebs. Dialogu strategjik ishte parapar\u00eb t\u00eb sh\u00ebrbente p\u00ebr forcimin e lidhjeve ekonomike dhe diplomatike mes dy vendeve, por veprimet e ekzekutivit kosovar jan\u00eb vler\u00ebsuar si penges\u00eb p\u00ebr p\u00ebrparim n\u00eb k\u00ebt\u00eb drejtim.<\/p>\n<p>N\u00eb vitet e fundit, kryeministri n\u00eb detyr\u00eb i Kosov\u00ebs, Albin Kurti, ka qen\u00eb disa her\u00eb objekt kritikash nga aleat\u00ebt nd\u00ebrkomb\u00ebtar\u00eb, p\u00ebr shkak t\u00eb vendimeve t\u00eb marra n\u00eb veri t\u00eb Kosov\u00ebs, zon\u00eb e banuar kryesisht me serb\u00eb. K\u00ebto vendime kan\u00eb pasur t\u00eb b\u00ebjn\u00eb me z\u00ebvend\u00ebsimin e targave serbe me ato t\u00eb Kosov\u00ebs, heqjen e dinarit serb nga p\u00ebrdorimi dhe mbylljen e institucioneve serbe.<\/p>\n<p>Kurti i ka arsyetuar k\u00ebto veprime si hapa t\u00eb domosdosh\u00ebm drejt shtrirjes s\u00eb sundimit t\u00eb ligjit n\u00eb veri t\u00eb vendit dhe ka deklaruar se ato jan\u00eb n\u00eb p\u00ebrputhje me Kushtetut\u00ebn dhe ligjet e Kosov\u00ebs. Megjithat\u00eb, bashk\u00ebsia nd\u00ebrkomb\u00ebtare, n\u00eb disa raste, i ka cil\u00ebsuar k\u00ebto masa si t\u00eb nj\u00ebanshme dhe t\u00eb pakoordinuara me aleat\u00ebt.<\/p>\n<p>Vet\u00eb Kurti ka deklaruar dit\u00eb m\u00eb par\u00eb se marr\u00ebdh\u00ebniet e Kosov\u00ebs me Shtetet e Bashkuara jan\u00eb shum\u00eb t\u00eb mira dhe se mospajtimet kryesore kan\u00eb qen\u00eb gjithmon\u00eb t\u00eb lidhura me Serbin\u00eb dhe strukturat e saj, dhe jo me \u00e7\u00ebshtje bilaterale nd\u00ebrmjet Kosov\u00ebs dhe SHBA-s\u00eb.<\/p>\n<p>I pyetur lidhur me k\u00ebto deklarata, Ambasada e Shteteve t\u00eb Bashkuara n\u00eb Kosov\u00eb i ka th\u00ebn\u00eb Radios Evropa e Lir\u00eb m\u00eb 17 dhjetor se synon t\u00eb punoj\u00eb ngusht\u00eb me Qeverin\u00eb e re q\u00eb do t\u00eb dal\u00eb nga zgjedhjet parlamentare t\u00eb 28 dhjetorit n\u00eb Kosov\u00eb, me q\u00ebllim avancimin e prioriteteve t\u00eb p\u00ebrbashk\u00ebta.<\/p>\n<p>Shtetet e Bashkuara kan\u00eb ndar\u00eb mbi 2 miliard\u00eb dollar\u00eb ndihm\u00eb p\u00ebr Kosov\u00ebn q\u00eb nga viti 1998. Nd\u00ebr vite, udh\u00ebheq\u00ebsit shtet\u00ebror\u00eb kosovar\u00eb kan\u00eb p\u00ebrs\u00ebritur vazhdimisht se Amerika \u00ebsht\u00eb partnerja m\u00eb e r\u00ebnd\u00ebsishme e Kosov\u00ebs dhe se mb\u00ebshtetja e saj konsiderohet jetike p\u00ebr vendin.<\/p>\n","protected":false,"gt_translate_keys":[{"key":"rendered","format":"html"}]},"excerpt":{"rendered":"<p>Presidentja e Kosov\u00ebs, Vjosa Osmani, do t\u00eb zhvilloj\u00eb t\u00eb h\u00ebn\u00ebn n\u00eb Uashington nj\u00eb takim me z\u00ebvend\u00ebssekretarin amerikan t\u00eb Shtetit, Christopher Landau, ka b\u00ebr\u00eb t\u00eb ditur Departamenti Amerikan i Shtetit p\u00ebrmes nj\u00eb njoftimi zyrtar. N\u00eb njoftim nuk jan\u00eb dh\u00ebn\u00eb holl\u00ebsi shtes\u00eb lidhur me temat q\u00eb do t\u00eb diskutohen n\u00eb k\u00ebt\u00eb takim, i cili pritet t\u00eb mbahet [&hellip;]<\/p>\n","protected":false,"gt_translate_keys":[{"key":"rendered","format":"html"}]},"author":51,"featured_media":777979,"comment_status":"closed","ping_status":"open","sticky":false,"template":"","format":"standard","meta":{"footnotes":""},"categories":[149],"tags":[],"class_list":["post-777978","post","type-post","status-publish","format-standard","has-post-thumbnail","hentry","category-kosoverajon"],"gt_translate_keys":[{"key":"link","format":"url"}],"_links":{"self":[{"href":"https:\/\/www.hashtag.al\/index.php\/wp-json\/wp\/v2\/posts\/777978","targetHints":{"allow":["GET"]}}],"collection":[{"href":"https:\/\/www.hashtag.al\/index.php\/wp-json\/wp\/v2\/posts"}],"about":[{"href":"https:\/\/www.hashtag.al\/index.php\/wp-json\/wp\/v2\/types\/post"}],"author":[{"embeddable":true,"href":"https:\/\/www.hashtag.al\/index.php\/wp-json\/wp\/v2\/users\/51"}],"replies":[{"embeddable":true,"href":"https:\/\/www.hashtag.al\/index.php\/wp-json\/wp\/v2\/comments?post=777978"}],"version-history":[{"count":99999,"href":"https:\/\/www.hashtag.al\/index.php\/wp-json\/wp\/v2\/posts\/777978\/revisions"}],"predecessor-version":[{"id":777980,"href":"https:\/\/www.hashtag.al\/index.php\/wp-json\/wp\/v2\/posts\/777978\/revisions\/777980"}],"wp:featuredmedia":[{"embeddable":true,"href":"https:\/\/www.hashtag.al\/index.php\/wp-json\/wp\/v2\/media\/777979"}],"wp:attachment":[{"href":"https:\/\/www.hashtag.al\/index.php\/wp-json\/wp\/v2\/media?parent=777978"}],"wp:term":[{"taxonomy":"category","embeddable":true,"href":"https:\/\/www.hashtag.al\/index.php\/wp-json\/wp\/v2\/categories?post=777978"},{"taxonomy":"post_tag","embeddable":true,"href":"https:\/\/www.hashtag.al\/index.php\/wp-json\/wp\/v2\/tags?post=777978"}],"curies":[{"name":"wp","href":"https:\/\/api.w.org\/{rel}","templated":true}]}}