{"id":777957,"date":"2025-12-22T10:55:44","date_gmt":"2025-12-22T09:55:44","guid":{"rendered":"https:\/\/www.hashtag.al\/?p=777957"},"modified":"2025-12-22T10:55:44","modified_gmt":"2025-12-22T09:55:44","slug":"rama-kontrata-e-bujqesise-me-be-ne-eshte-me-e-veshtira-hapet-faze-e-re-per-fermeret-shqiptare","status":"publish","type":"post","link":"https:\/\/www.hashtag.al\/index.php\/2025\/12\/22\/rama-kontrata-e-bujqesise-me-be-ne-eshte-me-e-veshtira-hapet-faze-e-re-per-fermeret-shqiptare\/","title":{"rendered":"Rama: Kontrata e bujq\u00ebsis\u00eb me BE-n\u00eb \u00ebsht\u00eb m\u00eb e v\u00ebshtira, hapet faz\u00eb e re p\u00ebr fermer\u00ebt shqiptar\u00eb","gt_translate_keys":[{"key":"rendered","format":"text"}]},"content":{"rendered":"<p data-start=\"169\" data-end=\"489\"><span style=\"color: #000000;\"><img loading=\"lazy\" decoding=\"async\" class=\"size-full wp-image-772676 aligncenter\" src=\"https:\/\/www.hashtag.al\/wp-content\/uploads\/2025\/11\/rama-2.jpg\" alt=\"\" width=\"1027\" height=\"552\" srcset=\"https:\/\/www.hashtag.al\/wp-content\/uploads\/2025\/11\/rama-2.jpg 1027w, https:\/\/www.hashtag.al\/wp-content\/uploads\/2025\/11\/rama-2-300x161.jpg 300w, https:\/\/www.hashtag.al\/wp-content\/uploads\/2025\/11\/rama-2-1024x550.jpg 1024w, https:\/\/www.hashtag.al\/wp-content\/uploads\/2025\/11\/rama-2-768x413.jpg 768w\" sizes=\"auto, (max-width: 1027px) 100vw, 1027px\" \/><br \/>\nPas \u00e7eljes s\u00eb Grupit t\u00eb Kapitullit 5 n\u00eb Konferenc\u00ebn e 7-t\u00eb Nd\u00ebrqeveritare, hapet nj\u00eb faz\u00eb e re p\u00ebr bujq\u00ebsin\u00eb shqiptare n\u00eb kuad\u00ebr t\u00eb procesit t\u00eb integrimit europian. Kapitujt 11, 12 dhe 13, q\u00eb lidhen drejtp\u00ebrdrejt me bujq\u00ebsin\u00eb, sigurin\u00eb ushqimore dhe peshkimin, do t\u00eb jen\u00eb n\u00eb qend\u00ebr t\u00eb reformave drejt Bashkimit Europian.<\/span><\/p>\n<p data-start=\"491\" data-end=\"685\"><span style=\"color: #000000;\">Kryeministri Edi Rama ndodhet sot n\u00eb aktivitetin \u201cMe fermer\u00ebt n\u00eb Shqip\u00ebrin\u00eb 2030\u201d, ku u prezantuan mekanizmat praktik\u00eb p\u00ebr p\u00ebrgatitjen hap pas hapi t\u00eb sektorit bujq\u00ebsor drejt an\u00ebtar\u00ebsimit n\u00eb BE.<\/span><\/p>\n<p data-start=\"687\" data-end=\"906\"><span style=\"color: #000000;\">N\u00eb fjal\u00ebn e tij, Rama theksoi se negociatat dhe marr\u00ebveshja e an\u00ebtar\u00ebsimit nuk jan\u00eb procese formale apo deklarative, por kontrata shtet\u00ebrore komplekse q\u00eb k\u00ebrkojn\u00eb p\u00ebrmbushjen e detyrimeve konkrete nga t\u00eb gjith\u00eb aktor\u00ebt.<\/span><\/p>\n<p data-start=\"908\" data-end=\"1262\"><span style=\"color: #000000;\">\u201cNegociatat me Bashkimin Europian dhe marr\u00ebveshja e an\u00ebtar\u00ebsimit nuk jan\u00eb thjesht fjal\u00eb apo procese t\u00eb lidhura me at\u00eb q\u00eb shkruajm\u00eb n\u00eb let\u00ebr. Ato jan\u00eb kontrata shtet\u00ebrore shum\u00eb komplekse, ku \u00e7do faktor duhet t\u2019i p\u00ebrgjigjet kontrat\u00ebs. Kontrata p\u00ebr bujq\u00ebsin\u00eb \u00ebsht\u00eb m\u00eb e v\u00ebshtira, si\u00e7 e ka treguar edhe eksperienca e vendeve t\u00eb tjera,\u201d u shpreh kryeministri.<\/span><\/p>\n<p data-start=\"1264\" data-end=\"1479\"><span style=\"color: #000000;\">Sipas tij, ky proces do t\u00eb k\u00ebrkoj\u00eb angazhim t\u00eb lart\u00eb institucional dhe bashk\u00ebpunim t\u00eb ngusht\u00eb me fermer\u00ebt, p\u00ebr t\u00eb garantuar p\u00ebrputhjen me standardet europiane dhe p\u00ebrfitimet afatgjata p\u00ebr sektorin bujq\u00ebsor shqiptar.<\/span><\/p>\n","protected":false,"gt_translate_keys":[{"key":"rendered","format":"html"}]},"excerpt":{"rendered":"<p>Pas \u00e7eljes s\u00eb Grupit t\u00eb Kapitullit 5 n\u00eb Konferenc\u00ebn e 7-t\u00eb Nd\u00ebrqeveritare, hapet nj\u00eb faz\u00eb e re p\u00ebr bujq\u00ebsin\u00eb shqiptare n\u00eb kuad\u00ebr t\u00eb procesit t\u00eb integrimit europian. Kapitujt 11, 12 dhe 13, q\u00eb lidhen drejtp\u00ebrdrejt me bujq\u00ebsin\u00eb, sigurin\u00eb ushqimore dhe peshkimin, do t\u00eb jen\u00eb n\u00eb qend\u00ebr t\u00eb reformave drejt Bashkimit Europian. Kryeministri Edi Rama ndodhet [&hellip;]<\/p>\n","protected":false,"gt_translate_keys":[{"key":"rendered","format":"html"}]},"author":32,"featured_media":772676,"comment_status":"closed","ping_status":"open","sticky":false,"template":"","format":"standard","meta":{"footnotes":""},"categories":[65],"tags":[],"class_list":["post-777957","post","type-post","status-publish","format-standard","has-post-thumbnail","hentry","category-lajme"],"gt_translate_keys":[{"key":"link","format":"url"}],"_links":{"self":[{"href":"https:\/\/www.hashtag.al\/index.php\/wp-json\/wp\/v2\/posts\/777957","targetHints":{"allow":["GET"]}}],"collection":[{"href":"https:\/\/www.hashtag.al\/index.php\/wp-json\/wp\/v2\/posts"}],"about":[{"href":"https:\/\/www.hashtag.al\/index.php\/wp-json\/wp\/v2\/types\/post"}],"author":[{"embeddable":true,"href":"https:\/\/www.hashtag.al\/index.php\/wp-json\/wp\/v2\/users\/32"}],"replies":[{"embeddable":true,"href":"https:\/\/www.hashtag.al\/index.php\/wp-json\/wp\/v2\/comments?post=777957"}],"version-history":[{"count":99999,"href":"https:\/\/www.hashtag.al\/index.php\/wp-json\/wp\/v2\/posts\/777957\/revisions"}],"predecessor-version":[{"id":777958,"href":"https:\/\/www.hashtag.al\/index.php\/wp-json\/wp\/v2\/posts\/777957\/revisions\/777958"}],"wp:featuredmedia":[{"embeddable":true,"href":"https:\/\/www.hashtag.al\/index.php\/wp-json\/wp\/v2\/media\/772676"}],"wp:attachment":[{"href":"https:\/\/www.hashtag.al\/index.php\/wp-json\/wp\/v2\/media?parent=777957"}],"wp:term":[{"taxonomy":"category","embeddable":true,"href":"https:\/\/www.hashtag.al\/index.php\/wp-json\/wp\/v2\/categories?post=777957"},{"taxonomy":"post_tag","embeddable":true,"href":"https:\/\/www.hashtag.al\/index.php\/wp-json\/wp\/v2\/tags?post=777957"}],"curies":[{"name":"wp","href":"https:\/\/api.w.org\/{rel}","templated":true}]}}