{"id":777954,"date":"2025-12-22T10:48:53","date_gmt":"2025-12-22T09:48:53","guid":{"rendered":"https:\/\/www.hashtag.al\/?p=777954"},"modified":"2025-12-22T10:48:53","modified_gmt":"2025-12-22T09:48:53","slug":"ishte-ne-kerkim-per-pengmarrje-kapet-ne-rinas-36-vjecari","status":"publish","type":"post","link":"https:\/\/www.hashtag.al\/index.php\/2025\/12\/22\/ishte-ne-kerkim-per-pengmarrje-kapet-ne-rinas-36-vjecari\/","title":{"rendered":"Ishte n\u00eb k\u00ebrkim p\u00ebr pengmarrje, kapet n\u00eb Rinas 36-vje\u00e7ari","gt_translate_keys":[{"key":"rendered","format":"text"}]},"content":{"rendered":"<p><img loading=\"lazy\" decoding=\"async\" class=\"aligncenter size-full wp-image-777955\" src=\"https:\/\/www.hashtag.al\/wp-content\/uploads\/2025\/12\/policia-3.jpg\" alt=\"\" width=\"791\" height=\"401\" srcset=\"https:\/\/www.hashtag.al\/wp-content\/uploads\/2025\/12\/policia-3.jpg 791w, https:\/\/www.hashtag.al\/wp-content\/uploads\/2025\/12\/policia-3-300x152.jpg 300w, https:\/\/www.hashtag.al\/wp-content\/uploads\/2025\/12\/policia-3-768x389.jpg 768w\" sizes=\"auto, (max-width: 791px) 100vw, 791px\" \/><\/p>\n<p><span style=\"color: #000000;\">Nj\u00eb 36-vje\u00e7ar \u00ebsht\u00eb arrestuar n\u00eb Durr\u00ebs pasi ishte shpallur n\u00eb k\u00ebrkim p\u00ebr pengmarrje. <\/span><\/p>\n<p><span style=\"color: #000000;\">N\u00eb pranga ka r\u00ebn\u00eb i riu me iniciale J.K., banues n\u00eb Durr\u00ebs pasi akuzohet se n\u00eb bashk\u00ebpunim me tre persona t\u00eb tjera kan\u00eb marr\u00eb peng dhe kan\u00eb dhunuar nj\u00eb 48-vje\u00e7ar. 36-vje\u00e7ari u kap n\u00eb aeroportin e Rinasit n\u00eb p\u00ebrpjekje p\u00ebr t\u2019u larguar nga vendi.<\/span><\/p>\n<p><span style=\"color: #000000;\"><em>\u201cEfektiv\u00ebt e policis\u00eb vun\u00eb n\u00eb pranga shtetasin J. K., 36 vje\u00e7, banues n\u00eb Durr\u00ebs, pasi Prokuroria e Durr\u00ebsit ka l\u00ebshuar urdh\u00ebr ndalimi p\u00ebr vepr\u00ebn penale \u201cHeqja e paligjshme e liris\u00eb\u201d, kryer n\u00eb bashk\u00ebpunim. Ky shtetas, akuzohet se n\u00eb bashk\u00ebpunim me 3 shtetas t\u00eb tjer\u00eb, m\u00eb dat\u00eb 01.07.2025, kan\u00eb marr\u00eb me forc\u00eb, n\u00eb automjet, dhe kan\u00eb dhunuar nj\u00eb 48-vje\u00e7ar. 36-vje\u00e7ari u kap nga sh\u00ebrbimet e Policis\u00eb Kufitare t\u00eb Rinasit, gjat\u00eb tentativ\u00ebs p\u00ebr t\u00eb dal\u00eb nga Republika e Shqip\u00ebris\u00eb\u201d<\/em>, thuhet n\u00eb njoftimin e policis\u00eb.<\/span><\/p>\n","protected":false,"gt_translate_keys":[{"key":"rendered","format":"html"}]},"excerpt":{"rendered":"<p>Nj\u00eb 36-vje\u00e7ar \u00ebsht\u00eb arrestuar n\u00eb Durr\u00ebs pasi ishte shpallur n\u00eb k\u00ebrkim p\u00ebr pengmarrje. N\u00eb pranga ka r\u00ebn\u00eb i riu me iniciale J.K., banues n\u00eb Durr\u00ebs pasi akuzohet se n\u00eb bashk\u00ebpunim me tre persona t\u00eb tjera kan\u00eb marr\u00eb peng dhe kan\u00eb dhunuar nj\u00eb 48-vje\u00e7ar. 36-vje\u00e7ari u kap n\u00eb aeroportin e Rinasit n\u00eb p\u00ebrpjekje p\u00ebr t\u2019u larguar [&hellip;]<\/p>\n","protected":false,"gt_translate_keys":[{"key":"rendered","format":"html"}]},"author":51,"featured_media":777955,"comment_status":"closed","ping_status":"open","sticky":false,"template":"","format":"standard","meta":{"footnotes":""},"categories":[65],"tags":[],"class_list":["post-777954","post","type-post","status-publish","format-standard","has-post-thumbnail","hentry","category-lajme"],"gt_translate_keys":[{"key":"link","format":"url"}],"_links":{"self":[{"href":"https:\/\/www.hashtag.al\/index.php\/wp-json\/wp\/v2\/posts\/777954","targetHints":{"allow":["GET"]}}],"collection":[{"href":"https:\/\/www.hashtag.al\/index.php\/wp-json\/wp\/v2\/posts"}],"about":[{"href":"https:\/\/www.hashtag.al\/index.php\/wp-json\/wp\/v2\/types\/post"}],"author":[{"embeddable":true,"href":"https:\/\/www.hashtag.al\/index.php\/wp-json\/wp\/v2\/users\/51"}],"replies":[{"embeddable":true,"href":"https:\/\/www.hashtag.al\/index.php\/wp-json\/wp\/v2\/comments?post=777954"}],"version-history":[{"count":99999,"href":"https:\/\/www.hashtag.al\/index.php\/wp-json\/wp\/v2\/posts\/777954\/revisions"}],"predecessor-version":[{"id":777956,"href":"https:\/\/www.hashtag.al\/index.php\/wp-json\/wp\/v2\/posts\/777954\/revisions\/777956"}],"wp:featuredmedia":[{"embeddable":true,"href":"https:\/\/www.hashtag.al\/index.php\/wp-json\/wp\/v2\/media\/777955"}],"wp:attachment":[{"href":"https:\/\/www.hashtag.al\/index.php\/wp-json\/wp\/v2\/media?parent=777954"}],"wp:term":[{"taxonomy":"category","embeddable":true,"href":"https:\/\/www.hashtag.al\/index.php\/wp-json\/wp\/v2\/categories?post=777954"},{"taxonomy":"post_tag","embeddable":true,"href":"https:\/\/www.hashtag.al\/index.php\/wp-json\/wp\/v2\/tags?post=777954"}],"curies":[{"name":"wp","href":"https:\/\/api.w.org\/{rel}","templated":true}]}}