{"id":777762,"date":"2025-12-20T23:48:17","date_gmt":"2025-12-20T22:48:17","guid":{"rendered":"https:\/\/www.hashtag.al\/?p=777762"},"modified":"2025-12-20T23:48:17","modified_gmt":"2025-12-20T22:48:17","slug":"turqia-rrezon-drone-ne-hapesiren-ajrore-mbi-ankara-paralajmeron-rusine-dhe-ukrainen","status":"publish","type":"post","link":"https:\/\/www.hashtag.al\/index.php\/2025\/12\/20\/turqia-rrezon-drone-ne-hapesiren-ajrore-mbi-ankara-paralajmeron-rusine-dhe-ukrainen\/","title":{"rendered":"Turqia rr\u00ebzon dron\u00eb n\u00eb hap\u00ebsir\u00ebn ajrore mbi Ankara, paralajm\u00ebron Rusin\u00eb dhe Ukrain\u00ebn","gt_translate_keys":[{"key":"rendered","format":"text"}]},"content":{"rendered":"<p data-start=\"167\" data-end=\"482\"><span style=\"color: #000000;\"><img loading=\"lazy\" decoding=\"async\" class=\"size-full wp-image-777763 aligncenter\" src=\"https:\/\/www.hashtag.al\/wp-content\/uploads\/2025\/12\/IMG_4586.webp\" alt=\"\" width=\"1366\" height=\"768\" srcset=\"https:\/\/www.hashtag.al\/wp-content\/uploads\/2025\/12\/IMG_4586.webp 1366w, https:\/\/www.hashtag.al\/wp-content\/uploads\/2025\/12\/IMG_4586-300x169.webp 300w, https:\/\/www.hashtag.al\/wp-content\/uploads\/2025\/12\/IMG_4586-1024x576.webp 1024w, https:\/\/www.hashtag.al\/wp-content\/uploads\/2025\/12\/IMG_4586-768x432.webp 768w\" sizes=\"auto, (max-width: 1366px) 100vw, 1366px\" \/><br \/>\nMinistria e Mbrojtjes Komb\u00ebtare e Turqis\u00eb (MSB) ka b\u00ebr\u00eb t\u00eb ditur se nj\u00eb mjet ajror pa pilot (UAV), i cili kishte hyr\u00eb n\u00eb hap\u00ebsir\u00ebn ajrore turke nga drejtimi i Detit t\u00eb Zi, \u00ebsht\u00eb rr\u00ebzuar m\u00eb 15 dhjetor n\u00eb qiellin mbi Ankara. Autoritetet turke njoftuan se p\u00ebr incidentin jan\u00eb paralajm\u00ebruar si Rusia ashtu edhe Ukraina, p\u00ebrcjell <span style=\"color: #0000ff;\"><a style=\"color: #0000ff;\" href=\"https:\/\/www.euronews.com\/2025\/12\/20\/turkey-warns-russia-and-ukraine-over-downed-drones-in-black-sea\">Euronews<\/a><\/span>.<\/span><\/p>\n<p data-start=\"484\" data-end=\"904\"><span style=\"color: #000000;\">Sipas deklarat\u00ebs zyrtare, droni ishte jasht\u00eb kontrollit dhe u ndoq nga avion\u00eb luftarak\u00eb F-16 t\u00eb Forcave Ajrore Turke.<\/span><br data-start=\"601\" data-end=\"604\" \/><span style=\"color: #000000;\">\u201cSi rezultat i vler\u00ebsimeve t\u00eb kryera, p\u00ebr t\u00eb garantuar sigurin\u00eb e hap\u00ebsir\u00ebs ajrore dhe p\u00ebr t\u00eb mbrojtur jet\u00ebn dhe pron\u00ebn e qytetar\u00ebve tan\u00eb, UAV-ja u ndoq nga avion\u00ebt tan\u00eb F-16 dhe, pas p\u00ebrfundimit t\u00eb procedurave, u rr\u00ebzua me nd\u00ebrhyrje t\u00eb kontrolluar n\u00eb vendin m\u00eb t\u00eb p\u00ebrshtatsh\u00ebm,\u201d thuhet n\u00eb deklarat\u00eb.<\/span><\/p>\n<p data-start=\"906\" data-end=\"1099\"><span style=\"color: #000000;\">Ministria theksoi se p\u00ebr shkak t\u00eb luft\u00ebs s\u00eb vazhdueshme mes Ukrain\u00ebs dhe Rusis\u00eb, t\u00eb dyja pal\u00ebt jan\u00eb paralajm\u00ebruar t\u00eb tregojn\u00eb m\u00eb shum\u00eb kujdes p\u00ebr incidente q\u00eb rrezikojn\u00eb sigurin\u00eb n\u00eb Detin e Zi.<\/span><\/p>\n<p data-start=\"1101\" data-end=\"1420\"><span style=\"color: #000000;\">Autoritetet nuk dhan\u00eb informacion mbi origjin\u00ebn e dronit dhe as n\u00ebse ai mbante ndonj\u00eb ngarkes\u00eb. Sipas MSB-s\u00eb, UAV-ja u shkat\u00ebrrua n\u00eb copa shum\u00eb t\u00eb vogla dhe mbetjet u shp\u00ebrndan\u00eb n\u00eb nj\u00eb zon\u00eb t\u00eb gjer\u00eb, gj\u00eb q\u00eb e v\u00ebshtir\u00ebson gjetjen e tyre. Megjithat\u00eb, ekipet p\u00ebrkat\u00ebse po kryejn\u00eb kontrolle dhe hetime teknike t\u00eb detajuara.<\/span><\/p>\n<p data-start=\"1422\" data-end=\"1716\"><span style=\"color: #000000;\">Nj\u00eb incident i dyt\u00eb u regjistrua t\u00eb shtun\u00ebn, kur nj\u00eb tjet\u00ebr dron u gjet i rr\u00ebzuar n\u00eb nj\u00eb fush\u00eb t\u00eb zbraz\u00ebt pran\u00eb qytetit Bal\u0131kesir, rreth tre or\u00eb n\u00eb jugper\u00ebndim t\u00eb Stambollit. Autoritetet lokale dyshojn\u00eb se ai mund t\u00eb jet\u00eb me origjin\u00eb ruse. Ky \u00ebsht\u00eb rasti i tret\u00eb i till\u00eb q\u00eb nga fillimi i jav\u00ebs.<\/span><\/p>\n<p data-start=\"1718\" data-end=\"1747\"><span style=\"color: #000000;\">Debat p\u00ebr sigurin\u00eb ajrore<\/span><\/p>\n<p data-start=\"1749\" data-end=\"2150\"><span style=\"color: #000000;\">Rr\u00ebzimi i dronit nga avion\u00ebt F-16 ka nxitur debat mbi funksionimin e sistemit t\u00eb radar\u00ebve. Deputeti i CHP-s\u00eb nga Stambolli dhe ish-ambasadori Nam\u0131k Tan ngriti pik\u00ebpyetje duke deklaruar:<\/span><br data-start=\"1934\" data-end=\"1937\" \/><span style=\"color: #000000;\">\u201cA \u00ebsht\u00eb sistemi yn\u00eb i radar\u00ebve i pamjaftuesh\u00ebm p\u00ebr t\u00eb zbuluar n\u00eb koh\u00eb nj\u00eb dron q\u00eb shkel hap\u00ebsir\u00ebn ton\u00eb ajrore dhe arrin deri mbi kryeqytetin, zemr\u00ebn e shtetit dhe mbi objektet kritike t\u00eb industris\u00eb s\u00eb mbrojtjes?\u201d<\/span><\/p>\n<p data-start=\"2152\" data-end=\"2590\"><span style=\"color: #000000;\">Ministria e Mbrojtjes i hodhi posht\u00eb k\u00ebto pretendime, duke theksuar se kontrolli i hap\u00ebsir\u00ebs ajrore kryhet 24 or\u00eb n\u00eb dit\u00eb me nj\u00eb arkitektur\u00eb t\u00eb integruar q\u00eb p\u00ebrfshin radar\u00eb, sisteme paralajm\u00ebrimi t\u00eb hersh\u00ebm, luft\u00eb elektronike dhe element\u00eb p\u00ebrgjimi.<\/span><br data-start=\"2400\" data-end=\"2403\" \/><span style=\"color: #000000;\">\u201cProcesi n\u00eb lidhje me UAV-n\u00eb n\u00eb fjal\u00eb u menaxhua dhe u finalizua me sukses. Pretendimet se sistemi yn\u00eb i mbrojtjes ajrore ka dob\u00ebsi nuk pasqyrojn\u00eb t\u00eb v\u00ebrtet\u00ebn,\u201d thuhet n\u00eb reagimin zyrtar.<\/span><\/p>\n<p data-start=\"2592\" data-end=\"2619\"><span style=\"color: #000000;\">Tensionet n\u00eb Detin e Zi<\/span><\/p>\n<p data-start=\"2621\" data-end=\"2952\"><span style=\"color: #000000;\">Fakti q\u00eb droni hyri n\u00eb hap\u00ebsir\u00ebn ajrore turke nga drejtimi i Detit t\u00eb Zi ka rikthyer v\u00ebmendjen te aktivitetet e shtuara n\u00eb rajon. Gjat\u00eb muajit t\u00eb fundit jan\u00eb sh\u00ebnuar sulme ndaj cisternave ruse t\u00eb naft\u00ebs n\u00eb Detin e Zi, si dhe kund\u00ebrp\u00ebrgjigje nga Rusia. Disa anije q\u00eb i p\u00ebrkasin kompanive turke jan\u00eb prekur gjithashtu nga k\u00ebto sulme.<\/span><\/p>\n<p data-start=\"2954\" data-end=\"3349\"><span style=\"color: #000000;\">Turqia i ka d\u00ebnuar incidentet dhe ka b\u00ebr\u00eb thirrje p\u00ebr vet\u00ebp\u00ebrmbajtje nga t\u00eb dyja pal\u00ebt. N\u00eb fund t\u00eb n\u00ebntorit, cisternat VIRAT dhe KAIROS, q\u00eb dyshohet se i p\u00ebrkisnin flot\u00ebs ruse \u201cn\u00eb hije\u201d, u sulmuan, nd\u00ebrsa ekipet turke luajt\u00ebn rol ky\u00e7 n\u00eb shp\u00ebtimin e ekuipazheve. N\u00eb fillim t\u00eb dhjetorit, edhe cisterna MIDVOLGA-2, q\u00eb transportonte vaj luledielli nga Rusia drejt Gjeorgjis\u00eb, u sulmua n\u00eb Detin e Zi.<\/span><\/p>\n","protected":false,"gt_translate_keys":[{"key":"rendered","format":"html"}]},"excerpt":{"rendered":"<p>Ministria e Mbrojtjes Komb\u00ebtare e Turqis\u00eb (MSB) ka b\u00ebr\u00eb t\u00eb ditur se nj\u00eb mjet ajror pa pilot (UAV), i cili kishte hyr\u00eb n\u00eb hap\u00ebsir\u00ebn ajrore turke nga drejtimi i Detit t\u00eb Zi, \u00ebsht\u00eb rr\u00ebzuar m\u00eb 15 dhjetor n\u00eb qiellin mbi Ankara. Autoritetet turke njoftuan se p\u00ebr incidentin jan\u00eb paralajm\u00ebruar si Rusia ashtu edhe Ukraina, p\u00ebrcjell [&hellip;]<\/p>\n","protected":false,"gt_translate_keys":[{"key":"rendered","format":"html"}]},"author":32,"featured_media":777763,"comment_status":"closed","ping_status":"open","sticky":false,"template":"","format":"standard","meta":{"footnotes":""},"categories":[6],"tags":[],"class_list":["post-777762","post","type-post","status-publish","format-standard","has-post-thumbnail","hentry","category-nderkombetare"],"gt_translate_keys":[{"key":"link","format":"url"}],"_links":{"self":[{"href":"https:\/\/www.hashtag.al\/index.php\/wp-json\/wp\/v2\/posts\/777762","targetHints":{"allow":["GET"]}}],"collection":[{"href":"https:\/\/www.hashtag.al\/index.php\/wp-json\/wp\/v2\/posts"}],"about":[{"href":"https:\/\/www.hashtag.al\/index.php\/wp-json\/wp\/v2\/types\/post"}],"author":[{"embeddable":true,"href":"https:\/\/www.hashtag.al\/index.php\/wp-json\/wp\/v2\/users\/32"}],"replies":[{"embeddable":true,"href":"https:\/\/www.hashtag.al\/index.php\/wp-json\/wp\/v2\/comments?post=777762"}],"version-history":[{"count":99999,"href":"https:\/\/www.hashtag.al\/index.php\/wp-json\/wp\/v2\/posts\/777762\/revisions"}],"predecessor-version":[{"id":777764,"href":"https:\/\/www.hashtag.al\/index.php\/wp-json\/wp\/v2\/posts\/777762\/revisions\/777764"}],"wp:featuredmedia":[{"embeddable":true,"href":"https:\/\/www.hashtag.al\/index.php\/wp-json\/wp\/v2\/media\/777763"}],"wp:attachment":[{"href":"https:\/\/www.hashtag.al\/index.php\/wp-json\/wp\/v2\/media?parent=777762"}],"wp:term":[{"taxonomy":"category","embeddable":true,"href":"https:\/\/www.hashtag.al\/index.php\/wp-json\/wp\/v2\/categories?post=777762"},{"taxonomy":"post_tag","embeddable":true,"href":"https:\/\/www.hashtag.al\/index.php\/wp-json\/wp\/v2\/tags?post=777762"}],"curies":[{"name":"wp","href":"https:\/\/api.w.org\/{rel}","templated":true}]}}