{"id":777656,"date":"2025-12-20T13:27:55","date_gmt":"2025-12-20T12:27:55","guid":{"rendered":"https:\/\/www.hashtag.al\/?p=777656"},"modified":"2025-12-20T13:31:45","modified_gmt":"2025-12-20T12:31:45","slug":"berisha-qeveria-rama-organizate-kriminale-ta-rrezojme-300-apartamentet-e-ballukut-do-u-kthehen-qytetareve","status":"publish","type":"post","link":"https:\/\/www.hashtag.al\/index.php\/2025\/12\/20\/berisha-qeveria-rama-organizate-kriminale-ta-rrezojme-300-apartamentet-e-ballukut-do-u-kthehen-qytetareve\/","title":{"rendered":"Berisha: Qeveria Rama organizat\u00eb kriminale, ta rr\u00ebzojm\u00eb. Apartamentet e Ballukut do u kthehen qytetar\u00ebve","gt_translate_keys":[{"key":"rendered","format":"text"}]},"content":{"rendered":"<p><img loading=\"lazy\" decoding=\"async\" class=\"aligncenter size-full wp-image-777657\" src=\"https:\/\/www.hashtag.al\/wp-content\/uploads\/2025\/12\/image-8.jpg\" alt=\"\" width=\"600\" height=\"266\" srcset=\"https:\/\/www.hashtag.al\/wp-content\/uploads\/2025\/12\/image-8.jpg 600w, https:\/\/www.hashtag.al\/wp-content\/uploads\/2025\/12\/image-8-300x133.jpg 300w\" sizes=\"auto, (max-width: 600px) 100vw, 600px\" \/><\/p>\n<p><span style=\"color: #000000;\">Kreu i PD-s\u00eb Berisha akuzoi kryeministrin Rama p\u00ebr mbrojtjen politike q\u00eb po i b\u00ebn z\u00ebvend\u00ebses s\u00eb tij Balluku. <\/span><\/p>\n<p><span style=\"color: #000000;\">N\u00eb bashk\u00ebbisedimin me qytetar\u00ebt n\u00eb rrjetet sociale, ai tha se dokumentet e SPAK-ut kan\u00eb v\u00ebrtetuar akuzat e opozit\u00ebs ndaj kreut t\u00eb qeveris\u00eb dhe ministrave t\u00eb tij.<\/span><\/p>\n<p><span style=\"color: #000000;\"><em>\u201cDisa her\u00eb kam deklaruar se Edi Rama \u00ebsht\u00eb miliarder dhe, kur e kam b\u00ebr\u00eb k\u00ebt\u00eb deklarat\u00eb, e kam ditur shum\u00eb mir\u00eb q\u00eb do ta kishit t\u00eb v\u00ebshtir\u00eb ta besonit. Megjithat\u00eb, kjo deklarat\u00eb \u00ebsht\u00eb b\u00ebr\u00eb mbi baz\u00ebn e dokumenteve dhe fakteve konkrete. \u00c7do shqiptar e mban mend se n\u00eb vitin 2014, n\u00eb nj\u00eb raport sekret t\u00eb OSBE-s\u00eb, u deklarua se Edi Rama kishte 200 milion\u00eb euro n\u00eb banka offshore. K\u00ebt\u00eb fakt Edi Rama nuk e p\u00ebrg\u00ebnjeshtroi kurr\u00eb dhe as nuk e paditi autorin e raportit. Ai nuk mund t\u00eb padiste nj\u00eb organizat\u00eb nd\u00ebrkomb\u00ebtare, sepse nj\u00eb veprim i till\u00eb do t\u00eb nxirrte n\u00eb drit\u00eb \u00e7do qindark\u00eb t\u00eb fshehur. Pra, Edi Rama u b\u00eb kryeminist\u00ebr me 200 milion\u00eb euro n\u00eb llogari bankare offshore. Pyetja \u00ebsht\u00eb: si u b\u00eb? U b\u00eb absolutisht vet\u00ebm p\u00ebrmes kateve t\u00eb nd\u00ebrtimit. N\u00eb \u00e7do pallat, Edi Rama vendoste gjoba me nj\u00eb ose dy kate, n\u00eb var\u00ebsi t\u00eb lart\u00ebsis\u00eb s\u00eb pallatit, dhe nuk pranonte apartamente si kompensim, por vet\u00ebm shum\u00ebn p\u00ebrkat\u00ebse me \u00e7mimin e shitjes s\u00eb apartamenteve. Kjo \u00ebsht\u00eb e faktuar. Ka biznesmen\u00eb guximtar\u00eb q\u00eb ia kan\u00eb th\u00ebn\u00eb k\u00ebt\u00eb n\u00eb sy dhe t\u00eb tjer\u00eb q\u00eb e kan\u00eb deklaruar vazhdimisht. Pik\u00ebrisht p\u00ebrmes pallateve dhe kateve t\u00eb pallateve, Edi Rama u b\u00eb kryeminist\u00ebr me 200 milion\u00eb euro t\u00eb fshehura.\u201d<\/em> &#8211; tha Berisha.<\/span><\/p>\n<p><span style=\"color: #000000;\">Ai e akuzoi kryeministrin p\u00ebr korrupsion me lejet e nd\u00ebrtimit, t\u00eb cilat sipas tij, i kan\u00eb sjell\u00eb miliona euro t\u00eb ardhura t\u00eb paligjshme. Berisha tha se Rama urdh\u00ebroi n\u00eb m\u00ebnyr\u00eb kriminale mbrojtjen e Ballukut p\u00ebrmes deputet\u00ebve q\u00eb votuan kund\u00ebr heqjes s\u00eb imunitetit t\u00eb saj.<\/span><\/p>\n<p><span style=\"color: #000000;\"><em>\u201cPor nga viti 2014 e deri m\u00eb sot, p\u00ebr rreth 10\u201312 vite, duhet theksuar se k\u00ebto kan\u00eb qen\u00eb vitet e nd\u00ebrtimit t\u00eb pallateve m\u00eb t\u00eb shumta dhe m\u00eb t\u00eb larta n\u00eb t\u00eb gjith\u00eb historin\u00eb ton\u00eb. N\u00eb k\u00ebt\u00eb periudh\u00eb, Edi Rama nuk \u00ebsht\u00eb ndalur m\u00eb me nj\u00eb apo dy kate, por ka inkasuar shumat q\u00eb korrespondojn\u00eb me t\u00eb pakt\u00ebn kat\u00ebr ose pes\u00eb kate, minimumi. Nd\u00ebrkoh\u00eb, si menaxher i 67 miliard\u00eb eurove, q\u00eb p\u00ebrfaq\u00ebsojn\u00eb totalin e buxheteve 12-vje\u00e7are t\u00eb shtetit, Edi Rama, s\u00eb bashku me lukunin\u00eb e tij, sipas t\u00eb dh\u00ebnave t\u00eb Bank\u00ebs Bot\u00ebrore dhe Kontrollit t\u00eb Lart\u00eb t\u00eb Shtetit, ka shp\u00ebrdoruar dhe p\u00ebrvet\u00ebsuar minimumi 90 p\u00ebr qind t\u00eb k\u00ebtyre fondeve.<\/em><\/span><\/p>\n<p><span style=\"color: #000000;\"><em>Kjo jav\u00eb \u00ebsht\u00eb java e zbulimit t\u00eb madh, java e ekspozimit t\u00eb korrupsionit me p\u00ebrmasa t\u00eb ngjashme me diktaturat afrikane t\u00eb dikurshme. \u00cbsht\u00eb java n\u00eb t\u00eb cil\u00ebn Edi Rama hoqi \u00e7do mask\u00eb p\u00ebrpara shqiptar\u00ebve dhe u pozicionua hapur n\u00eb mbrojtje t\u00eb vjedhjeve t\u00eb zbuluara me dokumente t\u00eb Lubi Ballukut. \u00cbsht\u00eb java e mbrojtjes s\u00eb 300 apartamenteve t\u00eb blera me parat\u00eb e taksapaguesve shqiptar\u00eb dhe e mbrojtjes s\u00eb jahteve t\u00eb blera po me parat\u00eb e qytetar\u00ebve shqiptar\u00eb.\u201d<\/em> &#8211; shtoi kryedemokrati.<\/span><\/p>\n<p><span style=\"color: #000000;\">Berisha theksoi m\u00eb tej se n\u00ebse Balluku ka 300 apartamente, Rama ka t\u00eb pakt\u00ebn trefishin e tij. Ai u b\u00ebri thirrje qytetar\u00ebve q\u00eb t\u00eb ngrihen e t\u00eb rr\u00ebzojn\u00eb qeverin\u00eb e korruptuar.<\/span><\/p>\n<p><span style=\"color: #000000;\"><em>\u201cN\u00eb k\u00ebt\u00eb kontekst, ai urdh\u00ebroi n\u00eb m\u00ebnyr\u00ebn m\u00eb kriminale deputet\u00ebt e tij q\u00eb t\u00eb mos lejonin heqjen e imunitetit t\u00eb Lubi Ballukut, p\u00ebr faktin e vet\u00ebm se, n\u00ebse Lubia ka 300 apartamente, Edi Rama ka minimumi 1 500. N\u00ebse Lubia ka dy jahte, Rama ka minimumi pes\u00eb, n\u00ebse i jan\u00eb dashur. N\u00ebse Lubia ka dy vila, Rama \u00ebsht\u00eb pronar n\u00eb resorte t\u00eb t\u00ebra turistike. Ajo q\u00eb kam par\u00eb un\u00eb n\u00eb portin e Durr\u00ebsit \u00ebsht\u00eb pik\u00ebrisht arsyeja pse kam deklaruar se Edi Rama do t\u00eb b\u00ebhej me \u00e7do kusht miliarder si Alabari. N\u00eb portin e Durr\u00ebsit, ku po nd\u00ebrtohen 12 mij\u00eb apartamente, 12 hotele me pes\u00eb dhe gjasht\u00eb yje, me pishina dhe \u00e7do luks tjet\u00ebr, pronari i par\u00eb absolut \u00ebsht\u00eb Edi Rama, s\u00eb bashku me klanet e drog\u00ebs, dhe m\u00eb pas Al Alabari. Pra, kjo jav\u00eb ishte java e zbulimeve m\u00eb t\u00eb m\u00ebdha dhe m\u00eb t\u00eb err\u00ebta p\u00ebr Edi Ram\u00ebn dhe p\u00ebr qeverin\u00eb shqiptare.Ky \u00ebsht\u00eb nj\u00eb proces shum\u00eb i v\u00ebshtir\u00eb, proces n\u00eb vazhdim, n\u00eb t\u00eb cilin Lubi Balluku po mbrohet nga Edi Rama n\u00eb m\u00ebnyr\u00eb q\u00eb t\u00eb prish\u00eb \u00e7do lloj dokumentacioni, por nuk ka dyshim se ato do sekuestrohen dhe do u kthehen qytetasve.\u201d \u201d<\/em> &#8211; shtoi kreu i PD-s\u00eb.<\/span><\/p>\n","protected":false,"gt_translate_keys":[{"key":"rendered","format":"html"}]},"excerpt":{"rendered":"<p>Kreu i PD-s\u00eb Berisha akuzoi kryeministrin Rama p\u00ebr mbrojtjen politike q\u00eb po i b\u00ebn z\u00ebvend\u00ebses s\u00eb tij Balluku. N\u00eb bashk\u00ebbisedimin me qytetar\u00ebt n\u00eb rrjetet sociale, ai tha se dokumentet e SPAK-ut kan\u00eb v\u00ebrtetuar akuzat e opozit\u00ebs ndaj kreut t\u00eb qeveris\u00eb dhe ministrave t\u00eb tij. \u201cDisa her\u00eb kam deklaruar se Edi Rama \u00ebsht\u00eb miliarder dhe, kur [&hellip;]<\/p>\n","protected":false,"gt_translate_keys":[{"key":"rendered","format":"html"}]},"author":51,"featured_media":777657,"comment_status":"closed","ping_status":"open","sticky":false,"template":"","format":"standard","meta":{"footnotes":""},"categories":[65],"tags":[],"class_list":["post-777656","post","type-post","status-publish","format-standard","has-post-thumbnail","hentry","category-lajme"],"gt_translate_keys":[{"key":"link","format":"url"}],"_links":{"self":[{"href":"https:\/\/www.hashtag.al\/index.php\/wp-json\/wp\/v2\/posts\/777656","targetHints":{"allow":["GET"]}}],"collection":[{"href":"https:\/\/www.hashtag.al\/index.php\/wp-json\/wp\/v2\/posts"}],"about":[{"href":"https:\/\/www.hashtag.al\/index.php\/wp-json\/wp\/v2\/types\/post"}],"author":[{"embeddable":true,"href":"https:\/\/www.hashtag.al\/index.php\/wp-json\/wp\/v2\/users\/51"}],"replies":[{"embeddable":true,"href":"https:\/\/www.hashtag.al\/index.php\/wp-json\/wp\/v2\/comments?post=777656"}],"version-history":[{"count":99999,"href":"https:\/\/www.hashtag.al\/index.php\/wp-json\/wp\/v2\/posts\/777656\/revisions"}],"predecessor-version":[{"id":777660,"href":"https:\/\/www.hashtag.al\/index.php\/wp-json\/wp\/v2\/posts\/777656\/revisions\/777660"}],"wp:featuredmedia":[{"embeddable":true,"href":"https:\/\/www.hashtag.al\/index.php\/wp-json\/wp\/v2\/media\/777657"}],"wp:attachment":[{"href":"https:\/\/www.hashtag.al\/index.php\/wp-json\/wp\/v2\/media?parent=777656"}],"wp:term":[{"taxonomy":"category","embeddable":true,"href":"https:\/\/www.hashtag.al\/index.php\/wp-json\/wp\/v2\/categories?post=777656"},{"taxonomy":"post_tag","embeddable":true,"href":"https:\/\/www.hashtag.al\/index.php\/wp-json\/wp\/v2\/tags?post=777656"}],"curies":[{"name":"wp","href":"https:\/\/api.w.org\/{rel}","templated":true}]}}