{"id":777653,"date":"2025-12-20T13:06:29","date_gmt":"2025-12-20T12:06:29","guid":{"rendered":"https:\/\/www.hashtag.al\/?p=777653"},"modified":"2025-12-20T13:06:29","modified_gmt":"2025-12-20T12:06:29","slug":"edi-rama-je-hajdut-dorehiqu-shqiperia-behet-proteste-para-kryeministrise","status":"publish","type":"post","link":"https:\/\/www.hashtag.al\/index.php\/2025\/12\/20\/edi-rama-je-hajdut-dorehiqu-shqiperia-behet-proteste-para-kryeministrise\/","title":{"rendered":"\u201cEdi Rama je hajdut, dor\u00ebhiqu\u201d &#8211; Shqip\u00ebria B\u00ebhet protest\u00eb para kryeministris\u00eb","gt_translate_keys":[{"key":"rendered","format":"text"}]},"content":{"rendered":"<p><img loading=\"lazy\" decoding=\"async\" class=\"aligncenter size-full wp-image-777654\" src=\"https:\/\/www.hashtag.al\/wp-content\/uploads\/2025\/12\/lapaj-2.jpg\" alt=\"\" width=\"1112\" height=\"497\" srcset=\"https:\/\/www.hashtag.al\/wp-content\/uploads\/2025\/12\/lapaj-2.jpg 1112w, https:\/\/www.hashtag.al\/wp-content\/uploads\/2025\/12\/lapaj-2-300x134.jpg 300w, https:\/\/www.hashtag.al\/wp-content\/uploads\/2025\/12\/lapaj-2-1024x458.jpg 1024w, https:\/\/www.hashtag.al\/wp-content\/uploads\/2025\/12\/lapaj-2-768x343.jpg 768w\" sizes=\"auto, (max-width: 1112px) 100vw, 1112px\" \/><\/p>\n<p><span style=\"color: #000000;\">Shqip\u00ebria B\u00ebhet ka zhvilluar protest\u00ebn e paralajm\u00ebruar para kryeministris\u00eb. <\/span><\/p>\n<p><span style=\"color: #000000;\">Aktivist\u00ebt e saj jan\u00eb p\u00ebrplasur me policin\u00eb q\u00eb \u00ebsht\u00eb p\u00ebrpjekur t\u2019i ndaloj\u00eb. Protestuesit th\u00ebrrisnin \u201cEdi Rama o hajdut\u201d, \u201cDor\u00ebhiqu\u201d etj.<\/span><\/p>\n<p><span style=\"color: #000000;\">Kreu i L\u00ebvizjes Bashk\u00eb Lapaj tha se nuk e trembin procedimet nd\u00ebrsa u b\u00ebri thirrje qytetar\u00ebve q\u00eb t\u2019i bashhkohen protest\u00ebs.<\/span><\/p>\n<p><span style=\"color: #000000;\"><em>\u201cFtoj qytetar\u00ebt t\u00eb bashkohen dhe q\u00eb Rama t\u00eb dor\u00ebhiqet. Premtimet q\u00eb dha, Rama g\u00ebnjeu dhe nuk i mbajti! \u00cbsht\u00eb koha q\u00eb brezi i ri t\u00eb bashkohet. \u00cbsht\u00eb koha e s\u00eb mir\u00ebs kund\u00ebr s\u00eb keqes. Nuk trembem nga procedimet penale. P\u00ebr t\u00eb gjith\u00eb ata q\u00eb kan\u00eb n\u00eb sht\u00ebpi t\u00eb s\u00ebmur\u00eb me kancer dhe nuk gjejn\u00eb ila\u00e7e. P\u00ebr t\u00eb gjith\u00eb ata q\u00eb vuajn\u00eb nga ky regjim i hajdut\u00ebve, q\u00eb me nj\u00eb mesazh jep 50 milion\u00eb euro, te gjith\u00eb bashk\u00eb te japim nj\u00eb duartrokitje p\u00ebr ata funksionar\u00eb t\u00eb drejt\u00ebsis\u00eb q\u00eb po p\u00ebrballen me k\u00ebt\u00eb kancer malinj! Edi Rama je hajdut, je hajdut! I them Edi Ram\u00ebs nga ky shesh. \u00c7do veprim, \u00e7do nis\u00ebm q\u00eb merr ndaj nesh je absolutisht n\u00eb konflikt me familjen Lapaj drejtp\u00ebrdrejt. Kam nj\u00eb thirrje p\u00ebr Diaspor\u00ebn, \u00ebsht\u00eb koha p\u00ebr t\u00eb \u00e7liruar m\u00ebm\u00ebdheun.\u201d<\/em> &#8211; tha Lapaj.<\/span><\/p>\n","protected":false,"gt_translate_keys":[{"key":"rendered","format":"html"}]},"excerpt":{"rendered":"<p>Shqip\u00ebria B\u00ebhet ka zhvilluar protest\u00ebn e paralajm\u00ebruar para kryeministris\u00eb. Aktivist\u00ebt e saj jan\u00eb p\u00ebrplasur me policin\u00eb q\u00eb \u00ebsht\u00eb p\u00ebrpjekur t\u2019i ndaloj\u00eb. Protestuesit th\u00ebrrisnin \u201cEdi Rama o hajdut\u201d, \u201cDor\u00ebhiqu\u201d etj. Kreu i L\u00ebvizjes Bashk\u00eb Lapaj tha se nuk e trembin procedimet nd\u00ebrsa u b\u00ebri thirrje qytetar\u00ebve q\u00eb t\u2019i bashhkohen protest\u00ebs. \u201cFtoj qytetar\u00ebt t\u00eb bashkohen dhe q\u00eb [&hellip;]<\/p>\n","protected":false,"gt_translate_keys":[{"key":"rendered","format":"html"}]},"author":51,"featured_media":777654,"comment_status":"closed","ping_status":"open","sticky":false,"template":"","format":"standard","meta":{"footnotes":""},"categories":[65],"tags":[],"class_list":["post-777653","post","type-post","status-publish","format-standard","has-post-thumbnail","hentry","category-lajme"],"gt_translate_keys":[{"key":"link","format":"url"}],"_links":{"self":[{"href":"https:\/\/www.hashtag.al\/index.php\/wp-json\/wp\/v2\/posts\/777653","targetHints":{"allow":["GET"]}}],"collection":[{"href":"https:\/\/www.hashtag.al\/index.php\/wp-json\/wp\/v2\/posts"}],"about":[{"href":"https:\/\/www.hashtag.al\/index.php\/wp-json\/wp\/v2\/types\/post"}],"author":[{"embeddable":true,"href":"https:\/\/www.hashtag.al\/index.php\/wp-json\/wp\/v2\/users\/51"}],"replies":[{"embeddable":true,"href":"https:\/\/www.hashtag.al\/index.php\/wp-json\/wp\/v2\/comments?post=777653"}],"version-history":[{"count":99999,"href":"https:\/\/www.hashtag.al\/index.php\/wp-json\/wp\/v2\/posts\/777653\/revisions"}],"predecessor-version":[{"id":777655,"href":"https:\/\/www.hashtag.al\/index.php\/wp-json\/wp\/v2\/posts\/777653\/revisions\/777655"}],"wp:featuredmedia":[{"embeddable":true,"href":"https:\/\/www.hashtag.al\/index.php\/wp-json\/wp\/v2\/media\/777654"}],"wp:attachment":[{"href":"https:\/\/www.hashtag.al\/index.php\/wp-json\/wp\/v2\/media?parent=777653"}],"wp:term":[{"taxonomy":"category","embeddable":true,"href":"https:\/\/www.hashtag.al\/index.php\/wp-json\/wp\/v2\/categories?post=777653"},{"taxonomy":"post_tag","embeddable":true,"href":"https:\/\/www.hashtag.al\/index.php\/wp-json\/wp\/v2\/tags?post=777653"}],"curies":[{"name":"wp","href":"https:\/\/api.w.org\/{rel}","templated":true}]}}