{"id":777646,"date":"2025-12-20T12:21:05","date_gmt":"2025-12-20T11:21:05","guid":{"rendered":"https:\/\/www.hashtag.al\/?p=777646"},"modified":"2025-12-20T12:21:05","modified_gmt":"2025-12-20T11:21:05","slug":"spak-kerkon-heqjen-e-imunitetit-te-ballukut-bardhi-vleresoj-integritetin-e-prokuroreve","status":"publish","type":"post","link":"https:\/\/www.hashtag.al\/index.php\/2025\/12\/20\/spak-kerkon-heqjen-e-imunitetit-te-ballukut-bardhi-vleresoj-integritetin-e-prokuroreve\/","title":{"rendered":"SPAK k\u00ebrkon heqjen e imunitetit t\u00eb Ballukut, Bardhi: Vler\u00ebsoj integritetin e prokuror\u00ebve","gt_translate_keys":[{"key":"rendered","format":"text"}]},"content":{"rendered":"<div class=\"flex flex-col text-sm pb-25\">\n<article class=\"text-token-text-primary w-full focus:outline-none [--shadow-height:45px] has-data-writing-block:pointer-events-none has-data-writing-block:-mt-(--shadow-height) has-data-writing-block:pt-(--shadow-height) [&amp;:has([data-writing-block])&gt;*]:pointer-events-auto scroll-mt-[calc(var(--header-height)+min(200px,max(70px,20svh)))]\" dir=\"auto\" tabindex=\"-1\" data-turn-id=\"request-6943d42f-1094-8333-8123-45321ed0e3f7-16\" data-testid=\"conversation-turn-98\" data-scroll-anchor=\"true\" data-turn=\"assistant\">\n<div class=\"text-base my-auto mx-auto pb-10 [--thread-content-margin:--spacing(4)] @w-sm\/main:[--thread-content-margin:--spacing(6)] @w-lg\/main:[--thread-content-margin:--spacing(16)] px-(--thread-content-margin)\">\n<div class=\"[--thread-content-max-width:40rem] @w-lg\/main:[--thread-content-max-width:48rem] mx-auto max-w-(--thread-content-max-width) flex-1 group\/turn-messages focus-visible:outline-hidden relative flex w-full min-w-0 flex-col agent-turn\" tabindex=\"-1\">\n<div class=\"flex max-w-full flex-col grow\">\n<div class=\"min-h-8 text-message relative flex w-full flex-col items-end gap-2 text-start break-words whitespace-normal [.text-message+&amp;]:mt-1\" dir=\"auto\" data-message-author-role=\"assistant\" data-message-id=\"3814ae09-3a66-4491-b580-af67d340d020\" data-message-model-slug=\"gpt-5-mini\">\n<div class=\"flex w-full flex-col gap-1 empty:hidden first:pt-[1px]\">\n<div class=\"markdown prose dark:prose-invert w-full break-words light markdown-new-styling\">\n<p data-start=\"79\" data-end=\"415\" data-is-last-node=\"\" data-is-only-node=\"\"><span style=\"color: #000000;\"><img loading=\"lazy\" decoding=\"async\" class=\"aligncenter size-full wp-image-777647\" src=\"https:\/\/www.hashtag.al\/wp-content\/uploads\/2025\/12\/Screenshot-2025-12-20-122009.png\" alt=\"\" width=\"897\" height=\"562\" srcset=\"https:\/\/www.hashtag.al\/wp-content\/uploads\/2025\/12\/Screenshot-2025-12-20-122009.png 897w, https:\/\/www.hashtag.al\/wp-content\/uploads\/2025\/12\/Screenshot-2025-12-20-122009-300x188.png 300w, https:\/\/www.hashtag.al\/wp-content\/uploads\/2025\/12\/Screenshot-2025-12-20-122009-768x481.png 768w\" sizes=\"auto, (max-width: 897px) 100vw, 897px\" \/><\/span><\/p>\n<p data-start=\"79\" data-end=\"415\" data-is-last-node=\"\" data-is-only-node=\"\"><span style=\"color: #000000;\">Kreu i grupit parlamentar t\u00eb PD, Gazment Bardhi, tha n\u00eb nj\u00eb konferenc\u00eb p\u00ebr shtyp se mbledhja e K\u00ebshillit t\u00eb Mandateve p\u00ebr rastin Balluku \u00ebsht\u00eb shtyr\u00eb p\u00ebr her\u00eb t\u00eb par\u00eb pa caktuar dat\u00eb tjet\u00ebr, duke zvarritur procedurat dhe duke rrezikuar hetimin e SPAK. Ai vler\u00ebsoi gjithashtu integritetin e prokuror\u00ebve q\u00eb nuk u intimiduan gjat\u00eb seanc\u00ebs.<\/span><\/p>\n<\/div>\n<\/div>\n<\/div>\n<\/div>\n<\/div>\n<\/div>\n<\/article>\n<\/div>\n<p><span style=\"color: #000000;\"><em>\u201cPo tentohet t\u00eb zvarritet ngjarja. K\u00ebshilli i Mandateve \u00ebsht\u00eb mbledhur gjithmon\u00eb brenda 48 or\u00eb, i ka dh\u00ebn\u00eb koh\u00eb personit 48 or\u00eb dhe brenda 72 or\u00ebsh ka miratuar k\u00ebrkes\u00ebn n\u00eb seanc\u00eb plenare. Ky \u00ebsht\u00eb rasti i par\u00eb ku mbyllet mbledhja pa caktuar mbledhje tjet\u00ebr.<\/em><\/span><\/p>\n<p><span style=\"color: #000000;\"><em>Dje mor\u00ebm dosjen e plot\u00eb t\u00eb sjell\u00eb nga Prokuroria. P\u00ebr 5 her\u00eb gjat\u00eb mbledhjes u tentua t\u00eb intimidohen prokuror\u00ebt q\u00eb t\u00eb pohonin n\u00eb seanc\u00eb q\u00eb deputet\u00ebt nuk mund t\u00eb merrnin materiale, dua t\u00eb vler\u00ebsoj integritetin e prokuror\u00ebve.&#8221;<\/em><\/span><\/p>\n<p><span style=\"color: #000000;\">Bardhi tha se Kryeministri Rama t\u00eb heq\u00eb dor\u00eb nga pengimi q\u00eb po tenton t\u2019i b\u00ebj\u00eb drejt\u00ebsis\u00eb<\/span><\/p>\n<div id=\"taboola-sponsored-mid-article\" class=\"trc_related_container tbl-trecs-container trc_spotlight_widget trc_elastic trc_elastic_sc-ma-balkanweb\" data-placement-name=\"Sponsored Mid Article\">\n<div id=\"vtaboola-sponsored-mid-article-video\"><\/div>\n<\/div>\n<p><span style=\"color: #000000;\"><em>I b\u00ebj thirrje Ram\u00ebs, t\u00eb heq\u00eb dor\u00eb nga pengimi q\u00eb po tenton ti b\u00ebj\u00eb drejt\u00ebsis\u00eb, tentativa p\u00ebr ta marr\u00eb peng, avokatia ndaj t\u00eb korruptuar\u00ebs Belinda Balluku. T\u00eb mbledh\u00eb n\u00eb fillim t\u00eb jav\u00ebs K\u00ebshillin e Mandateve dhe p\u00ebr t\u00eb marr\u00eb vendimin p\u00ebr ti k\u00ebrkuar Kuvendit dh\u00ebnien e autorizimit p\u00ebr arrestimin apo heqjen e liris\u00eb p\u00ebr Belinda Ballukun\u201d,<\/em> shtoi ai.<\/span><\/p>\n<p><span style=\"color: #000000;\">Kryetari i grupit parlamentar t\u00eb PD, Gazment Bardhi i b\u00ebri thirrje dhe kreut t\u00eb Kuvendit, Niko Peleshi, t\u00eb th\u00ebrras\u00eb mbledhjen.<\/span><\/p>\n<p><span style=\"color: #000000;\"><em>\u201cZbatoni ligjin dhe rregulloren, dhe th\u00ebrrisni menj\u00ebher\u00eb, n\u00eb fillim t\u00eb jav\u00ebs, mbledhjen e K\u00ebshillit t\u00eb Mandateve, p\u00ebr t\u00eb shqyrtuar k\u00ebrkes\u00ebn e Prokuroris\u00eb, p\u00ebr t\u00eb d\u00ebgjuar argumentet dhe mbrojtjen q\u00eb ka p\u00ebr t\u00eb dh\u00ebn\u00eb Belinda Balluku, si dhe p\u00ebr t\u2019ia referuar seanc\u00ebs plenare vendimmarrjen p\u00ebr dh\u00ebnien e autorizimit p\u00ebr arrestimin e Belinda Ballukut\u201d<\/em>,- tha Bardhi.<\/span><\/p>\n","protected":false,"gt_translate_keys":[{"key":"rendered","format":"html"}]},"excerpt":{"rendered":"<p>Kreu i grupit parlamentar t\u00eb PD, Gazment Bardhi, tha n\u00eb nj\u00eb konferenc\u00eb p\u00ebr shtyp se mbledhja e K\u00ebshillit t\u00eb Mandateve p\u00ebr rastin Balluku \u00ebsht\u00eb shtyr\u00eb p\u00ebr her\u00eb t\u00eb par\u00eb pa caktuar dat\u00eb tjet\u00ebr, duke zvarritur procedurat dhe duke rrezikuar hetimin e SPAK. Ai vler\u00ebsoi gjithashtu integritetin e prokuror\u00ebve q\u00eb nuk u intimiduan gjat\u00eb seanc\u00ebs. \u201cPo [&hellip;]<\/p>\n","protected":false,"gt_translate_keys":[{"key":"rendered","format":"html"}]},"author":49,"featured_media":777647,"comment_status":"closed","ping_status":"open","sticky":false,"template":"","format":"standard","meta":{"footnotes":""},"categories":[65],"tags":[],"class_list":["post-777646","post","type-post","status-publish","format-standard","has-post-thumbnail","hentry","category-lajme"],"gt_translate_keys":[{"key":"link","format":"url"}],"_links":{"self":[{"href":"https:\/\/www.hashtag.al\/index.php\/wp-json\/wp\/v2\/posts\/777646","targetHints":{"allow":["GET"]}}],"collection":[{"href":"https:\/\/www.hashtag.al\/index.php\/wp-json\/wp\/v2\/posts"}],"about":[{"href":"https:\/\/www.hashtag.al\/index.php\/wp-json\/wp\/v2\/types\/post"}],"author":[{"embeddable":true,"href":"https:\/\/www.hashtag.al\/index.php\/wp-json\/wp\/v2\/users\/49"}],"replies":[{"embeddable":true,"href":"https:\/\/www.hashtag.al\/index.php\/wp-json\/wp\/v2\/comments?post=777646"}],"version-history":[{"count":99999,"href":"https:\/\/www.hashtag.al\/index.php\/wp-json\/wp\/v2\/posts\/777646\/revisions"}],"predecessor-version":[{"id":777648,"href":"https:\/\/www.hashtag.al\/index.php\/wp-json\/wp\/v2\/posts\/777646\/revisions\/777648"}],"wp:featuredmedia":[{"embeddable":true,"href":"https:\/\/www.hashtag.al\/index.php\/wp-json\/wp\/v2\/media\/777647"}],"wp:attachment":[{"href":"https:\/\/www.hashtag.al\/index.php\/wp-json\/wp\/v2\/media?parent=777646"}],"wp:term":[{"taxonomy":"category","embeddable":true,"href":"https:\/\/www.hashtag.al\/index.php\/wp-json\/wp\/v2\/categories?post=777646"},{"taxonomy":"post_tag","embeddable":true,"href":"https:\/\/www.hashtag.al\/index.php\/wp-json\/wp\/v2\/tags?post=777646"}],"curies":[{"name":"wp","href":"https:\/\/api.w.org\/{rel}","templated":true}]}}