{"id":777633,"date":"2025-12-20T10:30:53","date_gmt":"2025-12-20T09:30:53","guid":{"rendered":"https:\/\/www.hashtag.al\/?p=777633"},"modified":"2025-12-20T10:30:53","modified_gmt":"2025-12-20T09:30:53","slug":"gjendet-i-pajete-nje-42-vjecar-ne-lezhe-vret-veten-nena-e-tij-pas-marrjes-se-lajmit","status":"publish","type":"post","link":"https:\/\/www.hashtag.al\/index.php\/2025\/12\/20\/gjendet-i-pajete-nje-42-vjecar-ne-lezhe-vret-veten-nena-e-tij-pas-marrjes-se-lajmit\/","title":{"rendered":"Gjendet i pajet\u00eb nj\u00eb 42-vje\u00e7ar n\u00eb Lezh\u00eb, vret veten n\u00ebna e tij pas marrjes s\u00eb lajmit","gt_translate_keys":[{"key":"rendered","format":"text"}]},"content":{"rendered":"<p data-start=\"0\" data-end=\"251\"><span style=\"color: #000000;\"><img loading=\"lazy\" decoding=\"async\" class=\"aligncenter size-full wp-image-777634\" src=\"https:\/\/www.hashtag.al\/wp-content\/uploads\/2025\/12\/lezhe-policia-768x433-1.jpg\" alt=\"\" width=\"768\" height=\"433\" srcset=\"https:\/\/www.hashtag.al\/wp-content\/uploads\/2025\/12\/lezhe-policia-768x433-1.jpg 768w, https:\/\/www.hashtag.al\/wp-content\/uploads\/2025\/12\/lezhe-policia-768x433-1-300x169.jpg 300w\" sizes=\"auto, (max-width: 768px) 100vw, 768px\" \/><\/span><\/p>\n<p data-start=\"0\" data-end=\"251\"><span style=\"color: #000000;\">Nj\u00eb ngjarje e r\u00ebnd\u00eb familjare \u00ebsht\u00eb regjistruar n\u00eb fshatin Lalm i Ri. Nj\u00eb 42-vje\u00e7ar u gjet pa shenja jete n\u00eb dyqanin e tij, nd\u00ebrsa nga veprimet paraprake nuk u konstatuan shenja dhune dhe dyshohet se vdekja ka ardhur p\u00ebr shkaqe natyrale.<\/span><\/p>\n<p data-start=\"253\" data-end=\"514\" data-is-last-node=\"\" data-is-only-node=\"\"><span style=\"color: #000000;\">Pas marrjes s\u00eb lajmit, n\u00ebna e tij 72-vje\u00e7are, n\u00eb gjendje t\u00eb r\u00ebnduar psikologjike, dyshohet se i ka dh\u00ebn\u00eb fund jet\u00ebs n\u00eb banes\u00eb.\u00a0<\/span><\/p>\n<p><span style=\"color: #000000;\"><strong>Lezh\u00eb\/Informacion paraprak<\/strong><\/span><\/p>\n<p>&nbsp;<\/p>\n<p><span style=\"color: #000000;\">Rreth or\u00ebs 19:30 t\u00eb mbr\u00ebmjes s\u00eb djeshme, n\u00eb lagjen Gurra, Lezh\u00eb, n\u00eb dyqanin e tij me vegla pune, \u00ebsht\u00eb gjetur pa shenja jete shtetasi A. M., 42 vje\u00e7, banues n\u00eb fshatin Lalm, Lezh\u00eb. Nga veprimet e para hetimore nuk jan\u00eb konstatuar shenja dhune dhe paraprakisht dyshohet se vdekja ka ardhur p\u00ebr shkaqe natyrale.<\/span><\/p>\n<p><span style=\"color: #000000;\">Nd\u00ebrkoh\u00eb, dyshohet se n\u00ebna e tij, shtetasja P. M., 72 vje\u00e7e, pas marrjes s\u00eb lajmit p\u00ebr humbjen e jet\u00ebs s\u00eb djalit t\u00eb saj, n\u00eb gjendje t\u00eb r\u00ebnduar psikologjike, dyshohet se ka varur veten e cila u gjet e pajet\u00eb nga familjar\u00ebt n\u00eb ambientet e banes\u00ebs n\u00eb fshatin Lalm i Ri, Lezh\u00eb.<\/span><\/p>\n<p><span style=\"color: #000000;\">Trupat e pajet\u00eb jan\u00eb d\u00ebrguar n\u00eb Institutin e Mjek\u00ebsis\u00eb Ligjore n\u00eb Tiran\u00eb, p\u00ebr kryerjen e ekspertiz\u00ebs mjekoligjore dhe p\u00ebrcaktimin e sakt\u00eb t\u00eb shkakut t\u00eb humbjes s\u00eb jet\u00ebs.<\/span><\/p>\n","protected":false,"gt_translate_keys":[{"key":"rendered","format":"html"}]},"excerpt":{"rendered":"<p>Nj\u00eb ngjarje e r\u00ebnd\u00eb familjare \u00ebsht\u00eb regjistruar n\u00eb fshatin Lalm i Ri. Nj\u00eb 42-vje\u00e7ar u gjet pa shenja jete n\u00eb dyqanin e tij, nd\u00ebrsa nga veprimet paraprake nuk u konstatuan shenja dhune dhe dyshohet se vdekja ka ardhur p\u00ebr shkaqe natyrale. Pas marrjes s\u00eb lajmit, n\u00ebna e tij 72-vje\u00e7are, n\u00eb gjendje t\u00eb r\u00ebnduar psikologjike, dyshohet [&hellip;]<\/p>\n","protected":false,"gt_translate_keys":[{"key":"rendered","format":"html"}]},"author":49,"featured_media":777634,"comment_status":"closed","ping_status":"open","sticky":false,"template":"","format":"standard","meta":{"footnotes":""},"categories":[65],"tags":[],"class_list":["post-777633","post","type-post","status-publish","format-standard","has-post-thumbnail","hentry","category-lajme"],"gt_translate_keys":[{"key":"link","format":"url"}],"_links":{"self":[{"href":"https:\/\/www.hashtag.al\/index.php\/wp-json\/wp\/v2\/posts\/777633","targetHints":{"allow":["GET"]}}],"collection":[{"href":"https:\/\/www.hashtag.al\/index.php\/wp-json\/wp\/v2\/posts"}],"about":[{"href":"https:\/\/www.hashtag.al\/index.php\/wp-json\/wp\/v2\/types\/post"}],"author":[{"embeddable":true,"href":"https:\/\/www.hashtag.al\/index.php\/wp-json\/wp\/v2\/users\/49"}],"replies":[{"embeddable":true,"href":"https:\/\/www.hashtag.al\/index.php\/wp-json\/wp\/v2\/comments?post=777633"}],"version-history":[{"count":99999,"href":"https:\/\/www.hashtag.al\/index.php\/wp-json\/wp\/v2\/posts\/777633\/revisions"}],"predecessor-version":[{"id":777635,"href":"https:\/\/www.hashtag.al\/index.php\/wp-json\/wp\/v2\/posts\/777633\/revisions\/777635"}],"wp:featuredmedia":[{"embeddable":true,"href":"https:\/\/www.hashtag.al\/index.php\/wp-json\/wp\/v2\/media\/777634"}],"wp:attachment":[{"href":"https:\/\/www.hashtag.al\/index.php\/wp-json\/wp\/v2\/media?parent=777633"}],"wp:term":[{"taxonomy":"category","embeddable":true,"href":"https:\/\/www.hashtag.al\/index.php\/wp-json\/wp\/v2\/categories?post=777633"},{"taxonomy":"post_tag","embeddable":true,"href":"https:\/\/www.hashtag.al\/index.php\/wp-json\/wp\/v2\/tags?post=777633"}],"curies":[{"name":"wp","href":"https:\/\/api.w.org\/{rel}","templated":true}]}}