{"id":777628,"date":"2025-12-20T09:46:08","date_gmt":"2025-12-20T08:46:08","guid":{"rendered":"https:\/\/www.hashtag.al\/?p=777628"},"modified":"2025-12-20T09:46:08","modified_gmt":"2025-12-20T08:46:08","slug":"droge-nga-kanadaja-drejt-shqiperise-ne-pranga-23-vjecari-ne-tirane","status":"publish","type":"post","link":"https:\/\/www.hashtag.al\/index.php\/2025\/12\/20\/droge-nga-kanadaja-drejt-shqiperise-ne-pranga-23-vjecari-ne-tirane\/","title":{"rendered":"Drog\u00eb nga Kanadaja drejt Shqip\u00ebris\u00eb, n\u00eb pranga 23-vje\u00e7ari n\u00eb Tiran\u00eb","gt_translate_keys":[{"key":"rendered","format":"text"}]},"content":{"rendered":"<p><span style=\"color: #000000;\"><img loading=\"lazy\" decoding=\"async\" class=\"aligncenter size-full wp-image-769426\" src=\"https:\/\/www.hashtag.al\/wp-content\/uploads\/2025\/11\/policia-korce-maliq-1-768x432-1.jpg\" alt=\"\" width=\"768\" height=\"432\" srcset=\"https:\/\/www.hashtag.al\/wp-content\/uploads\/2025\/11\/policia-korce-maliq-1-768x432-1.jpg 768w, https:\/\/www.hashtag.al\/wp-content\/uploads\/2025\/11\/policia-korce-maliq-1-768x432-1-300x169.jpg 300w\" sizes=\"auto, (max-width: 768px) 100vw, 768px\" \/><\/span><\/p>\n<p data-start=\"67\" data-end=\"237\"><span style=\"color: #000000;\">Nj\u00eb 23-vje\u00e7ar \u00ebsht\u00eb arrestuar nga Policia e Tiran\u00ebs pasi u kap n\u00eb posedim t\u00eb nj\u00eb sasie t\u00eb konsiderueshme l\u00ebnde narkotike, e dyshuar e trafikuar nga Kanadaja.<\/span><\/p>\n<p data-start=\"508\" data-end=\"711\"><span style=\"color: #000000;\">Ai u ndalua n\u00eb rrug\u00ebn \u201c5 Maji\u201d, nd\u00ebrsa gjat\u00eb kontrollit fizik dhe kontrollit n\u00eb banes\u00ebn e tij u sekuestruan 1 kilogram e 54 gram\u00eb l\u00ebnd\u00eb narkotike kanabis n\u00eb trajt\u00eb xhelatine, me vler\u00eb rreth 10 mij\u00eb euro.<\/span><\/p>\n<p data-start=\"508\" data-end=\"711\"><span style=\"color: #000000;\"><strong>Njoftimi:<\/strong><\/span><\/p>\n<p><span style=\"color: #000000;\">Tiran\u00eb\/Goditje t\u00eb vazhdueshme ndaj veprimtarive kriminale n\u00eb fush\u00ebn e narkotik\u00ebve.<\/span><\/p>\n<p><span style=\"color: #000000;\">Finalizohet operacioni policor i koduar \u201cShape\u201d.<\/span><\/p>\n<p><span style=\"color: #000000;\">Sekuestrohen 1 kg e 54 gram\u00eb l\u00ebnd\u00eb narkotike kanabis n\u00eb trajt\u00eb xhelatine, me vler\u00eb rreth 10 000 euro. L\u00ebnda narkotike dyshohet se \u00ebsht\u00eb trafikuar nga Kanadaja.<\/span><\/p>\n<p><span style=\"color: #000000;\">Vihet n\u00eb pranga poseduesi.<\/span><\/p>\n<p><span style=\"color: #000000;\">N\u00eb vijim t\u00eb pun\u00ebs intensive p\u00ebr parandalimin, evidentimin dhe goditjen e veprimtarive kriminale n\u00eb fush\u00ebn e narkotik\u00ebve, sh\u00ebrbimet e Komisariatit t\u00eb Policis\u00eb Nr. 4, n\u00eb bashk\u00ebpunim me Seksionin e Narkotik\u00ebve, bazuar dhe n\u00eb informacionet e siguruara n\u00eb rrug\u00eb operative, p\u00ebr nj\u00eb shtetas q\u00eb posedonte l\u00ebnd\u00eb narkotike, kan\u00eb organizuar pun\u00ebn p\u00ebr kapjen e tij.<\/span><\/p>\n<p><span style=\"color: #000000;\">Si rezultat i veprimeve profesionale, u kap n\u00eb rrug\u00ebn \u201c5 Maji\u201d dhe u vu n\u00eb pranga shtetasi:<\/span><\/p>\n<p><span style=\"color: #000000;\">-D. C., 23 vje\u00e7, banues n\u00eb Dib\u00ebr.<\/span><\/p>\n<p><span style=\"color: #000000;\">Gjat\u00eb kontrollit fizik ndaj k\u00ebtij shtetasi dhe kontrollit n\u00eb banes\u00ebn e tij, sh\u00ebrbimet e Policis\u00eb kan\u00eb gjetur 1 kilogram\u00eb e 54 gram\u00eb l\u00ebnd\u00eb narkotike kanabis n\u00eb trajt\u00eb xhelatine, me vler\u00eb rreth 10 000 euro.<\/span><\/p>\n<p><span style=\"color: #000000;\">Nga hetimet dyshohet se l\u00ebnda narkotike \u00ebsht\u00eb trafikuar nga Kanadaja.<\/span><\/p>\n<p><span style=\"color: #000000;\">Vijojn\u00eb hetimet p\u00ebr dokumentimin e plot\u00eb t\u00eb k\u00ebsaj veprimtarie kriminale dhe identifikimin e shtetasve t\u00eb tjer\u00eb q\u00eb mund t\u00eb jen\u00eb t\u00eb p\u00ebrfshir\u00eb.<\/span><\/p>\n<p><span style=\"color: #000000;\">Materialet procedurale iu referuan Prokuroris\u00eb, p\u00ebr veprime t\u00eb m\u00ebtejshme.<\/span><\/p>\n","protected":false,"gt_translate_keys":[{"key":"rendered","format":"html"}]},"excerpt":{"rendered":"<p>Nj\u00eb 23-vje\u00e7ar \u00ebsht\u00eb arrestuar nga Policia e Tiran\u00ebs pasi u kap n\u00eb posedim t\u00eb nj\u00eb sasie t\u00eb konsiderueshme l\u00ebnde narkotike, e dyshuar e trafikuar nga Kanadaja. Ai u ndalua n\u00eb rrug\u00ebn \u201c5 Maji\u201d, nd\u00ebrsa gjat\u00eb kontrollit fizik dhe kontrollit n\u00eb banes\u00ebn e tij u sekuestruan 1 kilogram e 54 gram\u00eb l\u00ebnd\u00eb narkotike kanabis n\u00eb trajt\u00eb [&hellip;]<\/p>\n","protected":false,"gt_translate_keys":[{"key":"rendered","format":"html"}]},"author":49,"featured_media":769426,"comment_status":"closed","ping_status":"open","sticky":false,"template":"","format":"standard","meta":{"footnotes":""},"categories":[65],"tags":[],"class_list":["post-777628","post","type-post","status-publish","format-standard","has-post-thumbnail","hentry","category-lajme"],"gt_translate_keys":[{"key":"link","format":"url"}],"_links":{"self":[{"href":"https:\/\/www.hashtag.al\/index.php\/wp-json\/wp\/v2\/posts\/777628","targetHints":{"allow":["GET"]}}],"collection":[{"href":"https:\/\/www.hashtag.al\/index.php\/wp-json\/wp\/v2\/posts"}],"about":[{"href":"https:\/\/www.hashtag.al\/index.php\/wp-json\/wp\/v2\/types\/post"}],"author":[{"embeddable":true,"href":"https:\/\/www.hashtag.al\/index.php\/wp-json\/wp\/v2\/users\/49"}],"replies":[{"embeddable":true,"href":"https:\/\/www.hashtag.al\/index.php\/wp-json\/wp\/v2\/comments?post=777628"}],"version-history":[{"count":99999,"href":"https:\/\/www.hashtag.al\/index.php\/wp-json\/wp\/v2\/posts\/777628\/revisions"}],"predecessor-version":[{"id":777629,"href":"https:\/\/www.hashtag.al\/index.php\/wp-json\/wp\/v2\/posts\/777628\/revisions\/777629"}],"wp:featuredmedia":[{"embeddable":true,"href":"https:\/\/www.hashtag.al\/index.php\/wp-json\/wp\/v2\/media\/769426"}],"wp:attachment":[{"href":"https:\/\/www.hashtag.al\/index.php\/wp-json\/wp\/v2\/media?parent=777628"}],"wp:term":[{"taxonomy":"category","embeddable":true,"href":"https:\/\/www.hashtag.al\/index.php\/wp-json\/wp\/v2\/categories?post=777628"},{"taxonomy":"post_tag","embeddable":true,"href":"https:\/\/www.hashtag.al\/index.php\/wp-json\/wp\/v2\/tags?post=777628"}],"curies":[{"name":"wp","href":"https:\/\/api.w.org\/{rel}","templated":true}]}}