{"id":777606,"date":"2025-12-19T22:37:13","date_gmt":"2025-12-19T21:37:13","guid":{"rendered":"https:\/\/www.hashtag.al\/?p=777606"},"modified":"2025-12-19T22:37:13","modified_gmt":"2025-12-19T21:37:13","slug":"kurti-takon-kryetarin-e-komunes-jugore-te-mitrovices","status":"publish","type":"post","link":"https:\/\/www.hashtag.al\/index.php\/2025\/12\/19\/kurti-takon-kryetarin-e-komunes-jugore-te-mitrovices\/","title":{"rendered":"Kurti takon kryetarin e Komun\u00ebs jugore t\u00eb Mitrovic\u00ebs","gt_translate_keys":[{"key":"rendered","format":"text"}]},"content":{"rendered":"<p><span style=\"color: #000000;\"><img loading=\"lazy\" decoding=\"async\" class=\"aligncenter size-full wp-image-777607\" src=\"https:\/\/www.hashtag.al\/wp-content\/uploads\/2025\/12\/712303-nuF3IzlS75.jpg\" alt=\"\" width=\"780\" height=\"500\" srcset=\"https:\/\/www.hashtag.al\/wp-content\/uploads\/2025\/12\/712303-nuF3IzlS75.jpg 780w, https:\/\/www.hashtag.al\/wp-content\/uploads\/2025\/12\/712303-nuF3IzlS75-300x192.jpg 300w, https:\/\/www.hashtag.al\/wp-content\/uploads\/2025\/12\/712303-nuF3IzlS75-768x492.jpg 768w\" sizes=\"auto, (max-width: 780px) 100vw, 780px\" \/><\/span><\/p>\n<p><span style=\"color: #000000;\">Kryeministri n\u00eb detyr\u00eb i Kosov\u00ebs, Albin Kurti, vizitoi sot Komun\u00ebn jugore t\u00eb Mitrovic\u00ebs. Atje ai u mir\u00ebprit nga kryetari i ri i k\u00ebsaj komune, Faton Peci.<\/span><\/p>\n<p><span style=\"color: #000000;\">Me k\u00ebt\u00eb rast, kryeministri Kurti uroi kryetarin Peci p\u00ebr fillimin e mandatit t\u00eb tij pas zgjedhjeve lokale t\u00eb sivjetme dhe i d\u00ebshiroi suksese n\u00eb qeverisje, sikurse i ofroi bashk\u00ebpunim n\u00eb realizimin e projekteve me interes p\u00ebr komun\u00ebn dhe qytetar\u00ebt, shkruan <a href=\"https:\/\/www.rtklive.com\/sq\/news-single.php?ID=712303\"><span style=\"color: #0000ff;\">RTK.<\/span><\/a><\/span><\/p>\n<p><span style=\"color: #000000;\">\u201cGjat\u00eb bised\u00ebs, ai u njoftua me vendimet e para q\u00eb kryetari Peci ka marr\u00eb dhe me planifikimin p\u00ebr p\u00ebrmbushjen e programit qeveris\u00ebs\u201d, thuhet n\u00eb njoftim.<\/span><\/p>\n<p><span style=\"color: #000000;\">\u00a0Paraprakisht, kryeministri n\u00eb detyr\u00eb Albin Kurti, bashk\u00eb me kryetarin Peci dhe pjes\u00ebtar\u00eb t\u00eb kabinetit qeveritar, b\u00ebn\u00eb p\u00ebrurimin e ur\u00ebs s\u00eb re p\u00ebr k\u00ebmb\u00ebsor\u00eb mbi lumin Ib\u00ebr, e cila u hap m\u00eb pak se kat\u00ebr muaj pas ur\u00ebs tjet\u00ebr t\u00eb re p\u00ebr vetura.<\/span><\/p>\n","protected":false,"gt_translate_keys":[{"key":"rendered","format":"html"}]},"excerpt":{"rendered":"<p>Kryeministri n\u00eb detyr\u00eb i Kosov\u00ebs, Albin Kurti, vizitoi sot Komun\u00ebn jugore t\u00eb Mitrovic\u00ebs. Atje ai u mir\u00ebprit nga kryetari i ri i k\u00ebsaj komune, Faton Peci. Me k\u00ebt\u00eb rast, kryeministri Kurti uroi kryetarin Peci p\u00ebr fillimin e mandatit t\u00eb tij pas zgjedhjeve lokale t\u00eb sivjetme dhe i d\u00ebshiroi suksese n\u00eb qeverisje, sikurse i ofroi bashk\u00ebpunim [&hellip;]<\/p>\n","protected":false,"gt_translate_keys":[{"key":"rendered","format":"html"}]},"author":49,"featured_media":777607,"comment_status":"closed","ping_status":"open","sticky":false,"template":"","format":"standard","meta":{"footnotes":""},"categories":[149],"tags":[],"class_list":["post-777606","post","type-post","status-publish","format-standard","has-post-thumbnail","hentry","category-kosoverajon"],"gt_translate_keys":[{"key":"link","format":"url"}],"_links":{"self":[{"href":"https:\/\/www.hashtag.al\/index.php\/wp-json\/wp\/v2\/posts\/777606","targetHints":{"allow":["GET"]}}],"collection":[{"href":"https:\/\/www.hashtag.al\/index.php\/wp-json\/wp\/v2\/posts"}],"about":[{"href":"https:\/\/www.hashtag.al\/index.php\/wp-json\/wp\/v2\/types\/post"}],"author":[{"embeddable":true,"href":"https:\/\/www.hashtag.al\/index.php\/wp-json\/wp\/v2\/users\/49"}],"replies":[{"embeddable":true,"href":"https:\/\/www.hashtag.al\/index.php\/wp-json\/wp\/v2\/comments?post=777606"}],"version-history":[{"count":99999,"href":"https:\/\/www.hashtag.al\/index.php\/wp-json\/wp\/v2\/posts\/777606\/revisions"}],"predecessor-version":[{"id":777608,"href":"https:\/\/www.hashtag.al\/index.php\/wp-json\/wp\/v2\/posts\/777606\/revisions\/777608"}],"wp:featuredmedia":[{"embeddable":true,"href":"https:\/\/www.hashtag.al\/index.php\/wp-json\/wp\/v2\/media\/777607"}],"wp:attachment":[{"href":"https:\/\/www.hashtag.al\/index.php\/wp-json\/wp\/v2\/media?parent=777606"}],"wp:term":[{"taxonomy":"category","embeddable":true,"href":"https:\/\/www.hashtag.al\/index.php\/wp-json\/wp\/v2\/categories?post=777606"},{"taxonomy":"post_tag","embeddable":true,"href":"https:\/\/www.hashtag.al\/index.php\/wp-json\/wp\/v2\/tags?post=777606"}],"curies":[{"name":"wp","href":"https:\/\/api.w.org\/{rel}","templated":true}]}}