{"id":777546,"date":"2025-12-19T15:26:04","date_gmt":"2025-12-19T14:26:04","guid":{"rendered":"https:\/\/www.hashtag.al\/?p=777546"},"modified":"2025-12-19T15:26:04","modified_gmt":"2025-12-19T14:26:04","slug":"spak-shtyn-serish-hetimet-per-arben-ahmetajn-afat-deri-me-22-mars-per-te-paraqitur-konkluzionet","status":"publish","type":"post","link":"https:\/\/www.hashtag.al\/index.php\/2025\/12\/19\/spak-shtyn-serish-hetimet-per-arben-ahmetajn-afat-deri-me-22-mars-per-te-paraqitur-konkluzionet\/","title":{"rendered":"SPAK shtyn s\u00ebrish hetimet p\u00ebr Arben Ahmetajn, afat deri m\u00eb 22 mars p\u00ebr t\u00eb paraqitur konkluzionet","gt_translate_keys":[{"key":"rendered","format":"text"}]},"content":{"rendered":"<p><span style=\"color: #000000;\"><img loading=\"lazy\" decoding=\"async\" class=\"alignnone size-full wp-image-662667\" src=\"https:\/\/www.hashtag.al\/wp-content\/uploads\/2024\/03\/ahmetaj-spak-2.jpg\" alt=\"\" width=\"700\" height=\"413\" srcset=\"https:\/\/www.hashtag.al\/wp-content\/uploads\/2024\/03\/ahmetaj-spak-2.jpg 700w, https:\/\/www.hashtag.al\/wp-content\/uploads\/2024\/03\/ahmetaj-spak-2-300x177.jpg 300w\" sizes=\"auto, (max-width: 700px) 100vw, 700px\" \/><\/span><\/p>\n<p><span style=\"color: #000000;\">P\u00ebr t\u00eb gjasht\u00ebn her\u00eb Prokuroria e Posa\u00e7me ka komunikuar zgjatjen e afateve hetimore p\u00ebr ish-z\u00ebvend\u00ebskryministrin Arben Ahmetaj, i cili po hetohet p\u00ebr dosjen e incenerator\u00ebve, n\u00eb nj\u00eb fraksion t\u00eb ndar\u00eb p\u00ebr korrupsion, pastrim parash dhe fshehje pasurie.<\/span><\/p>\n<p><span style=\"color: #000000;\">Veprimet komplekse q\u00eb po kryen prokuroria e posa\u00e7me jan\u00eb b\u00ebr\u00eb shkak p\u00ebr t\u00eb shtyr\u00eb s\u00ebrish hetimet deri n\u00eb dat\u00ebn 22 mars 2026.<\/span><\/p>\n<p><span style=\"color: #000000;\">Mbrojt\u00ebsit ligjor Henrik Ligori tha se interesi i tij dhe i klientit q\u00eb mbron \u00ebsht\u00eb q\u00eb t\u00eb kryhen hetime shteruese dhe q\u00eb organi i akuz\u00ebs t\u00eb marr\u00eb t\u00eb gjith\u00eb koh\u00ebn e nevojshme.<\/span><\/p>\n<p><span style=\"color: #000000;\">N\u00eb baz\u00eb t\u00eb dispozitave ligjore, kjo \u00ebsht\u00eb e fundit q\u00eb SPAK ka mund\u00ebsi t\u00eb shtyj\u00eb hetimet, m\u00eb pas duhet t\u00eb vendos\u00eb p\u00ebr d\u00ebrgimin ose jo p\u00ebr gjykim t\u00eb \u00e7\u00ebshtjes.<\/span><\/p>\n<p><span style=\"color: #000000;\">P\u00ebr t\u00eb nj\u00ebjt\u00ebn \u00e7\u00ebshtje po hetohet edhe bashk\u00ebjetuesja e Arben Ahmetajt si dhe ish-bashk\u00ebjetuesja e tij Albina Man\u00e7ka dhe Erjola Hoxha. T\u00eb dyja k\u00ebto hetohen p\u00ebr vepr\u00ebn penale \u201cfshehje dhe mos deklarim pasurie\u201d si dhe \u201cpastrim parash\u201d.<\/span><\/p>\n<p><span style=\"color: #000000;\">Arben Ahmetaj \u00ebsht\u00eb n\u00eb k\u00ebrkim nga SPAK prej korrikut 2023 edhe p\u00ebr \u00e7\u00ebshtjen e incenerator\u00ebve, p\u00ebr t\u00eb cilin ka d\u00ebrguar para 2 viteve k\u00ebrkes\u00ebn n\u00eb Zvic\u00ebr p\u00ebr ekstradim. Ish-zv.kryeministri aktualisht q\u00ebndron n\u00eb Zvic\u00ebr ku dhe ka k\u00ebrkuar azil politik.<\/span><\/p>\n<p><span style=\"color: #000000;\">Q\u00eb prej arratisjes s\u00eb tij, kur u shpall dhe n\u00eb k\u00ebrkim, autoritetet shqiptare kan\u00eb k\u00ebrkuar ekstradimin e ish z\u00ebvend\u00ebskryeministrit, por mbeten ende t\u00eb paqarta se n\u00eb \u00e7far\u00eb pike jan\u00eb procedurat.<\/span><\/p>\n<p><span style=\"color: #000000;\">P\u00ebrve\u00e7 hetimeve p\u00ebr inceneratorin e Elbasanit, Ahmetaj akuzohet gjithashtu dhe p\u00ebr vepr\u00ebn penale \u2018shp\u00ebrdorim detyre\u2019 n\u00eb vler\u00eb d\u00ebmi rreth 7 miliard lek\u00eb t\u00eb vjetra lidhur me privatizimin e frabrik\u00ebs &#8216;Buka&#8217;.<\/span><\/p>\n","protected":false,"gt_translate_keys":[{"key":"rendered","format":"html"}]},"excerpt":{"rendered":"<p>P\u00ebr t\u00eb gjasht\u00ebn her\u00eb Prokuroria e Posa\u00e7me ka komunikuar zgjatjen e afateve hetimore p\u00ebr ish-z\u00ebvend\u00ebskryministrin Arben Ahmetaj, i cili po hetohet p\u00ebr dosjen e incenerator\u00ebve, n\u00eb nj\u00eb fraksion t\u00eb ndar\u00eb p\u00ebr korrupsion, pastrim parash dhe fshehje pasurie. Veprimet komplekse q\u00eb po kryen prokuroria e posa\u00e7me jan\u00eb b\u00ebr\u00eb shkak p\u00ebr t\u00eb shtyr\u00eb s\u00ebrish hetimet deri n\u00eb [&hellip;]<\/p>\n","protected":false,"gt_translate_keys":[{"key":"rendered","format":"html"}]},"author":32,"featured_media":662667,"comment_status":"closed","ping_status":"open","sticky":false,"template":"","format":"standard","meta":{"footnotes":""},"categories":[65],"tags":[],"class_list":["post-777546","post","type-post","status-publish","format-standard","has-post-thumbnail","hentry","category-lajme"],"gt_translate_keys":[{"key":"link","format":"url"}],"_links":{"self":[{"href":"https:\/\/www.hashtag.al\/index.php\/wp-json\/wp\/v2\/posts\/777546","targetHints":{"allow":["GET"]}}],"collection":[{"href":"https:\/\/www.hashtag.al\/index.php\/wp-json\/wp\/v2\/posts"}],"about":[{"href":"https:\/\/www.hashtag.al\/index.php\/wp-json\/wp\/v2\/types\/post"}],"author":[{"embeddable":true,"href":"https:\/\/www.hashtag.al\/index.php\/wp-json\/wp\/v2\/users\/32"}],"replies":[{"embeddable":true,"href":"https:\/\/www.hashtag.al\/index.php\/wp-json\/wp\/v2\/comments?post=777546"}],"version-history":[{"count":99999,"href":"https:\/\/www.hashtag.al\/index.php\/wp-json\/wp\/v2\/posts\/777546\/revisions"}],"predecessor-version":[{"id":777547,"href":"https:\/\/www.hashtag.al\/index.php\/wp-json\/wp\/v2\/posts\/777546\/revisions\/777547"}],"wp:featuredmedia":[{"embeddable":true,"href":"https:\/\/www.hashtag.al\/index.php\/wp-json\/wp\/v2\/media\/662667"}],"wp:attachment":[{"href":"https:\/\/www.hashtag.al\/index.php\/wp-json\/wp\/v2\/media?parent=777546"}],"wp:term":[{"taxonomy":"category","embeddable":true,"href":"https:\/\/www.hashtag.al\/index.php\/wp-json\/wp\/v2\/categories?post=777546"},{"taxonomy":"post_tag","embeddable":true,"href":"https:\/\/www.hashtag.al\/index.php\/wp-json\/wp\/v2\/tags?post=777546"}],"curies":[{"name":"wp","href":"https:\/\/api.w.org\/{rel}","templated":true}]}}