{"id":777494,"date":"2025-12-19T07:47:19","date_gmt":"2025-12-19T06:47:19","guid":{"rendered":"https:\/\/www.hashtag.al\/?p=777494"},"modified":"2025-12-19T07:47:19","modified_gmt":"2025-12-19T06:47:19","slug":"keshilli-i-mandateve-shqyrton-kerkesen-e-spak-per-arrestimin-e-belinda-ballukut","status":"publish","type":"post","link":"https:\/\/www.hashtag.al\/index.php\/2025\/12\/19\/keshilli-i-mandateve-shqyrton-kerkesen-e-spak-per-arrestimin-e-belinda-ballukut\/","title":{"rendered":"K\u00ebshilli i Mandateve shqyrton k\u00ebrkes\u00ebn e SPAK p\u00ebr arrestimin e Belinda Ballukut","gt_translate_keys":[{"key":"rendered","format":"text"}]},"content":{"rendered":"<p data-start=\"85\" data-end=\"317\"><span style=\"color: #000000;\"><img loading=\"lazy\" decoding=\"async\" class=\"size-full wp-image-768736 aligncenter\" src=\"https:\/\/www.hashtag.al\/wp-content\/uploads\/2025\/10\/1761903541_belindaballuku.jpeg\" alt=\"\" width=\"780\" height=\"440\" srcset=\"https:\/\/www.hashtag.al\/wp-content\/uploads\/2025\/10\/1761903541_belindaballuku.jpeg 780w, https:\/\/www.hashtag.al\/wp-content\/uploads\/2025\/10\/1761903541_belindaballuku-300x169.jpeg 300w, https:\/\/www.hashtag.al\/wp-content\/uploads\/2025\/10\/1761903541_belindaballuku-768x433.jpeg 768w\" sizes=\"auto, (max-width: 780px) 100vw, 780px\" \/><br \/>\nK\u00ebt\u00eb t\u00eb premte do t\u00eb mblidhet K\u00ebshilli p\u00ebr Rregulloren, Mandatet dhe Imunitetin n\u00eb Kuvend, ku do t\u00eb shqyrtohet k\u00ebrkesa e Prokuroris\u00eb s\u00eb Posa\u00e7me (SPAK) p\u00ebr dh\u00ebnien e autorizimit p\u00ebr arrestimin e z\u00ebvend\u00ebskryeministres Belinda Balluku.<\/span><\/p>\n<p data-start=\"319\" data-end=\"520\"><span style=\"color: #000000;\">Mbledhja \u00ebsht\u00eb parashikuar t\u00eb nis\u00eb n\u00eb or\u00ebn 10:30 dhe pritet t\u00eb zhvillohet n\u00eb nj\u00eb klim\u00eb t\u00eb tensionuar politike, p\u00ebr shkak t\u00eb pesh\u00ebs s\u00eb r\u00ebnd\u00eb t\u00eb akuzave dhe funksionit t\u00eb lart\u00eb shtet\u00ebror q\u00eb mban Balluku.<\/span><\/p>\n<p data-start=\"522\" data-end=\"811\"><span style=\"color: #000000;\">Z\u00ebvend\u00ebskryeministrja \u00ebsht\u00eb e pandehur p\u00ebr shkelje t\u00eb dyshuara n\u00eb procedurat e tenderit prej 190 milion\u00eb eurosh p\u00ebr nd\u00ebrtimin e Tunelit t\u00eb Llogaras\u00eb. Paralelisht, ajo ndodhet n\u00ebn hetim edhe p\u00ebr shtat\u00eb lotet e projektit t\u00eb Unaz\u00ebs s\u00eb Madhe, me nj\u00eb vler\u00eb totale prej rreth 450 milion\u00eb eurosh.<\/span><\/p>\n<p data-start=\"813\" data-end=\"1115\"><span style=\"color: #000000;\">Sipas SPAK, Balluku dyshohet se ka pasur rol aktiv n\u00eb p\u00ebrcaktimin e fituesve t\u00eb k\u00ebtyre tenderave, duke cenuar parimet e konkurrenc\u00ebs dhe ligjshm\u00ebris\u00eb n\u00eb prokurimet publike. Hetimet p\u00ebrfshijn\u00eb gjithashtu edhe tre tendera t\u00eb tjer\u00eb, p\u00ebr t\u00eb cil\u00ebt prokuroria dyshon se fituesit jan\u00eb p\u00ebrcaktuar paraprakisht.<\/span><\/p>\n<p data-start=\"1117\" data-end=\"1420\" data-is-last-node=\"\" data-is-only-node=\"\"><span style=\"color: #000000;\">Vendimi i K\u00ebshillit t\u00eb Mandateve dhe Imunitetit do t\u2019i hap\u00eb rrug\u00eb m\u00eb pas votimit n\u00eb seanc\u00eb plenare t\u00eb Kuvendit, i cili do t\u00eb vendos\u00eb n\u00ebse do t\u2019i jap\u00eb ose jo autorizim SPAK-ut p\u00ebr arrestimin e z\u00ebvend\u00ebskryeministres. \u00c7\u00ebshtja pritet t\u00eb ket\u00eb zhvillime t\u00eb forta politike dhe institucionale n\u00eb dit\u00ebt n\u00eb vijim.<\/span><\/p>\n","protected":false,"gt_translate_keys":[{"key":"rendered","format":"html"}]},"excerpt":{"rendered":"<p>K\u00ebt\u00eb t\u00eb premte do t\u00eb mblidhet K\u00ebshilli p\u00ebr Rregulloren, Mandatet dhe Imunitetin n\u00eb Kuvend, ku do t\u00eb shqyrtohet k\u00ebrkesa e Prokuroris\u00eb s\u00eb Posa\u00e7me (SPAK) p\u00ebr dh\u00ebnien e autorizimit p\u00ebr arrestimin e z\u00ebvend\u00ebskryeministres Belinda Balluku. Mbledhja \u00ebsht\u00eb parashikuar t\u00eb nis\u00eb n\u00eb or\u00ebn 10:30 dhe pritet t\u00eb zhvillohet n\u00eb nj\u00eb klim\u00eb t\u00eb tensionuar politike, p\u00ebr shkak t\u00eb [&hellip;]<\/p>\n","protected":false,"gt_translate_keys":[{"key":"rendered","format":"html"}]},"author":32,"featured_media":768736,"comment_status":"closed","ping_status":"open","sticky":false,"template":"","format":"standard","meta":{"footnotes":""},"categories":[65],"tags":[],"class_list":["post-777494","post","type-post","status-publish","format-standard","has-post-thumbnail","hentry","category-lajme"],"gt_translate_keys":[{"key":"link","format":"url"}],"_links":{"self":[{"href":"https:\/\/www.hashtag.al\/index.php\/wp-json\/wp\/v2\/posts\/777494","targetHints":{"allow":["GET"]}}],"collection":[{"href":"https:\/\/www.hashtag.al\/index.php\/wp-json\/wp\/v2\/posts"}],"about":[{"href":"https:\/\/www.hashtag.al\/index.php\/wp-json\/wp\/v2\/types\/post"}],"author":[{"embeddable":true,"href":"https:\/\/www.hashtag.al\/index.php\/wp-json\/wp\/v2\/users\/32"}],"replies":[{"embeddable":true,"href":"https:\/\/www.hashtag.al\/index.php\/wp-json\/wp\/v2\/comments?post=777494"}],"version-history":[{"count":99999,"href":"https:\/\/www.hashtag.al\/index.php\/wp-json\/wp\/v2\/posts\/777494\/revisions"}],"predecessor-version":[{"id":777495,"href":"https:\/\/www.hashtag.al\/index.php\/wp-json\/wp\/v2\/posts\/777494\/revisions\/777495"}],"wp:featuredmedia":[{"embeddable":true,"href":"https:\/\/www.hashtag.al\/index.php\/wp-json\/wp\/v2\/media\/768736"}],"wp:attachment":[{"href":"https:\/\/www.hashtag.al\/index.php\/wp-json\/wp\/v2\/media?parent=777494"}],"wp:term":[{"taxonomy":"category","embeddable":true,"href":"https:\/\/www.hashtag.al\/index.php\/wp-json\/wp\/v2\/categories?post=777494"},{"taxonomy":"post_tag","embeddable":true,"href":"https:\/\/www.hashtag.al\/index.php\/wp-json\/wp\/v2\/tags?post=777494"}],"curies":[{"name":"wp","href":"https:\/\/api.w.org\/{rel}","templated":true}]}}