{"id":777444,"date":"2025-12-18T20:37:08","date_gmt":"2025-12-18T19:37:08","guid":{"rendered":"https:\/\/www.hashtag.al\/?p=777444"},"modified":"2025-12-18T20:41:30","modified_gmt":"2025-12-18T19:41:30","slug":"krimi-ka-kapur-pushtetin-vetem-ne-llogara-u-grabiten-190-milione-euro-kellici-thirrje-qytetareve-per-protesten-e-22-dhjetorit","status":"publish","type":"post","link":"https:\/\/www.hashtag.al\/index.php\/2025\/12\/18\/krimi-ka-kapur-pushtetin-vetem-ne-llogara-u-grabiten-190-milione-euro-kellici-thirrje-qytetareve-per-protesten-e-22-dhjetorit\/","title":{"rendered":"\u201cKrimi ka kapur pushtetin, vet\u00ebm n\u00eb Llogara u grabit\u00ebn 190 milion\u00eb euro\u201d &#8211; K\u00eblli\u00e7i thirrje qytetar\u00ebve p\u00ebr protest\u00ebn e 22 dhjetorit","gt_translate_keys":[{"key":"rendered","format":"text"}]},"content":{"rendered":"<p><img loading=\"lazy\" decoding=\"async\" class=\"aligncenter size-full wp-image-777445\" src=\"https:\/\/www.hashtag.al\/wp-content\/uploads\/2025\/12\/598084376_1424128089074057_1922805480101132586_n.jpg\" alt=\"\" width=\"1200\" height=\"1600\" srcset=\"https:\/\/www.hashtag.al\/wp-content\/uploads\/2025\/12\/598084376_1424128089074057_1922805480101132586_n.jpg 1200w, https:\/\/www.hashtag.al\/wp-content\/uploads\/2025\/12\/598084376_1424128089074057_1922805480101132586_n-225x300.jpg 225w, https:\/\/www.hashtag.al\/wp-content\/uploads\/2025\/12\/598084376_1424128089074057_1922805480101132586_n-768x1024.jpg 768w, https:\/\/www.hashtag.al\/wp-content\/uploads\/2025\/12\/598084376_1424128089074057_1922805480101132586_n-1152x1536.jpg 1152w\" sizes=\"auto, (max-width: 1200px) 100vw, 1200px\" \/><\/p>\n<p><span style=\"color: #000000;\">Drejtuesi politik i PD-s\u00eb p\u00ebr Tiran\u00ebn Belind K\u00eblli\u00e7i \u00ebsht\u00eb takuar me banor\u00eb t\u00eb Nj\u00ebsis\u00eb 9 n\u00eb zon\u00ebn e Don Boskos. <\/span><\/p>\n<p><span style=\"color: #000000;\">Gjat\u00eb takimeve me qytetar\u00eb e biznese t\u00eb vogla ai ka theksuar se ka qindra arsye pse qytetar\u00ebt duhet t\u00eb protestojn\u00eb m\u00eb 22 dhjetor n\u00eb or\u00ebn 18:00 para kryeministris\u00eb. <\/span><\/p>\n<p><span style=\"color: #000000;\">K\u00eblli\u00e7i u tha qytetar\u00ebve se vet\u00ebm n\u00eb Tunelin e Llogaras\u00eb qytetar\u00ebve u jan\u00eb grabitur 190 milion\u00eb euro nd\u00ebrsa sipas raporteve nd\u00ebrkmb\u00ebtare, krimi i organizuar ka kapur majat e qeveris\u00eb.<\/span><\/p>\n<p><img loading=\"lazy\" decoding=\"async\" class=\"aligncenter size-full wp-image-777446\" src=\"https:\/\/www.hashtag.al\/wp-content\/uploads\/2025\/12\/600344368_1424128182407381_8109962084690196962_n.jpg\" alt=\"\" width=\"1200\" height=\"1600\" srcset=\"https:\/\/www.hashtag.al\/wp-content\/uploads\/2025\/12\/600344368_1424128182407381_8109962084690196962_n.jpg 1200w, https:\/\/www.hashtag.al\/wp-content\/uploads\/2025\/12\/600344368_1424128182407381_8109962084690196962_n-225x300.jpg 225w, https:\/\/www.hashtag.al\/wp-content\/uploads\/2025\/12\/600344368_1424128182407381_8109962084690196962_n-768x1024.jpg 768w, https:\/\/www.hashtag.al\/wp-content\/uploads\/2025\/12\/600344368_1424128182407381_8109962084690196962_n-1152x1536.jpg 1152w\" sizes=\"auto, (max-width: 1200px) 100vw, 1200px\" \/><\/p>\n<p><span style=\"color: #000000;\"><em>\u201cMe banor\u00ebt dhe bizneset e vogla t\u00eb zon\u00ebs s\u00eb Don Boskos, n\u00eb Nj\u00ebsin\u00eb nr.9, Tiran\u00eb. <\/em><\/span><\/p>\n<p><span style=\"color: #000000;\"><em>Arsyet se p\u00ebrse qytetar\u00ebt duhet t\u00eb dalin n\u00eb protest\u00ebn e s\u00eb h\u00ebn\u00ebs jan\u00eb t\u00eb pafundme: <\/em><\/span><\/p>\n<p><span style=\"color: #000000;\"><em>P\u00ebr arsye ekonomike.<\/em><\/span><\/p>\n<p><span style=\"color: #000000;\"><em>Ekonomia jote dhe e familjes t\u00ebnde sa vjen e r\u00ebndohet me inflacionin pa kontroll, rrogat n\u00eb stanjacion dhe ndihm\u00ebn sociale qesharake. N\u00eb t\u00eb nj\u00ebjt\u00ebn koh\u00eb kur qeveria zhytet n\u00eb luks, i lejon vetes t\u00eb abuzoj\u00eb me 190 milion\u00eb euro vet\u00ebm n\u00eb tunelin e Llogaras\u00eb.<\/em><\/span><\/p>\n<p><span style=\"color: #000000;\"><em>P\u00ebr sigurin\u00eb t\u00ebnde dhe t\u00eb familjes t\u00ebnde.<\/em><\/span><\/p>\n<p><span style=\"color: #000000;\"><em>Raportet dhe mediat euro-amerikane thon\u00eb hapur at\u00eb q\u00eb n\u00ebn z\u00eb e pohojn\u00eb t\u00eb gjith\u00eb: krimi ka akses n\u00eb majat e pushtetit dhe ka dal\u00eb jasht\u00eb kontrollit, duke rrezikuar jet\u00ebn dhe pron\u00ebn e qytetar\u00ebve.<\/em><\/span><\/p>\n<p><span style=\"color: #000000;\"><em>P\u00ebr arsye t\u00eb dinjitetit.<\/em><\/span><\/p>\n<p><span style=\"color: #000000;\"><em>Asnj\u00eb shoq\u00ebri funksionale nuk mund t\u00eb ngrihet mbi hajdut\u00ebrin\u00eb e normalizuar. N\u00eb nj\u00eb koh\u00eb kur qytetari i thjesht\u00eb p\u00ebrndiqet dhe kriminalizohet p\u00ebr \u00e7\u00ebshtjet m\u00eb banale, klika af\u00ebr kryeministrit mbrohet me forc\u00eb nga prangat e drejt\u00ebsis\u00eb dhe ligjit.<\/em><\/span><\/p>\n<p><span style=\"color: #000000;\"><em>P\u00ebr lirin\u00eb.<\/em><\/span><\/p>\n<p><span style=\"color: #000000;\"><em>Terrori ndaj administrat\u00ebs, kapja e mediave, e shoq\u00ebris\u00eb civile synojn\u00eb mbylljen e goj\u00ebs, shp\u00eblarjen e trurit dhe ndrydhjen e nd\u00ebrgjegjes s\u00eb lir\u00eb. A \u00ebsht\u00eb neodiktatura trash\u00ebgimia q\u00eb duam t\u2019i l\u00ebm\u00eb brezave?<\/em><\/span><\/p>\n<p><span style=\"color: #000000;\"><em>P\u00ebr demokracin\u00eb.<\/em><\/span><\/p>\n<p><span style=\"color: #000000;\"><em>T\u00eb gjitha m\u00eb lart p\u00ebrmblidhen tek institucionet demokratike. <\/em><\/span><\/p>\n<p><span style=\"color: #000000;\"><em>Llogaridh\u00ebnia, ndarja e pushteteve, parlamentarizmi. <\/em><\/span><\/p>\n<p><span style=\"color: #000000;\"><em>Vota e lir\u00eb.<\/em><\/span><\/p>\n<p><span style=\"color: #000000;\"><em>Kjo \u00ebsht\u00eb pika kritike e historis\u00eb shqiptare ku demokracia duhet ruajtur nga tirani i fundit i Ballkanit.<\/em><\/span><\/p>\n<p><span style=\"color: #000000;\"><em>T\u00eb h\u00ebn\u00ebn, dat\u00eb 22, ora 18:00, shihemi t\u00eb gjith\u00eb n\u00eb shesh.\u201d<\/em> &#8211; shkruan K\u00eblli\u00e7i.<\/span><\/p>\n<p><img loading=\"lazy\" decoding=\"async\" class=\"aligncenter size-full wp-image-777447\" src=\"https:\/\/www.hashtag.al\/wp-content\/uploads\/2025\/12\/602358054_1424128382407361_4975992381382539443_n.jpg\" alt=\"\" width=\"1200\" height=\"1600\" \/><img loading=\"lazy\" decoding=\"async\" class=\"aligncenter size-full wp-image-777448\" src=\"https:\/\/www.hashtag.al\/wp-content\/uploads\/2025\/12\/598108212_1424128222407377_1460710430438200492_n.jpg\" alt=\"\" width=\"1200\" height=\"1600\" srcset=\"https:\/\/www.hashtag.al\/wp-content\/uploads\/2025\/12\/598108212_1424128222407377_1460710430438200492_n.jpg 1200w, https:\/\/www.hashtag.al\/wp-content\/uploads\/2025\/12\/598108212_1424128222407377_1460710430438200492_n-225x300.jpg 225w, https:\/\/www.hashtag.al\/wp-content\/uploads\/2025\/12\/598108212_1424128222407377_1460710430438200492_n-768x1024.jpg 768w, https:\/\/www.hashtag.al\/wp-content\/uploads\/2025\/12\/598108212_1424128222407377_1460710430438200492_n-1152x1536.jpg 1152w\" sizes=\"auto, (max-width: 1200px) 100vw, 1200px\" \/><img loading=\"lazy\" decoding=\"async\" class=\"aligncenter size-full wp-image-777449\" src=\"https:\/\/www.hashtag.al\/wp-content\/uploads\/2025\/12\/600189346_1424128149074051_805011626145519073_n.jpg\" alt=\"\" width=\"1200\" height=\"1600\" srcset=\"https:\/\/www.hashtag.al\/wp-content\/uploads\/2025\/12\/600189346_1424128149074051_805011626145519073_n.jpg 1200w, https:\/\/www.hashtag.al\/wp-content\/uploads\/2025\/12\/600189346_1424128149074051_805011626145519073_n-225x300.jpg 225w, https:\/\/www.hashtag.al\/wp-content\/uploads\/2025\/12\/600189346_1424128149074051_805011626145519073_n-768x1024.jpg 768w, https:\/\/www.hashtag.al\/wp-content\/uploads\/2025\/12\/600189346_1424128149074051_805011626145519073_n-1152x1536.jpg 1152w\" sizes=\"auto, (max-width: 1200px) 100vw, 1200px\" \/><\/p>\n","protected":false,"gt_translate_keys":[{"key":"rendered","format":"html"}]},"excerpt":{"rendered":"<p>Drejtuesi politik i PD-s\u00eb p\u00ebr Tiran\u00ebn Belind K\u00eblli\u00e7i \u00ebsht\u00eb takuar me banor\u00eb t\u00eb Nj\u00ebsis\u00eb 9 n\u00eb zon\u00ebn e Don Boskos. Gjat\u00eb takimeve me qytetar\u00eb e biznese t\u00eb vogla ai ka theksuar se ka qindra arsye pse qytetar\u00ebt duhet t\u00eb protestojn\u00eb m\u00eb 22 dhjetor n\u00eb or\u00ebn 18:00 para kryeministris\u00eb. K\u00eblli\u00e7i u tha qytetar\u00ebve se vet\u00ebm n\u00eb [&hellip;]<\/p>\n","protected":false,"gt_translate_keys":[{"key":"rendered","format":"html"}]},"author":51,"featured_media":777447,"comment_status":"closed","ping_status":"open","sticky":false,"template":"","format":"standard","meta":{"footnotes":""},"categories":[65],"tags":[],"class_list":["post-777444","post","type-post","status-publish","format-standard","has-post-thumbnail","hentry","category-lajme"],"gt_translate_keys":[{"key":"link","format":"url"}],"_links":{"self":[{"href":"https:\/\/www.hashtag.al\/index.php\/wp-json\/wp\/v2\/posts\/777444","targetHints":{"allow":["GET"]}}],"collection":[{"href":"https:\/\/www.hashtag.al\/index.php\/wp-json\/wp\/v2\/posts"}],"about":[{"href":"https:\/\/www.hashtag.al\/index.php\/wp-json\/wp\/v2\/types\/post"}],"author":[{"embeddable":true,"href":"https:\/\/www.hashtag.al\/index.php\/wp-json\/wp\/v2\/users\/51"}],"replies":[{"embeddable":true,"href":"https:\/\/www.hashtag.al\/index.php\/wp-json\/wp\/v2\/comments?post=777444"}],"version-history":[{"count":99999,"href":"https:\/\/www.hashtag.al\/index.php\/wp-json\/wp\/v2\/posts\/777444\/revisions"}],"predecessor-version":[{"id":777450,"href":"https:\/\/www.hashtag.al\/index.php\/wp-json\/wp\/v2\/posts\/777444\/revisions\/777450"}],"wp:featuredmedia":[{"embeddable":true,"href":"https:\/\/www.hashtag.al\/index.php\/wp-json\/wp\/v2\/media\/777447"}],"wp:attachment":[{"href":"https:\/\/www.hashtag.al\/index.php\/wp-json\/wp\/v2\/media?parent=777444"}],"wp:term":[{"taxonomy":"category","embeddable":true,"href":"https:\/\/www.hashtag.al\/index.php\/wp-json\/wp\/v2\/categories?post=777444"},{"taxonomy":"post_tag","embeddable":true,"href":"https:\/\/www.hashtag.al\/index.php\/wp-json\/wp\/v2\/tags?post=777444"}],"curies":[{"name":"wp","href":"https:\/\/api.w.org\/{rel}","templated":true}]}}