{"id":777429,"date":"2025-12-18T19:39:28","date_gmt":"2025-12-18T18:39:28","guid":{"rendered":"https:\/\/www.hashtag.al\/?p=777429"},"modified":"2025-12-18T19:39:28","modified_gmt":"2025-12-18T18:39:28","slug":"aleatet-e-nato-s-bien-dakord-per-buxhetin-e-mbrojtjes","status":"publish","type":"post","link":"https:\/\/www.hashtag.al\/index.php\/2025\/12\/18\/aleatet-e-nato-s-bien-dakord-per-buxhetin-e-mbrojtjes\/","title":{"rendered":"Aleat\u00ebt e NATO-s bien dakord p\u00ebr buxhetin e mbrojtjes","gt_translate_keys":[{"key":"rendered","format":"text"}]},"content":{"rendered":"<p><img loading=\"lazy\" decoding=\"async\" class=\"aligncenter wp-image-777430 size-full\" src=\"https:\/\/www.hashtag.al\/wp-content\/uploads\/2025\/12\/nato-scaled.jpg\" alt=\"\" width=\"2560\" height=\"1700\" srcset=\"https:\/\/www.hashtag.al\/wp-content\/uploads\/2025\/12\/nato-scaled.jpg 2560w, https:\/\/www.hashtag.al\/wp-content\/uploads\/2025\/12\/nato-300x199.jpg 300w, https:\/\/www.hashtag.al\/wp-content\/uploads\/2025\/12\/nato-1024x680.jpg 1024w, https:\/\/www.hashtag.al\/wp-content\/uploads\/2025\/12\/nato-768x510.jpg 768w, https:\/\/www.hashtag.al\/wp-content\/uploads\/2025\/12\/nato-1536x1020.jpg 1536w, https:\/\/www.hashtag.al\/wp-content\/uploads\/2025\/12\/nato-2048x1360.jpg 2048w\" sizes=\"auto, (max-width: 2560px) 100vw, 2560px\" \/><\/p>\n<p><span style=\"color: #000000;\">Aleat\u00ebt e NATO-s kan\u00eb r\u00ebn\u00eb dakord p\u00ebr buxhetet e financuara bashk\u00ebrisht p\u00ebr vitin 2026, duke miratuar nj\u00eb rritje t\u00eb shpenzimeve q\u00eb synon forcimin e gatishm\u00ebris\u00eb dhe aft\u00ebsive ushtarake t\u00eb aleanc\u00ebs.<\/span><\/p>\n<p><span style=\"color: #000000;\">Sipas marr\u00ebveshjes, buxheti civil i NATO-s p\u00ebr vitin 2026 \u00ebsht\u00eb p\u00ebrcaktuar n\u00eb 528.2 milion\u00eb euro, ose rreth 623 milion\u00eb dollar\u00eb, nd\u00ebrsa buxheti ushtarak do t\u00eb arrij\u00eb n\u00eb 2.42 miliard\u00eb euro, duke e \u00e7uar totalin e shpenzimeve t\u00eb p\u00ebrbashk\u00ebta pran\u00eb 3 miliard\u00eb dollar\u00ebve. Vendimi u mor t\u00eb mart\u00ebn gjat\u00eb nj\u00eb mbledhjeje t\u00eb K\u00ebshillit t\u00eb Atlantikut t\u00eb Veriut.<\/span><\/p>\n<p><span style=\"color: #000000;\"> N\u00eb nj\u00eb deklarat\u00eb zyrtare, NATO theksoi se buxhetet e miratuara p\u00ebr vitin 2026 do t\u00eb mb\u00ebshtesin aft\u00ebsit\u00eb kritike t\u00eb aleanc\u00ebs dhe do t\u00eb promovojn\u00eb gatishm\u00ebrin\u00eb, me synimin p\u00ebr ta b\u00ebr\u00eb NATO-n \u201cm\u00eb t\u00eb fort\u00eb, m\u00eb t\u00eb drejt\u00eb dhe m\u00eb t\u00eb frikshme\u201d.<\/span><\/p>\n<p><span style=\"color: #000000;\"> Sipas deklarat\u00ebs, financimi do t\u00eb kontribuoj\u00eb n\u00eb p\u00ebrshtatjen ushtarake t\u00eb NATO-s, p\u00ebrmir\u00ebsimin e nd\u00ebrveprueshm\u00ebris\u00eb mes forcave aleate, si dhe n\u00eb forcimin e parandalimit, menaxhimit t\u00eb krizave dhe siguris\u00eb bashk\u00ebpunuese. <\/span><\/p>\n<p><span style=\"color: #000000;\">Buxheti do t\u00eb p\u00ebrdoret gjithashtu p\u00ebr mb\u00ebshtetjen e Struktur\u00ebs s\u00eb Integruar t\u00eb Komand\u00ebs t\u00eb NATO-s, p\u00ebr st\u00ebrvitjet dhe ushtrimet e udh\u00ebhequra nga aleanca, p\u00ebr operacionet dhe misionet e saj, si dhe p\u00ebr nisma q\u00eb synojn\u00eb rritjen e kapaciteteve t\u00eb vendeve partnere, shkruan <span style=\"color: #0000ff;\"><strong>Anadolu Agency<\/strong><\/span>.<\/span><\/p>\n","protected":false,"gt_translate_keys":[{"key":"rendered","format":"html"}]},"excerpt":{"rendered":"<p>Aleat\u00ebt e NATO-s kan\u00eb r\u00ebn\u00eb dakord p\u00ebr buxhetet e financuara bashk\u00ebrisht p\u00ebr vitin 2026, duke miratuar nj\u00eb rritje t\u00eb shpenzimeve q\u00eb synon forcimin e gatishm\u00ebris\u00eb dhe aft\u00ebsive ushtarake t\u00eb aleanc\u00ebs. Sipas marr\u00ebveshjes, buxheti civil i NATO-s p\u00ebr vitin 2026 \u00ebsht\u00eb p\u00ebrcaktuar n\u00eb 528.2 milion\u00eb euro, ose rreth 623 milion\u00eb dollar\u00eb, nd\u00ebrsa buxheti ushtarak do t\u00eb [&hellip;]<\/p>\n","protected":false,"gt_translate_keys":[{"key":"rendered","format":"html"}]},"author":51,"featured_media":777430,"comment_status":"closed","ping_status":"open","sticky":false,"template":"","format":"standard","meta":{"footnotes":""},"categories":[53],"tags":[],"class_list":["post-777429","post","type-post","status-publish","format-standard","has-post-thumbnail","hentry","category-fast-foodi"],"gt_translate_keys":[{"key":"link","format":"url"}],"_links":{"self":[{"href":"https:\/\/www.hashtag.al\/index.php\/wp-json\/wp\/v2\/posts\/777429","targetHints":{"allow":["GET"]}}],"collection":[{"href":"https:\/\/www.hashtag.al\/index.php\/wp-json\/wp\/v2\/posts"}],"about":[{"href":"https:\/\/www.hashtag.al\/index.php\/wp-json\/wp\/v2\/types\/post"}],"author":[{"embeddable":true,"href":"https:\/\/www.hashtag.al\/index.php\/wp-json\/wp\/v2\/users\/51"}],"replies":[{"embeddable":true,"href":"https:\/\/www.hashtag.al\/index.php\/wp-json\/wp\/v2\/comments?post=777429"}],"version-history":[{"count":99999,"href":"https:\/\/www.hashtag.al\/index.php\/wp-json\/wp\/v2\/posts\/777429\/revisions"}],"predecessor-version":[{"id":777431,"href":"https:\/\/www.hashtag.al\/index.php\/wp-json\/wp\/v2\/posts\/777429\/revisions\/777431"}],"wp:featuredmedia":[{"embeddable":true,"href":"https:\/\/www.hashtag.al\/index.php\/wp-json\/wp\/v2\/media\/777430"}],"wp:attachment":[{"href":"https:\/\/www.hashtag.al\/index.php\/wp-json\/wp\/v2\/media?parent=777429"}],"wp:term":[{"taxonomy":"category","embeddable":true,"href":"https:\/\/www.hashtag.al\/index.php\/wp-json\/wp\/v2\/categories?post=777429"},{"taxonomy":"post_tag","embeddable":true,"href":"https:\/\/www.hashtag.al\/index.php\/wp-json\/wp\/v2\/tags?post=777429"}],"curies":[{"name":"wp","href":"https:\/\/api.w.org\/{rel}","templated":true}]}}