{"id":777419,"date":"2025-12-18T18:30:53","date_gmt":"2025-12-18T17:30:53","guid":{"rendered":"https:\/\/www.hashtag.al\/?p=777419"},"modified":"2025-12-18T18:30:53","modified_gmt":"2025-12-18T17:30:53","slug":"tenderat-ne-akshi-gjkko-le-ne-arrest-shtepie-drejtoreshen-mirlinda-karcanaj","status":"publish","type":"post","link":"https:\/\/www.hashtag.al\/index.php\/2025\/12\/18\/tenderat-ne-akshi-gjkko-le-ne-arrest-shtepie-drejtoreshen-mirlinda-karcanaj\/","title":{"rendered":"Tenderat n\u00eb AKSHI, GJKKO l\u00eb n\u00eb arrest sht\u00ebpie drejtoresh\u00ebn Mirlinda Kar\u00e7anaj","gt_translate_keys":[{"key":"rendered","format":"text"}]},"content":{"rendered":"<p><span style=\"color: #000000;\"><img loading=\"lazy\" decoding=\"async\" class=\"alignnone size-full wp-image-777420\" src=\"https:\/\/www.hashtag.al\/wp-content\/uploads\/2025\/12\/karcanaj-spak-dssh.jpg\" alt=\"\" width=\"1280\" height=\"904\" srcset=\"https:\/\/www.hashtag.al\/wp-content\/uploads\/2025\/12\/karcanaj-spak-dssh.jpg 1280w, https:\/\/www.hashtag.al\/wp-content\/uploads\/2025\/12\/karcanaj-spak-dssh-300x212.jpg 300w, https:\/\/www.hashtag.al\/wp-content\/uploads\/2025\/12\/karcanaj-spak-dssh-1024x723.jpg 1024w, https:\/\/www.hashtag.al\/wp-content\/uploads\/2025\/12\/karcanaj-spak-dssh-768x542.jpg 768w\" sizes=\"auto, (max-width: 1280px) 100vw, 1280px\" \/><\/span><\/p>\n<p><span style=\"color: #000000;\">Ka p\u00ebrfunduar n\u00eb Gjykat\u00ebn e Posa\u00e7me kund\u00ebr Korrupsionit dhe Krimit t\u00eb Organizuar procesi p\u00ebr konfirmimin e masave t\u00eb siguris\u00eb ndaj personave t\u00eb pandehur n\u00eb kuad\u00ebr t\u00eb skandalit t\u00eb tenderave n\u00eb Agjencin\u00eb Komb\u00ebtare t\u00eb Shoq\u00ebris\u00eb s\u00eb Informacionit.<\/span><\/p>\n<p><span style=\"color: #000000;\">Gjykata la n\u00eb fuqi mas\u00ebn e siguris\u00eb \u201carrest sht\u00ebpie\u201d p\u00ebr drejtoresh\u00ebn e AKSHI-t, Mirlinda Kar\u00e7anaj, e cila akuzohet p\u00ebr shkelje t\u00eb barazis\u00eb n\u00eb tendera, pjes\u00ebmarrje n\u00eb grup t\u00eb strukturuar kriminal dhe kryerje veprash penale n\u00eb kuad\u00ebr t\u00eb organizat\u00ebs kriminale.<\/span><\/p>\n<p><span style=\"color: #000000;\">N\u00eb t\u00eb nj\u00ebjt\u00ebn mas\u00eb sigurie \u00ebsht\u00eb l\u00ebn\u00eb edhe z\u00ebvend\u00ebsdrejtoresha e AKSHI-t, Hava Delibashi, ndaj s\u00eb cil\u00ebs r\u00ebndojn\u00eb t\u00eb nj\u00ebjtat akuza.<\/span><\/p>\n<p><span style=\"color: #000000;\">Po ashtu, GJKKO konfirmoi pezullimin nga detyra t\u00eb drejtorit p\u00ebr Hetimin e Krimit n\u00eb Policin\u00eb e Tiran\u00ebs, Erion Ismaili, i akuzuar nga SPAK p\u00ebr konkurrenc\u00eb t\u00eb paligjshme n\u00ebp\u00ebrmjet dhun\u00ebs t\u00eb kryer n\u00eb form\u00ebn e grupit kriminal, pjes\u00ebmarrje n\u00eb grup t\u00eb strukturuar kriminal dhe kryerje veprash penale n\u00eb kuad\u00ebr t\u00eb organizat\u00ebs kriminale.<\/span><\/p>\n<p><span style=\"color: #000000;\">Gjykata la n\u00eb fuqi edhe masat e \u201carrestit n\u00eb burg\u201d p\u00ebr dy biznesmen\u00ebt n\u00eb k\u00ebrkim, Ergys Agasi dhe Ermal Beqiri, t\u00eb cil\u00ebt akuzohen p\u00ebr gjasht\u00eb vepra penale, p\u00ebrfshir\u00eb pastrim parash, shkelje t\u00eb barazis\u00eb n\u00eb tendera n\u00eb bashk\u00ebpunim, heqje t\u00eb paligjshme t\u00eb liris\u00eb, konkurrenc\u00eb t\u00eb paligjshme n\u00ebp\u00ebrmjet dhun\u00ebs dhe pjes\u00ebmarrje n\u00eb grup t\u00eb strukturuar kriminal.<\/span><\/p>\n<p><span style=\"color: #000000;\">Nd\u00ebrkoh\u00eb, p\u00ebr Andis Papa, G\u00ebzim Hoxha dhe Rogers Rryta \u00ebsht\u00eb konfirmuar masa e ndalimit t\u00eb daljes jasht\u00eb vendit. Ata akuzohen p\u00ebr pastrim parash dhe p\u00ebrfshirje n\u00eb grup t\u00eb strukturuar kriminal.<\/span><\/p>\n<p><span style=\"color: #000000;\">Sipas SPAK, t\u00eb pandehurit kan\u00eb vepruar si grup kriminal duke ushtruar presion dhe shantazh ndaj p\u00ebrfaq\u00ebsuesve t\u00eb kompanive pjes\u00ebmarr\u00ebse n\u00eb tendera, me q\u00ebllim detyrimin e tyre p\u00ebr t\u00eb hequr dor\u00eb nga ankimet dhe p\u00ebr t\u2019u hapur rrug\u00ebn kompanive t\u00eb paracaktuara.<\/span><\/p>\n<p><span style=\"color: #000000;\">Prokuroria e Posa\u00e7me dyshon se Ergys Agasi dhe Ermal Beqiri kan\u00eb p\u00ebrdorur edhe pengmarrjen dhe k\u00ebrc\u00ebnimet p\u00ebr t\u00eb detyruar Gerond Me\u00e7en t\u00eb t\u00ebrhiqej nga tenderat n\u00eb AKSHI.<\/span><\/p>\n<p><span style=\"color: #000000;\">Hetimet tregojn\u00eb se, me ndihm\u00ebn e drejtuesve t\u00eb agjencis\u00eb, kriteret e tenderave jan\u00eb p\u00ebrshtatur n\u00eb m\u00ebnyr\u00eb t\u00eb till\u00eb q\u00eb t\u00eb favorizonin kompanit\u00eb e Ermal Beqirit, nd\u00ebrsa grupi dyshohet se ka pastruar miliona euro p\u00ebrmes k\u00ebtyre procedurave.<\/span><\/p>\n","protected":false,"gt_translate_keys":[{"key":"rendered","format":"html"}]},"excerpt":{"rendered":"<p>Ka p\u00ebrfunduar n\u00eb Gjykat\u00ebn e Posa\u00e7me kund\u00ebr Korrupsionit dhe Krimit t\u00eb Organizuar procesi p\u00ebr konfirmimin e masave t\u00eb siguris\u00eb ndaj personave t\u00eb pandehur n\u00eb kuad\u00ebr t\u00eb skandalit t\u00eb tenderave n\u00eb Agjencin\u00eb Komb\u00ebtare t\u00eb Shoq\u00ebris\u00eb s\u00eb Informacionit. Gjykata la n\u00eb fuqi mas\u00ebn e siguris\u00eb \u201carrest sht\u00ebpie\u201d p\u00ebr drejtoresh\u00ebn e AKSHI-t, Mirlinda Kar\u00e7anaj, e cila akuzohet p\u00ebr [&hellip;]<\/p>\n","protected":false,"gt_translate_keys":[{"key":"rendered","format":"html"}]},"author":32,"featured_media":777420,"comment_status":"closed","ping_status":"open","sticky":false,"template":"","format":"standard","meta":{"footnotes":""},"categories":[65],"tags":[],"class_list":["post-777419","post","type-post","status-publish","format-standard","has-post-thumbnail","hentry","category-lajme"],"gt_translate_keys":[{"key":"link","format":"url"}],"_links":{"self":[{"href":"https:\/\/www.hashtag.al\/index.php\/wp-json\/wp\/v2\/posts\/777419","targetHints":{"allow":["GET"]}}],"collection":[{"href":"https:\/\/www.hashtag.al\/index.php\/wp-json\/wp\/v2\/posts"}],"about":[{"href":"https:\/\/www.hashtag.al\/index.php\/wp-json\/wp\/v2\/types\/post"}],"author":[{"embeddable":true,"href":"https:\/\/www.hashtag.al\/index.php\/wp-json\/wp\/v2\/users\/32"}],"replies":[{"embeddable":true,"href":"https:\/\/www.hashtag.al\/index.php\/wp-json\/wp\/v2\/comments?post=777419"}],"version-history":[{"count":99999,"href":"https:\/\/www.hashtag.al\/index.php\/wp-json\/wp\/v2\/posts\/777419\/revisions"}],"predecessor-version":[{"id":777421,"href":"https:\/\/www.hashtag.al\/index.php\/wp-json\/wp\/v2\/posts\/777419\/revisions\/777421"}],"wp:featuredmedia":[{"embeddable":true,"href":"https:\/\/www.hashtag.al\/index.php\/wp-json\/wp\/v2\/media\/777420"}],"wp:attachment":[{"href":"https:\/\/www.hashtag.al\/index.php\/wp-json\/wp\/v2\/media?parent=777419"}],"wp:term":[{"taxonomy":"category","embeddable":true,"href":"https:\/\/www.hashtag.al\/index.php\/wp-json\/wp\/v2\/categories?post=777419"},{"taxonomy":"post_tag","embeddable":true,"href":"https:\/\/www.hashtag.al\/index.php\/wp-json\/wp\/v2\/tags?post=777419"}],"curies":[{"name":"wp","href":"https:\/\/api.w.org\/{rel}","templated":true}]}}