{"id":777378,"date":"2025-12-18T13:53:14","date_gmt":"2025-12-18T12:53:14","guid":{"rendered":"https:\/\/www.hashtag.al\/?p=777378"},"modified":"2025-12-18T13:53:14","modified_gmt":"2025-12-18T12:53:14","slug":"peleshi-parlamenti-nuk-eshte-arena-per-betejat-personale","status":"publish","type":"post","link":"https:\/\/www.hashtag.al\/index.php\/2025\/12\/18\/peleshi-parlamenti-nuk-eshte-arena-per-betejat-personale\/","title":{"rendered":"Peleshi: Parlamenti nuk \u00ebsht\u00eb arena p\u00ebr betejat personale","gt_translate_keys":[{"key":"rendered","format":"text"}]},"content":{"rendered":"<p data-start=\"129\" data-end=\"448\"><span style=\"color: #000000;\"><img loading=\"lazy\" decoding=\"async\" class=\"aligncenter size-full wp-image-777379\" src=\"https:\/\/www.hashtag.al\/wp-content\/uploads\/2025\/12\/6943ef241a40cWhatsApp-Image-2025-12-18-at-13.06.31.jpeg\" alt=\"\" width=\"1280\" height=\"853\" srcset=\"https:\/\/www.hashtag.al\/wp-content\/uploads\/2025\/12\/6943ef241a40cWhatsApp-Image-2025-12-18-at-13.06.31.jpeg 1280w, https:\/\/www.hashtag.al\/wp-content\/uploads\/2025\/12\/6943ef241a40cWhatsApp-Image-2025-12-18-at-13.06.31-300x200.jpeg 300w, https:\/\/www.hashtag.al\/wp-content\/uploads\/2025\/12\/6943ef241a40cWhatsApp-Image-2025-12-18-at-13.06.31-1024x682.jpeg 1024w, https:\/\/www.hashtag.al\/wp-content\/uploads\/2025\/12\/6943ef241a40cWhatsApp-Image-2025-12-18-at-13.06.31-768x512.jpeg 768w\" sizes=\"auto, (max-width: 1280px) 100vw, 1280px\" \/><\/span><\/p>\n<p data-start=\"129\" data-end=\"448\"><span style=\"color: #000000;\">Kryetari i Kuvendit, Niko Peleshi, reagoi pas seanc\u00ebs plenare t\u00eb sotme, e cila u shoq\u00ebrua me tensione dhe kaos t\u00eb shkaktuar nga opozita. <\/span><\/p>\n<p data-start=\"129\" data-end=\"448\"><span style=\"color: #000000;\">Ai theksoi se interesi i shtetit duhet t\u00eb prevaloj\u00eb mbi interesat politike dhe se deputet\u00ebt duhet t\u00eb mbajn\u00eb p\u00ebrgjegj\u00ebsi p\u00ebr sjellje q\u00eb cenojn\u00eb dinjitetin dhe funksionimin e Kuvendit.<\/span><\/p>\n<p><span style=\"color: #000000;\"><strong>Reagimi:<\/strong><\/span><\/p>\n<p><span style=\"color: #000000;\"><em>Kuvendi i Shqip\u00ebris\u00eb nuk \u00ebsht\u00eb thjesht nj\u00eb vend debatesh, por institucioni ku fjala dhe sjelljet e deputet\u00ebve duhet t\u00eb mbajn\u00eb e d\u00ebshmojn\u00eb pesh\u00ebn e p\u00ebrgjegj\u00ebsis\u00eb dhe t\u2019u sh\u00ebrbejn\u00eb mir\u00ebkuptimit, jo p\u00ebr\u00e7arjes. <\/em><\/span><\/p>\n<p><span style=\"color: #000000;\"><em>\u00c7do sjellje q\u00eb shkel etik\u00ebn, respektin dhe rregullat e funksionimit t\u00eb Kuvendit d\u00ebmton r\u00ebnd\u00eb dinjitetin, c\u00ebnon p\u00ebrfaq\u00ebsimin dhe besimin e qytetar\u00ebve. Detyrimi yn\u00eb \u00ebsht\u00eb t\u00eb bashk\u00ebpunojm\u00eb p\u00ebr zgjidhje n\u00eb t\u00eb mir\u00eb t\u00eb vendit, t\u00eb zhvillojm\u00eb dialog serioz, jo t\u00eb krijojm\u00eb kaos.<\/em><\/span><\/p>\n<p><span style=\"color: #000000;\"><em>Mbi interesin politik q\u00ebndron interesi i shtetit. Asnj\u00eb forc\u00eb politike nuk mund t\u00eb pretendoj\u00eb se p\u00ebrfaq\u00ebson e vetme t\u00eb v\u00ebrtet\u00ebn dhe asnj\u00eb ndarje partiake nuk duhet t\u00eb na b\u00ebj\u00eb t\u00eb harrojm\u00eb se t\u00eb gjith\u00eb sh\u00ebrbejm\u00eb p\u00ebr t\u00eb nj\u00ebjtin vend dhe p\u00ebr t\u00eb nj\u00ebjt\u00ebt qytetar\u00eb.<\/em><\/span><\/p>\n<p><span style=\"color: #000000;\"><em> Institucionet e Republik\u00ebs jan\u00eb vler\u00eb e p\u00ebrbashk\u00ebt, jo arena p\u00ebr beteja personale apo partiake. Ruajtja, forcimi dhe respektimi i tyre \u00ebsht\u00eb p\u00ebrgjegj\u00ebsi q\u00eb na bashkon p\u00ebrtej ndarjeve tona politike. <\/em><\/span><\/p>\n<p><span style=\"color: #000000;\"><em>Vet\u00ebm kur e v\u00ebm\u00eb shtetin mbi partin\u00eb, mund t\u00eb nd\u00ebrtojm\u00eb nj\u00eb Shqip\u00ebri m\u00eb t\u00eb fort\u00eb p\u00ebr brezat q\u00eb vijn\u00eb. Respekti p\u00ebr Kuvendin \u00ebsht\u00eb respekt p\u00ebr Republik\u00ebn, respekt p\u00ebr qytetar\u00ebt.<\/em><\/span><\/p>\n<p><span style=\"color: #000000;\"><em>Mir\u00ebnjohje p\u00ebr punonj\u00ebsit e Gard\u00ebs s\u00eb Republik\u00ebs dhe t\u00eb sh\u00ebrbimeve t\u00eb Kuvendit, p\u00ebr korrektes\u00ebn dhe p\u00ebrgjegj\u00ebsin\u00eb n\u00eb kryerjen e detyr\u00ebs.<\/em><\/span><\/p>\n","protected":false,"gt_translate_keys":[{"key":"rendered","format":"html"}]},"excerpt":{"rendered":"<p>Kryetari i Kuvendit, Niko Peleshi, reagoi pas seanc\u00ebs plenare t\u00eb sotme, e cila u shoq\u00ebrua me tensione dhe kaos t\u00eb shkaktuar nga opozita. Ai theksoi se interesi i shtetit duhet t\u00eb prevaloj\u00eb mbi interesat politike dhe se deputet\u00ebt duhet t\u00eb mbajn\u00eb p\u00ebrgjegj\u00ebsi p\u00ebr sjellje q\u00eb cenojn\u00eb dinjitetin dhe funksionimin e Kuvendit. Reagimi: Kuvendi i Shqip\u00ebris\u00eb [&hellip;]<\/p>\n","protected":false,"gt_translate_keys":[{"key":"rendered","format":"html"}]},"author":49,"featured_media":777379,"comment_status":"closed","ping_status":"open","sticky":false,"template":"","format":"standard","meta":{"footnotes":""},"categories":[65],"tags":[],"class_list":["post-777378","post","type-post","status-publish","format-standard","has-post-thumbnail","hentry","category-lajme"],"gt_translate_keys":[{"key":"link","format":"url"}],"_links":{"self":[{"href":"https:\/\/www.hashtag.al\/index.php\/wp-json\/wp\/v2\/posts\/777378","targetHints":{"allow":["GET"]}}],"collection":[{"href":"https:\/\/www.hashtag.al\/index.php\/wp-json\/wp\/v2\/posts"}],"about":[{"href":"https:\/\/www.hashtag.al\/index.php\/wp-json\/wp\/v2\/types\/post"}],"author":[{"embeddable":true,"href":"https:\/\/www.hashtag.al\/index.php\/wp-json\/wp\/v2\/users\/49"}],"replies":[{"embeddable":true,"href":"https:\/\/www.hashtag.al\/index.php\/wp-json\/wp\/v2\/comments?post=777378"}],"version-history":[{"count":99999,"href":"https:\/\/www.hashtag.al\/index.php\/wp-json\/wp\/v2\/posts\/777378\/revisions"}],"predecessor-version":[{"id":777380,"href":"https:\/\/www.hashtag.al\/index.php\/wp-json\/wp\/v2\/posts\/777378\/revisions\/777380"}],"wp:featuredmedia":[{"embeddable":true,"href":"https:\/\/www.hashtag.al\/index.php\/wp-json\/wp\/v2\/media\/777379"}],"wp:attachment":[{"href":"https:\/\/www.hashtag.al\/index.php\/wp-json\/wp\/v2\/media?parent=777378"}],"wp:term":[{"taxonomy":"category","embeddable":true,"href":"https:\/\/www.hashtag.al\/index.php\/wp-json\/wp\/v2\/categories?post=777378"},{"taxonomy":"post_tag","embeddable":true,"href":"https:\/\/www.hashtag.al\/index.php\/wp-json\/wp\/v2\/tags?post=777378"}],"curies":[{"name":"wp","href":"https:\/\/api.w.org\/{rel}","templated":true}]}}